{"id":67604,"date":"2019-11-15T12:16:00","date_gmt":"2019-11-15T17:16:00","guid":{"rendered":"https:\/\/linitiative.ca\/International\/habib-jemli-charge-de-former-le-nouveau-gouvernement-album-photos\/"},"modified":"2019-11-15T12:16:00","modified_gmt":"2019-11-15T17:16:00","slug":"habib-jemli-charge-de-former-le-nouveau-gouvernement-album-photos","status":"publish","type":"post","link":"https:\/\/linitiative.ca\/International\/habib-jemli-charge-de-former-le-nouveau-gouvernement-album-photos\/","title":{"rendered":"Habib Jemli  charg\u00e9 de former le nouveau gouvernement (Album Photos)"},"content":{"rendered":"<p>Le pr\u00e9sident de la R\u00e9publique a re\u00e7u ce vendredi apr\u00e8s midi, Habib Jemli et l&rsquo;a charg\u00e9 de former le nouveau gouvernement.<br \/>Conform\u00e9ment aux dispositions de la constitution, le chef de l\u2019Etat avait,auparavant, re\u00e7u le pr\u00e9sident du mouvement Ennahdha, Rached Ghannouchi, en tant que parti ayant obtenu le plus grand nombre de si\u00e8ges \u00e0 l\u2019assembl\u00e9e qui\u00a0 l\u2019avait inform\u00e9\u00a0 du choix de Habib Jemli \u00e0 la pr\u00e9sidence du gouvernement.<\/p>\n<p>\u00a0<br \/>\nAuteur:<br \/>\n<a href=\"https:\/\/www.leaders.com.tn\/article\/28427-habib-jemli-charge-de-former-le-nouveau-gouvernement-album-photos\">Cliquez ici pour lire l&rsquo;article depuis sa source.<\/a><\/p>\n","protected":false},"excerpt":{"rendered":"<p>Le pr\u00e9sident de la R\u00e9publique a re\u00e7u ce vendredi apr\u00e8s midi, Habib Jemli et l&rsquo;a charg\u00e9 de former le nouveau gouvernement.Conform\u00e9ment aux dispositions de la constitution, le chef de l\u2019Etat avait,auparavant, re\u00e7u le pr\u00e9sident du mouvement Ennahdha, Rached Ghannouchi, en tant que parti ayant obtenu le plus grand nombre de si\u00e8ges \u00e0 l\u2019assembl\u00e9e qui\u00a0 l\u2019avait [&hellip;]<\/p>\n","protected":false},"author":1772,"featured_media":0,"comment_status":"closed","ping_status":"closed","sticky":false,"template":"","format":"standard","meta":{"fifu_image_url":"","fifu_image_alt":"","footnotes":""},"categories":[73,55],"tags":[],"class_list":["post-67604","post","type-post","status-publish","format-standard","hentry","category-actualite","category-tunisie"],"_links":{"self":[{"href":"https:\/\/linitiative.ca\/International\/wp-json\/wp\/v2\/posts\/67604","targetHints":{"allow":["GET"]}}],"collection":[{"href":"https:\/\/linitiative.ca\/International\/wp-json\/wp\/v2\/posts"}],"about":[{"href":"https:\/\/linitiative.ca\/International\/wp-json\/wp\/v2\/types\/post"}],"author":[{"embeddable":true,"href":"https:\/\/linitiative.ca\/International\/wp-json\/wp\/v2\/users\/1772"}],"replies":[{"embeddable":true,"href":"https:\/\/linitiative.ca\/International\/wp-json\/wp\/v2\/comments?post=67604"}],"version-history":[{"count":0,"href":"https:\/\/linitiative.ca\/International\/wp-json\/wp\/v2\/posts\/67604\/revisions"}],"wp:attachment":[{"href":"https:\/\/linitiative.ca\/International\/wp-json\/wp\/v2\/media?parent=67604"}],"wp:term":[{"taxonomy":"category","embeddable":true,"href":"https:\/\/linitiative.ca\/International\/wp-json\/wp\/v2\/categories?post=67604"},{"taxonomy":"post_tag","embeddable":true,"href":"https:\/\/linitiative.ca\/International\/wp-json\/wp\/v2\/tags?post=67604"}],"curies":[{"name":"wp","href":"https:\/\/api.w.org\/{rel}","templated":true}]}}