{"id":67608,"date":"2019-11-15T12:35:02","date_gmt":"2019-11-15T17:35:02","guid":{"rendered":"https:\/\/linitiative.ca\/International\/le-president-du-sierra-leone-julius-maada-visite-le-port-tanger-med\/"},"modified":"2019-11-15T12:35:02","modified_gmt":"2019-11-15T17:35:02","slug":"le-president-du-sierra-leone-julius-maada-visite-le-port-tanger-med","status":"publish","type":"post","link":"https:\/\/linitiative.ca\/International\/le-president-du-sierra-leone-julius-maada-visite-le-port-tanger-med\/","title":{"rendered":"Le Pr\u00e9sident du Sierra Leone Julius Maada visite le port Tanger Med"},"content":{"rendered":"<p><strong>Le Pr\u00e9sident du Sierra Leone Julius Maada a \u00e9t\u00e9 re\u00e7u par Fouad Brini, Pr\u00e9sident de Tanger Med pour une pr\u00e9sentation et visite des installations portuaires.<\/strong><\/p>\n<div class=\"c10\"\/>\n<p>Apr\u00e8s la visite, hier, du Pr\u00e9sident de la R\u00e9publique du S\u00e9n\u00e9gal, Macky Sall, le Pr\u00e9sident du Sierra Leone, accompagn\u00e9 d\u2019une d\u00e9l\u00e9gation de hauts officiels de son pays, a tenu \u00e0 visiter l\u2019infrastructure portuaire leader en Afrique, en marge de sa participation au Forum MEDays. Maada \u00e9tait arriv\u00e9, jeudi \u00e0 Tanger, pour participer \u00e0 la 12\u00e8me \u00e9dition de cette rencontre internationale.<\/p>\n<p>Lire aussi : <a href=\"https:\/\/www.challenge.ma\/macky-sall-prime-a-medays-123245\/\">Macky Sall visite Tanger Med<\/a><\/p>\n<p>La participation du Sierra Leone au Forum International MEDays s\u2019inscrit dans le cadre de la coop\u00e9ration avec le Royaume du Maroc et ceci en vue de renforcer davantage les relations notamment dans le secteur \u00e9conomique, a-t-il soulign\u00e9 dans une d\u00e9claration \u00e0 la presse.<\/p>\n<p>La 12\u00e8 \u00e9dition du Forum international MEDays, plac\u00e9e sous le Haut patronage de SM le Roi Mohammed VI, se tient du 13 au 16 novembre \u00e0 Tanger, sous le th\u00e8me \u00ab\u00a0Crise globale de confiance: faire face aux incertitudes et \u00e0 la subversion\u00a0\u00bb avec au programme une s\u00e9rie de th\u00e9matiques allant de la croissance \u00e9conomique \u00e0 la complexit\u00e9 du dialogue Nord-Sud, en passant par les d\u00e9fis s\u00e9curitaires.<\/p>\n<div class=\"c17\">\n<fieldset class=\"c16\">\n<legend><strong><span class=\"c11\">Challenge<\/span><span class=\"c12\">news<\/span><\/strong><\/legend>\n<div class=\"c15\">Le meilleur de Challenge s\u00e9lectionn\u00e9 par la r\u00e9daction :<\/p>\n<\/div>\n<\/fieldset>\n<\/div>\n<p>Auteur: Hassan Manyani<br \/>\n<a href=\"https:\/\/www.challenge.ma\/le-president-du-sierra-leone-julius-maada-visite-le-port-tanger-med-123426\/\">Cliquez ici pour lire l&rsquo;article depuis sa source.<\/a><\/p>\n","protected":false},"excerpt":{"rendered":"<p>Le Pr\u00e9sident du Sierra Leone Julius Maada a \u00e9t\u00e9 re\u00e7u par Fouad Brini, Pr\u00e9sident de Tanger Med pour une pr\u00e9sentation et visite des installations portuaires. Apr\u00e8s la visite, hier, du Pr\u00e9sident de la R\u00e9publique du S\u00e9n\u00e9gal, Macky Sall, le Pr\u00e9sident du Sierra Leone, accompagn\u00e9 d\u2019une d\u00e9l\u00e9gation de hauts officiels de son pays, a tenu \u00e0 [&hellip;]<\/p>\n","protected":false},"author":1787,"featured_media":0,"comment_status":"closed","ping_status":"closed","sticky":false,"template":"","format":"standard","meta":{"fifu_image_url":"","fifu_image_alt":"","footnotes":""},"categories":[78,54],"tags":[],"class_list":["post-67608","post","type-post","status-publish","format-standard","hentry","category-economie","category-maroc"],"_links":{"self":[{"href":"https:\/\/linitiative.ca\/International\/wp-json\/wp\/v2\/posts\/67608","targetHints":{"allow":["GET"]}}],"collection":[{"href":"https:\/\/linitiative.ca\/International\/wp-json\/wp\/v2\/posts"}],"about":[{"href":"https:\/\/linitiative.ca\/International\/wp-json\/wp\/v2\/types\/post"}],"author":[{"embeddable":true,"href":"https:\/\/linitiative.ca\/International\/wp-json\/wp\/v2\/users\/1787"}],"replies":[{"embeddable":true,"href":"https:\/\/linitiative.ca\/International\/wp-json\/wp\/v2\/comments?post=67608"}],"version-history":[{"count":0,"href":"https:\/\/linitiative.ca\/International\/wp-json\/wp\/v2\/posts\/67608\/revisions"}],"wp:attachment":[{"href":"https:\/\/linitiative.ca\/International\/wp-json\/wp\/v2\/media?parent=67608"}],"wp:term":[{"taxonomy":"category","embeddable":true,"href":"https:\/\/linitiative.ca\/International\/wp-json\/wp\/v2\/categories?post=67608"},{"taxonomy":"post_tag","embeddable":true,"href":"https:\/\/linitiative.ca\/International\/wp-json\/wp\/v2\/tags?post=67608"}],"curies":[{"name":"wp","href":"https:\/\/api.w.org\/{rel}","templated":true}]}}