{"id":67609,"date":"2019-11-15T12:55:20","date_gmt":"2019-11-15T17:55:20","guid":{"rendered":"https:\/\/linitiative.ca\/International\/ferid-belhaj-il-y-a-aujourdhui-une-attente-de-la-population-a-un-autre-type-de-dynamisme\/"},"modified":"2019-11-15T12:55:20","modified_gmt":"2019-11-15T17:55:20","slug":"ferid-belhaj-il-y-a-aujourdhui-une-attente-de-la-population-a-un-autre-type-de-dynamisme","status":"publish","type":"post","link":"https:\/\/linitiative.ca\/International\/ferid-belhaj-il-y-a-aujourdhui-une-attente-de-la-population-a-un-autre-type-de-dynamisme\/","title":{"rendered":"Ferid Belhaj : \u00ab Il y a aujourd\u2019hui une attente de la population \u00e0 un autre type de dynamisme \u00bb"},"content":{"rendered":"<p><strong>Le Maroc m\u00e8ne, depuis quelques mois, une r\u00e9flexion sur l\u2019impl\u00e9mentation d\u2019un nouveau mod\u00e8le de d\u00e9veloppement qui va lui permettre d\u2019acc\u00e9der \u00e0 un nouveau palier de croissance \u00e9conomique. Une situation que la Banque mondiale suit de tr\u00e8s pr\u00e8s. Pour Ferid Belhja, Vice-Pr\u00e9sident de la Banque mondiale pour la r\u00e9gion MENA, en visite actuellement au Maroc, cette d\u00e9marche entam\u00e9e par le royaume est une bonne initiative.<\/strong><\/p>\n<div class=\"c10\"\/>\n<p>\u00ab\u00a0Le Maroc a fait beaucoup de r\u00e9formes ces derni\u00e8res ann\u00e9es. Mais, il y a encore des efforts \u00e0 faire\u00a0\u00bb, tel est le message port\u00e9 par le Vice-Pr\u00e9sident de la <strong>Banque mondiale<\/strong> pour la r\u00e9gion MENA. Nouveau mod\u00e8le de d\u00e9veloppement, soutien aux PME, Emploi\u2026 Ferid Belhaj, accompagn\u00e9 du nouveau Directeur <strong>Maghreb<\/strong> de la Banque mondiale, Jesko Hentschel, a \u00e9voqu\u00e9 une panoplie de sujets en marge d\u2019une rencontre tenue le 14 novembre \u00e0 Rabat. Verbatim.<\/p>\n<p><strong>Soutien aux PME<\/strong><\/p>\n<p>\u00ab\u00a0La question du soutien \u00e0 la PME, qui repr\u00e9sente l\u2019\u00e9pine dorsale de l\u2019\u00e9conomie marocaine, date de plusieurs ann\u00e9es maintenant. Certes, les choses avancent ici et l\u00e0, mais si la question est toujours pos\u00e9e, c\u2019est qu\u2019il y a quelque chose qui n\u2019est pas encore compl\u00e8tement en place\u00a0\u00bb<\/p>\n<p><strong>Urgence \u00abEmploi \u00bb<\/strong><\/p>\n<p>\u00ab\u00a0Il y a aujourd\u2019hui dans la r\u00e9gion une attente de la population \u00e0 un autre type de dynamisme. Il y a une urgence palpable. La r\u00e9gion MENA est ouverte au business, et le potentiel est l\u00e0. Mais dans le m\u00eame temps, nous voyons la rue alg\u00e9rienne, la rue libanaise, la rue \u00e9gyptienne, la rue irakienne dans une effervescence. Cela veut dire qu\u2019il y a des gens qui disent que les efforts mobilis\u00e9s ne sont pas suffisants. Si on continue en termes d\u00e9mographique sur la base actuelle, d\u2019ici 2050 il y a aura 300 millions de jeunes qui seront demandeurs d\u2019emploi dans la r\u00e9gion MENA. C\u2019est \u00e9norme. Et c\u2019est pour cela que des r\u00e9formes doivent \u00eatre entreprises\u00a0\u00bb<\/p>\n<p><strong>Sur le nouveau mod\u00e8le de d\u00e9veloppement du Maroc<\/strong><\/p>\n<p>\u00ab\u00a0Lorsque le printemps arabe s\u2019est d\u00e9clench\u00e9, il y a eu une r\u00e9flexion au sein de la Banque mondiale. Nous avons \u00e0 l\u2019\u00e9poque regard\u00e9 ce qui s\u2019est cass\u00e9 pour donner lieu \u00e0 ces mouvements. L\u2019une des choses que nous identifi\u00e9es, c\u2019est ce qu\u2019on a appel\u00e9 le vieux contrat social. C\u2019est un contrat social qui a \u00e9t\u00e9 sign\u00e9 tacitement entre les gouvernants et les citoyens au-lendemain des ind\u00e9pendances. Aujourd\u2019hui, il est primordial de mettre en\u00a0\u00a0 place un nouveau contrat social \u00e0 travers une s\u00e9rie de r\u00e9formes sur le plan politique, social et \u00e9conomique et une politique de compensation qui cible les populations les plus vuln\u00e9rables. Ce nouveau contrat social doit \u00eatre au c\u0153ur du nouveau mod\u00e8le de d\u00e9veloppement du Maroc\u00a0\u00bb.<\/p>\n<div class=\"c17\">\n<fieldset class=\"c16\">\n<legend><strong><span class=\"c11\">Challenge<\/span><span class=\"c12\">news<\/span><\/strong><\/legend>\n<div class=\"c15\">Le meilleur de Challenge s\u00e9lectionn\u00e9 par la r\u00e9daction :<\/p>\n<\/div>\n<\/fieldset>\n<\/div>\n<p>Auteur: Roland Amoussou<br \/>\n<a href=\"https:\/\/www.challenge.ma\/ferid-belhaj-il-y-a-aujourdhui-une-attente-de-la-population-a-un-autre-type-de-dynamisme-123430\/\">Cliquez ici pour lire l&rsquo;article depuis sa source.<\/a><\/p>\n","protected":false},"excerpt":{"rendered":"<p>Le Maroc m\u00e8ne, depuis quelques mois, une r\u00e9flexion sur l\u2019impl\u00e9mentation d\u2019un nouveau mod\u00e8le de d\u00e9veloppement qui va lui permettre d\u2019acc\u00e9der \u00e0 un nouveau palier de croissance \u00e9conomique. Une situation que la Banque mondiale suit de tr\u00e8s pr\u00e8s. Pour Ferid Belhja, Vice-Pr\u00e9sident de la Banque mondiale pour la r\u00e9gion MENA, en visite actuellement au Maroc, cette [&hellip;]<\/p>\n","protected":false},"author":1787,"featured_media":0,"comment_status":"closed","ping_status":"closed","sticky":false,"template":"","format":"standard","meta":{"fifu_image_url":"","fifu_image_alt":"","footnotes":""},"categories":[78,54],"tags":[],"class_list":["post-67609","post","type-post","status-publish","format-standard","hentry","category-economie","category-maroc"],"_links":{"self":[{"href":"https:\/\/linitiative.ca\/International\/wp-json\/wp\/v2\/posts\/67609","targetHints":{"allow":["GET"]}}],"collection":[{"href":"https:\/\/linitiative.ca\/International\/wp-json\/wp\/v2\/posts"}],"about":[{"href":"https:\/\/linitiative.ca\/International\/wp-json\/wp\/v2\/types\/post"}],"author":[{"embeddable":true,"href":"https:\/\/linitiative.ca\/International\/wp-json\/wp\/v2\/users\/1787"}],"replies":[{"embeddable":true,"href":"https:\/\/linitiative.ca\/International\/wp-json\/wp\/v2\/comments?post=67609"}],"version-history":[{"count":0,"href":"https:\/\/linitiative.ca\/International\/wp-json\/wp\/v2\/posts\/67609\/revisions"}],"wp:attachment":[{"href":"https:\/\/linitiative.ca\/International\/wp-json\/wp\/v2\/media?parent=67609"}],"wp:term":[{"taxonomy":"category","embeddable":true,"href":"https:\/\/linitiative.ca\/International\/wp-json\/wp\/v2\/categories?post=67609"},{"taxonomy":"post_tag","embeddable":true,"href":"https:\/\/linitiative.ca\/International\/wp-json\/wp\/v2\/tags?post=67609"}],"curies":[{"name":"wp","href":"https:\/\/api.w.org\/{rel}","templated":true}]}}