{"id":67620,"date":"2019-11-15T10:13:18","date_gmt":"2019-11-15T15:13:18","guid":{"rendered":"https:\/\/linitiative.ca\/International\/cdp-45-sections-provinciales-reiterent-leur-attachement-et-fidelite-a-blaise-compaore-declaration\/"},"modified":"2019-11-15T10:13:18","modified_gmt":"2019-11-15T15:13:18","slug":"cdp-45-sections-provinciales-reiterent-leur-attachement-et-fidelite-a-blaise-compaore-declaration","status":"publish","type":"post","link":"https:\/\/linitiative.ca\/International\/cdp-45-sections-provinciales-reiterent-leur-attachement-et-fidelite-a-blaise-compaore-declaration\/","title":{"rendered":"CDP\u00a0: 45 sections provinciales r\u00e9it\u00e8rent \u00a0leur attachement et \u00a0fid\u00e9lit\u00e9 \u00e0 Blaise Compaor\u00e9 (D\u00e9claration)"},"content":{"rendered":"<div>\n<p>Nous Secr\u00e9taires G\u00e9n\u00e9raux du Congr\u00e8s Pour la D\u00e9mocratie et le Progr\u00e8s des 45 sections provinciales\u00a0 avons \u00e9t\u00e9 indign\u00e9s suite aux all\u00e9gations parues dans l\u2019\u00e9dition N\u00b0 2598 du 29 octobre 2019, du journal le QUOTIDIEN par un soi-disant groupe de 300 militants cadres CDP et 40 Secr\u00e9taires G\u00e9n\u00e9raux de section. Par la pr\u00e9sente d\u00e9claration, nous tenons \u00e0 apporter les pr\u00e9cisions ci-dessous :<\/p>\n<ol>\n<li>Nous ne sommes m\u00eal\u00e9s ni de pr\u00e8s ni de loin \u00e0 ces propos tendancieux et malveillants qui constituent un acte d\u2019une\u00a0 gravit\u00e9 sans pr\u00e9c\u00e9dent de d\u00e9fiance \u00e0 l\u2019endroit du Pr\u00e9sident d\u2019Honneur, Fondateur du Parti\u00a0;<\/li>\n<li>Nous r\u00e9it\u00e9rons notre attachement et notre fid\u00e9lit\u00e9 totale au fondateur du Parti\u00a0;<\/li>\n<li>Nous nous soumettons sans r\u00e9serve aux directives donn\u00e9es par la direction du parti conform\u00e9ment \u00e0 l\u2019esprit des recommandations du Pr\u00e9sident d\u2019honneur.<\/li>\n<\/ol>\n<p>Fait \u00e0 Ouagadougou 9 novembre 2019<\/p>\n<p>\u00a0<\/p>\n<p>\u00a0<\/p>\n<\/div>\n<p>Auteur: BS. Sidwaya<br \/>\n<a href=\"https:\/\/www.sidwaya.info\/blog\/2019\/11\/15\/cdp-45-sections-provinciales-reiterent-leur-attachement-et-fidelite-a-blaise-compaore-declaration\/\">Cliquez ici pour lire l&rsquo;article depuis sa source.<\/a><\/p>\n","protected":false},"excerpt":{"rendered":"<p>Nous Secr\u00e9taires G\u00e9n\u00e9raux du Congr\u00e8s Pour la D\u00e9mocratie et le Progr\u00e8s des 45 sections provinciales\u00a0 avons \u00e9t\u00e9 indign\u00e9s suite aux all\u00e9gations parues dans l\u2019\u00e9dition N\u00b0 2598 du 29 octobre 2019, du journal le QUOTIDIEN par un soi-disant groupe de 300 militants cadres CDP et 40 Secr\u00e9taires G\u00e9n\u00e9raux de section. Par la pr\u00e9sente d\u00e9claration, nous tenons [&hellip;]<\/p>\n","protected":false},"author":1816,"featured_media":0,"comment_status":"closed","ping_status":"closed","sticky":false,"template":"","format":"standard","meta":{"fifu_image_url":"","fifu_image_alt":"","footnotes":""},"categories":[73,81],"tags":[],"class_list":["post-67620","post","type-post","status-publish","format-standard","hentry","category-actualite","category-burkina-faso"],"_links":{"self":[{"href":"https:\/\/linitiative.ca\/International\/wp-json\/wp\/v2\/posts\/67620","targetHints":{"allow":["GET"]}}],"collection":[{"href":"https:\/\/linitiative.ca\/International\/wp-json\/wp\/v2\/posts"}],"about":[{"href":"https:\/\/linitiative.ca\/International\/wp-json\/wp\/v2\/types\/post"}],"author":[{"embeddable":true,"href":"https:\/\/linitiative.ca\/International\/wp-json\/wp\/v2\/users\/1816"}],"replies":[{"embeddable":true,"href":"https:\/\/linitiative.ca\/International\/wp-json\/wp\/v2\/comments?post=67620"}],"version-history":[{"count":0,"href":"https:\/\/linitiative.ca\/International\/wp-json\/wp\/v2\/posts\/67620\/revisions"}],"wp:attachment":[{"href":"https:\/\/linitiative.ca\/International\/wp-json\/wp\/v2\/media?parent=67620"}],"wp:term":[{"taxonomy":"category","embeddable":true,"href":"https:\/\/linitiative.ca\/International\/wp-json\/wp\/v2\/categories?post=67620"},{"taxonomy":"post_tag","embeddable":true,"href":"https:\/\/linitiative.ca\/International\/wp-json\/wp\/v2\/tags?post=67620"}],"curies":[{"name":"wp","href":"https:\/\/api.w.org\/{rel}","templated":true}]}}