{"id":67621,"date":"2019-11-15T10:15:51","date_gmt":"2019-11-15T15:15:51","guid":{"rendered":"https:\/\/linitiative.ca\/International\/education-de-qualite-des-encadreurs-pedagogiques-du-primaire-et-du-secondaire-outilles\/"},"modified":"2019-11-15T10:15:51","modified_gmt":"2019-11-15T15:15:51","slug":"education-de-qualite-des-encadreurs-pedagogiques-du-primaire-et-du-secondaire-outilles","status":"publish","type":"post","link":"https:\/\/linitiative.ca\/International\/education-de-qualite-des-encadreurs-pedagogiques-du-primaire-et-du-secondaire-outilles\/","title":{"rendered":"\u00a0 Education de qualit\u00e9: Des encadreurs p\u00e9dagogiques du primaire et du secondaire outill\u00e9s \u00a0\u00a0\u00a0"},"content":{"rendered":"<div class=\"td-post-featured-image\"><a href=\"https:\/\/i0.wp.com\/www.sidwaya.info\/wp-content\/uploads\/2019\/11\/2uaf-1.jpg?fit=497%2C395&#038;ssl=1\" data-caption=\"\"><img loading=\"lazy\" decoding=\"async\" width=\"497\" height=\"395\" class=\"entry-thumb td-modal-image\" src=\"https:\/\/i0.wp.com\/www.sidwaya.info\/wp-content\/uploads\/2019\/11\/2uaf-1.jpg?resize=497%2C395&#038;ssl=1\" srcset=\"https:\/\/i0.wp.com\/www.sidwaya.info\/wp-content\/uploads\/2019\/11\/2uaf-1.jpg?w=497&#038;ssl=1 497w, https:\/\/i0.wp.com\/www.sidwaya.info\/wp-content\/uploads\/2019\/11\/2uaf-1.jpg?resize=300%2C238&#038;ssl=1 300w\" sizes=\"auto, (max-width: 497px) 100vw, 497px\" alt=\"\" title=\"2uaf\"\/><\/a><\/div>\n<p><strong>Le Minist\u00e8re de l\u2019\u00e9ducation nationale, de l\u2019alphab\u00e9tisation et de la promotion des langues nationales en collaboration avec l\u2019Agence urgence de la francophonie (AUF) et\u00a0 des experts venus de France et de l\u2019universit\u00e9 Norbert Zongo de Koudougou a organis\u00e9, un atelier de formation \u00a0de deux semaines sur \u00a0l\u2019observation\u00a0 et l\u2019analyse des pratiques enseignantes, le lundi 4\u00a0 novembre 2019 \u00e0 Ouagadougou.\u00a0<\/strong><\/p>\n<p>La question de la qualit\u00e9 de l\u2019\u00e9ducation pr\u00e9occupe tous les acteurs et les b\u00e9n\u00e9ficiaires de l\u2019offre \u00e9ducative. On note par ailleurs que malgr\u00e9 la prise en charge des cadres de formations existants, les r\u00e9sultats scolaires sont en de\u00e7\u00e0 des attentes. Pour relever le d\u00e9fi le minist\u00e8re de l\u2019\u00e9ducation nationale, de l\u2019alphab\u00e9tisation et de la promotion des langues nationales et ses partenaires ont pris l\u2019engagement de proposer un plan de renforcement de capacit\u00e9s des acteurs \u00e0 travers le programme Appui \u00e0 la professionnalisation des pratiques enseignantes et au d\u00e9veloppement des ressources (APPRENDRE).\u00a0 Dans cette dynamique, le minist\u00e8re en charge de l\u2019\u00e9ducation a organis\u00e9, un atelier de formation \u00e0 l\u2019observation et analyse des pratiques enseignantes qui est un volet du projet APPRENDRE.<\/p>\n<p>Au total une cinquantaine de participants, tous des encadreurs p\u00e9dagogiques du primaire et du secondaire a pris part \u00e0 ladite formation pr\u00e9vue pour durer deux semaines. L\u2019objectif de cet atelier est d\u2019accompagner les cadres des minist\u00e8res \u00e0 mieux identifier les difficult\u00e9s des enseignants et des \u00e9l\u00e8ves au niveau de l\u2019enseignement-apprentissage. En se basant sur l\u2019observation des pratiques de classe effectives et dans une d\u00e9marche d\u2019analyse compr\u00e9hensive du processus enseignement-apprentissage.<\/p>\n<p><img loading=\"lazy\" decoding=\"async\" class=\"alignleft size-full wp-image-16318\" src=\"https:\/\/i0.wp.com\/www.sidwaya.info\/wp-content\/uploads\/2019\/11\/1-36.jpg?resize=390%2C390&#038;ssl=1\" alt=\"\" width=\"390\" height=\"390\" srcset=\"https:\/\/i0.wp.com\/www.sidwaya.info\/wp-content\/uploads\/2019\/11\/1-36.jpg?w=390&#038;ssl=1 390w, https:\/\/i0.wp.com\/www.sidwaya.info\/wp-content\/uploads\/2019\/11\/1-36.jpg?resize=300%2C300&#038;ssl=1 300w, https:\/\/i0.wp.com\/www.sidwaya.info\/wp-content\/uploads\/2019\/11\/1-36.jpg?resize=150%2C150&#038;ssl=1 150w\" sizes=\"auto, (max-width: 390px) 100vw, 390px\" data-recalc-dims=\"1\"\/>Selon la directrice g\u00e9n\u00e9rale de l\u2019Encadrement p\u00e9dagogique et de la formation initiale et continue (EPFIC), Aminata Ou\u00e9draogo, le programme APPRENDRE s\u2019inscrit dans le cadre d\u2019une r\u00e9ponse innovante au d\u00e9fi de la qualit\u00e9 de l\u2019\u00e9ducation dans des pays francophone en Afrique. Son objectif principal sera de renforcer la capacit\u00e9 des minist\u00e8res en charge de l\u2019\u00e9ducation primaire et coll\u00e8ge des pays cibl\u00e9s \u00e0 accompagner efficacement leurs enseignants et \u00e0 renforcer leurs pratiques professionnelles, a-t-elle lanc\u00e9. Elle a indiqu\u00e9 que le pr\u00e9sent atelier concerne la mise en \u0153uvre d\u2019un volet du projet APPRENDRE, l\u2019observation des pratiques enseignantes. De fa\u00e7on sp\u00e9cifique, il s\u2019agira pour les participants au cours des travaux de s\u2019approprier les notions, les enjeux et les outils de l\u2019analyse de pratiques professionnelles bas\u00e9es sur l\u2019observation et pratiquer les d\u00e9marches de l\u2019analyse de pratique professionnelles en distinguant observation, analyse et \u00e9valuation, a ajout\u00e9 Aminata Ou\u00e9draogo. A l\u2019entendre, parmi les d\u00e9terminants de la qualit\u00e9 de l\u2019\u00e9ducation, la formation professionnelle de l\u2019enseignant et de l\u2019encadreur est l\u2019un des facteurs explicatifs importants. C\u2019est pourquoi, au regard des objectifs assign\u00e9s \u00e0 cet atelier Mme Ou\u00e9draogo a exhort\u00e9 les uns et les autres \u00e0 travailler dans le sens du <em>\u00ab\u00a0donner recevoir<\/em>\u00a0<em>\u00bb<\/em> en ayant en t\u00eate un engagement dans un processus d\u2019am\u00e9lioration de la qualit\u00e9 de l\u2019\u00e9ducation.<\/p>\n<p>Valentin KABORE<\/p>\n<p>(Collaborateur)<\/p>\n<div class=\"td-a-rec td-a-rec-id-content_bottom tdi_30_d7c td_block_template_1\"><img loading=\"lazy\" decoding=\"async\" class=\"aligncenter size-full wp-image-9623\" src=\"https:\/\/www.sidwaya.info\/wp-content\/uploads\/2019\/06\/Projet-bannie%CC%80re-Orange-mobile.jpg\" alt=\"\" width=\"728\" height=\"81\"\/><\/div>\n<p>Auteur: BS. Sidwaya<br \/>\n<a href=\"https:\/\/www.sidwaya.info\/blog\/2019\/11\/15\/education-de-qualite-des-encadreurs-pedagogiques-du-primaire-et-du-secondaire-outilles\/\">Cliquez ici pour lire l&rsquo;article depuis sa source.<\/a><\/p>\n","protected":false},"excerpt":{"rendered":"<p>Le Minist\u00e8re de l\u2019\u00e9ducation nationale, de l\u2019alphab\u00e9tisation et de la promotion des langues nationales en collaboration avec l\u2019Agence urgence de la francophonie (AUF) et\u00a0 des experts venus de France et de l\u2019universit\u00e9 Norbert Zongo de Koudougou a organis\u00e9, un atelier de formation \u00a0de deux semaines sur \u00a0l\u2019observation\u00a0 et l\u2019analyse des pratiques enseignantes, le lundi 4\u00a0 [&hellip;]<\/p>\n","protected":false},"author":1816,"featured_media":0,"comment_status":"closed","ping_status":"closed","sticky":false,"template":"","format":"standard","meta":{"fifu_image_url":"","fifu_image_alt":"","footnotes":""},"categories":[73,81],"tags":[],"class_list":["post-67621","post","type-post","status-publish","format-standard","hentry","category-actualite","category-burkina-faso"],"_links":{"self":[{"href":"https:\/\/linitiative.ca\/International\/wp-json\/wp\/v2\/posts\/67621","targetHints":{"allow":["GET"]}}],"collection":[{"href":"https:\/\/linitiative.ca\/International\/wp-json\/wp\/v2\/posts"}],"about":[{"href":"https:\/\/linitiative.ca\/International\/wp-json\/wp\/v2\/types\/post"}],"author":[{"embeddable":true,"href":"https:\/\/linitiative.ca\/International\/wp-json\/wp\/v2\/users\/1816"}],"replies":[{"embeddable":true,"href":"https:\/\/linitiative.ca\/International\/wp-json\/wp\/v2\/comments?post=67621"}],"version-history":[{"count":0,"href":"https:\/\/linitiative.ca\/International\/wp-json\/wp\/v2\/posts\/67621\/revisions"}],"wp:attachment":[{"href":"https:\/\/linitiative.ca\/International\/wp-json\/wp\/v2\/media?parent=67621"}],"wp:term":[{"taxonomy":"category","embeddable":true,"href":"https:\/\/linitiative.ca\/International\/wp-json\/wp\/v2\/categories?post=67621"},{"taxonomy":"post_tag","embeddable":true,"href":"https:\/\/linitiative.ca\/International\/wp-json\/wp\/v2\/tags?post=67621"}],"curies":[{"name":"wp","href":"https:\/\/api.w.org\/{rel}","templated":true}]}}