{"id":67622,"date":"2019-11-15T15:50:04","date_gmt":"2019-11-15T20:50:04","guid":{"rendered":"https:\/\/linitiative.ca\/International\/que-deviennent-les-figures-des-gilets-jaunes\/"},"modified":"2019-11-15T15:50:04","modified_gmt":"2019-11-15T20:50:04","slug":"que-deviennent-les-figures-des-gilets-jaunes","status":"publish","type":"post","link":"https:\/\/linitiative.ca\/International\/que-deviennent-les-figures-des-gilets-jaunes\/","title":{"rendered":"Que deviennent les figures des \u00ab\u00a0gilets jaunes\u00a0\u00bb ?"},"content":{"rendered":"<p>Parmi les figures m\u00e9diatiques qui ont incarn\u00e9 la r\u00e9volte sociale des \u00ab\u00a0gilets jaunes\u00a0\u00bb, aucune n\u2019a jet\u00e9 l\u2019\u00e9ponge, mais un an apr\u00e8s, ces anciens anonymes ont tous des mani\u00e8res diff\u00e9rentes de poursuivre la contestation.<\/p>\n<p>\u2013 Priscillia Ludosky, sur tous les fronts \u2013<\/p>\n<p>Avec sa p\u00e9tition contre la hausse des prix des carburants, lanc\u00e9e plusieurs mois avant les manifestations, elle reste l\u2019inspiratrice des \u00ab\u00a0gilets jaunes\u00a0\u00bb et s\u2019est impos\u00e9e comme la force tranquille du mouvement.<\/p>\n<p>Militante multi-cartes, cette auto-entrepreneuse a notamment rejoint la plateforme \u00ab\u00a0gilets citoyens\u00a0\u00bb, pour veiller sur la mise en place de la convention citoyenne sur le climat, qu\u2019elle consid\u00e8re comme \u00ab\u00a0la seule id\u00e9e des gilets jaunes directement appliqu\u00e9e par le gouvernement\u00a0\u00bb.<\/p>\n<p>La Seine-et-Marnaise s\u2019investit en parall\u00e8le dans la d\u00e9nonciation des violences polici\u00e8res, la promotion des propositions du \u00ab\u00a0vrai d\u00e9bat\u00a0\u00bb, lanc\u00e9 par les \u00ab\u00a0gilets jaunes\u00a0\u00bb pour concurrencer le d\u00e9bat national d\u2019Emmanuel Macron, la publication d\u2019un livre auto-\u00e9dit\u00e9\u2026 Dernier cheval de bataille: la cr\u00e9ation d\u2019un \u00ab\u00a0lobby citoyen\u00a0\u00bb, qu\u2019elle pr\u00e9sentera le 15 novembre.<\/p>\n<p>\u00ab\u00a0On ne pourra pas manifester \u00e9ternellement, c\u2019est pour \u00e7a qu\u2019on cr\u00e9e ce lobby\u00a0\u00bb, explique-t-elle \u00e0 l\u2019AFP. \u00ab\u00a0Apartisane et asyndicale\u00a0\u00bb, l\u2019organisation esp\u00e8re peser sur des sujets locaux comme nationaux.<\/p>\n<p>\u2013 Eric Drouet, toujours dans la rue \u2013<\/p>\n<p>Le chauffeur routier avait annonc\u00e9 se mettre \u00ab\u00a0en retrait\u00a0\u00bb fin avril, mais est rest\u00e9 actif sur les r\u00e9seaux sociaux, et n\u2019a jamais vraiment quitt\u00e9 la rue, en privil\u00e9giant les manifestations non d\u00e9clar\u00e9es. Ce qui lui a valu une nouvelle amende le 21 septembre.<\/p>\n<p>L\u2019initiateur de la premi\u00e8re mobilisation du 17 novembre pr\u00f4ne toujours le rapport de force. Il a appel\u00e9 \u00e0 une \u00ab\u00a0convergence\u00a0\u00bb dans une vid\u00e9o mi-octobre, en invitant \u00ab\u00a0pompiers, urgentistes, ouvriers, agriculteurs, ch\u00f4meurs\u00a0\u00bb \u00e0 manifester \u00e0 Paris, sans gilet. \u00ab\u00a0Mettez les gilets jaunes de c\u00f4t\u00e9, c\u2019est les citoyens qui seront dans la rue\u00a0\u00bb, exhorte-t-il.<\/p>\n<p>Figure la plus controvers\u00e9e du mouvement, il a \u00e9t\u00e9 relax\u00e9 d\u00e9but septembre des poursuites pour \u00ab\u00a0participation \u00e0 un groupement form\u00e9 en vue de violences ou de d\u00e9gradations\u00a0\u00bb lors de l\u2019acte 6 du mouvement social le 22 d\u00e9cembre, et condamn\u00e9 \u00e0 500 euros d\u2019amende avec sursis pour le port d\u2019une sorte de \u00ab\u00a0matraque\u00a0\u00bb dans son sac, un simple \u00ab\u00a0bout de bois\u00a0\u00bb selon lui.<\/p>\n<p>\u2013 Maxime Nicolle, chroniqueur de la col\u00e8re \u2013<\/p>\n<p>\u00ab\u00a0Fly Rider\u00a0\u00bb, comme il se surnomme sur Facebook, continue ses \u00ab\u00a0live\u00a0\u00bb sur les r\u00e9seaux sociaux. Le Breton manifeste encore tr\u00e8s r\u00e9guli\u00e8rement et s\u2019est notamment rendu \u00e0 Toulouse r\u00e9cemment.<\/p>\n<p>Depuis septembre, il travaille pour la web-t\u00e9l\u00e9 \u00ab\u00a0QG\u00a0\u00bb, lanc\u00e9e par la journaliste Aude Lancelin. L\u2019ancien chauffeur y tient un r\u00f4le de chroniqueur mais aussi de reporter \u2013 en filmant par exemple la manifestation des pompiers du 15 octobre.<\/p>\n<p>Il doit sortir un livre le 14 novembre. Un ouvrage pr\u00e9sent\u00e9 comme un \u00ab\u00a0droit de r\u00e9ponse\u00a0\u00bb, apr\u00e8s les critiques m\u00e9diatiques qui lui ont reproch\u00e9 certaines th\u00e8ses complotistes et son go\u00fbt pour les publications du Front National sur Facebook.<\/p>\n<p>\u2013 J\u00e9r\u00f4me Rodrigues, de retour \u2013<\/p>\n<p>Devenu symbole des violences polici\u00e8res apr\u00e8s avoir perdu un \u0153il lors d\u2019une manifestation le 26 janvier, le plombier a souffert de \u00ab\u00a0cyberharc\u00e8lement\u00a0\u00bb et a fait une pause pendant l\u2019\u00e9t\u00e9. Il pr\u00e9pare une plainte contre deux \u00ab\u00a0gilets jaunes\u00a0\u00bb qui l\u2019attaquent r\u00e9guli\u00e8rement.<\/p>\n<p>Fin ao\u00fbt, il a particip\u00e9 au contre-sommet du G7 au Pays Basque, avant de revenir dans les manifestations parisiennes en septembre et de soutenir une action parisienne d\u2019Extinction R\u00e9bellion. \u00ab\u00a0J\u2019attends avec impatience le week-end de mobilisation du 16-17 novembre, et aussi la gr\u00e8ve du 5 d\u00e9cembre\u00a0\u00bb, confie-t-il \u00e0 l\u2019AFP en pr\u00f4nant une \u00ab\u00a0convergence des luttes\u00a0\u00bb.<\/p>\n<p>Fin septembre, il a \u00e9t\u00e9 entendu par le juge d\u2019instruction qui enqu\u00eate sur la perte de son \u0153il. \u00ab\u00a0Le travail qui a \u00e9t\u00e9 fait est tr\u00e8s positif\u00a0\u00bb, assure-t-il. Il n\u2019a en revanche \u00ab\u00a0aucune nouvelle\u00a0\u00bb de la proc\u00e9dure ouverte en juillet pour des soup\u00e7ons de violences conjugales apr\u00e8s une altercation avec sa femme, qui avait ni\u00e9 publiquement toute violence physique.<\/p>\n<p>\u2013 Ingrid Levavasseur, objectif municipales \u2013<\/p>\n<p>Son \u00e9ph\u00e9m\u00e8re candidature aux europ\u00e9ennes avait provoqu\u00e9 la rupture. Agress\u00e9e par des \u00ab\u00a0gilets jaunes\u00a0\u00bb, l\u2019aide-soignante de 32 ans ne manifeste plus, mais continue de s\u2019engager.<\/p>\n<p>Dans sa ville de Louviers (Eure), elle est candidate comme co-listi\u00e8re aux municipales de 2020. Cette m\u00e8re c\u00e9libataire a aussi fond\u00e9 deux associations: l\u2019une pour aider les familles monoparentales, l\u2019autre pour d\u00e9fendre des propositions sociales et \u00e9cologiques.<\/p>\n<p>D\u00e9but septembre, elle a publi\u00e9 une autobiographie qui d\u00e9taille son engagement. \u00ab\u00a0C\u2019\u00e9tait essentiel pour moi que les gens comprennent que je ne suis pas rentr\u00e9e dans ce mouvement parce que j\u2019ai vu de la lumi\u00e8re\u00a0\u00bb, d\u00e9clare-t-elle \u00e0 l\u2019AFP.<\/p>\n<p>\u2013 Jacline Mouraud, r\u00eave de l\u2019Elys\u00e9e \u2013<\/p>\n<p>Sa vid\u00e9o contre la \u00ab\u00a0traque aux conducteurs\u00a0\u00bb, visionn\u00e9e six millions de fois sur Youtube, l\u2019avait catapult\u00e9e au rang d\u2019\u00e9g\u00e9rie des \u00ab\u00a0gilets jaunes\u00a0\u00bb, avant que ses ambitions politiques ne passent pour une trahison.<\/p>\n<p>L\u2019aventure de son micro-parti, \u00ab\u00a0Les Emergents\u00a0\u00bb, a \u00e9t\u00e9 mise \u00ab\u00a0entre parenth\u00e8ses\u00a0\u00bb, apr\u00e8s le d\u00e9part de plusieurs membres du bureau qui ont d\u00e9nonc\u00e9 son \u00ab\u00a0culte de la personnalit\u00e9\u00a0\u00bb. Ce qui n\u2019emp\u00eache pas l\u2019hypnoth\u00e9rapeuthe, \u00ab\u00a0gaulliste\u00a0\u00bb autoproclam\u00e9e, de r\u00eaver de la pr\u00e9sidentielle de 2022 et de s\u2019imaginer en \u00ab\u00a0candidate des territoires et du terroir\u00a0\u00bb.<\/p>\n<p>\u2013 Fran\u00e7ois Boulo, le verbe jaune \u2013<\/p>\n<p>Choisi pour porter la parole m\u00e9diatique des ronds-points de Rouen, l\u2019avocat s\u2019\u00e9tait fait remarquer pour ses joutes oratoires sur les plateaux t\u00e9l\u00e9vis\u00e9s.<\/p>\n<p>En octobre, il a publi\u00e9 un manifeste, \u00ab\u00a0La Ligne Jaune\u00a0\u00bb, qui \u00ab\u00a0vise \u00e0 restaurer l\u2019image des +gilets jaunes+, car le traitement m\u00e9diatique les a assign\u00e9s aux faits de violence qui ont exist\u00e9 ici ou l\u00e0\u00a0\u00bb, explique-t-il \u00e0 l\u2019AFP.<\/p>\n<p>Il a \u00e9galement fond\u00e9 une plateforme num\u00e9rique du m\u00eame nom, qui doit \u00ab\u00a0mettre en r\u00e9seau l\u2019ensemble du mouvement\u00a0\u00bb et compte 27.000 membres.<\/p>\n<p>Auteur: AFP<br \/>\n<a href=\"https:\/\/www.journalducameroun.com\/que-deviennent-les-figures-des-gilets-jaunes\/\">Cliquez ici pour lire l&rsquo;article depuis sa source.<\/a><\/p>\n","protected":false},"excerpt":{"rendered":"<p>Parmi les figures m\u00e9diatiques qui ont incarn\u00e9 la r\u00e9volte sociale des \u00ab\u00a0gilets jaunes\u00a0\u00bb, aucune n\u2019a jet\u00e9 l\u2019\u00e9ponge, mais un an apr\u00e8s, ces anciens anonymes ont tous des mani\u00e8res diff\u00e9rentes de poursuivre la contestation. \u2013 Priscillia Ludosky, sur tous les fronts \u2013 Avec sa p\u00e9tition contre la hausse des prix des carburants, lanc\u00e9e plusieurs mois avant [&hellip;]<\/p>\n","protected":false},"author":1965,"featured_media":0,"comment_status":"closed","ping_status":"closed","sticky":false,"template":"","format":"standard","meta":{"fifu_image_url":"","fifu_image_alt":"","footnotes":""},"categories":[73,82],"tags":[],"class_list":["post-67622","post","type-post","status-publish","format-standard","hentry","category-actualite","category-cameroun"],"_links":{"self":[{"href":"https:\/\/linitiative.ca\/International\/wp-json\/wp\/v2\/posts\/67622","targetHints":{"allow":["GET"]}}],"collection":[{"href":"https:\/\/linitiative.ca\/International\/wp-json\/wp\/v2\/posts"}],"about":[{"href":"https:\/\/linitiative.ca\/International\/wp-json\/wp\/v2\/types\/post"}],"author":[{"embeddable":true,"href":"https:\/\/linitiative.ca\/International\/wp-json\/wp\/v2\/users\/1965"}],"replies":[{"embeddable":true,"href":"https:\/\/linitiative.ca\/International\/wp-json\/wp\/v2\/comments?post=67622"}],"version-history":[{"count":0,"href":"https:\/\/linitiative.ca\/International\/wp-json\/wp\/v2\/posts\/67622\/revisions"}],"wp:attachment":[{"href":"https:\/\/linitiative.ca\/International\/wp-json\/wp\/v2\/media?parent=67622"}],"wp:term":[{"taxonomy":"category","embeddable":true,"href":"https:\/\/linitiative.ca\/International\/wp-json\/wp\/v2\/categories?post=67622"},{"taxonomy":"post_tag","embeddable":true,"href":"https:\/\/linitiative.ca\/International\/wp-json\/wp\/v2\/tags?post=67622"}],"curies":[{"name":"wp","href":"https:\/\/api.w.org\/{rel}","templated":true}]}}