{"id":67623,"date":"2019-11-15T15:50:06","date_gmt":"2019-11-15T20:50:06","guid":{"rendered":"https:\/\/linitiative.ca\/International\/bolivie-la-presidente-menace-morales-de-poursuites-nouveaux-heurts-a-la-paz\/"},"modified":"2019-11-15T15:50:06","modified_gmt":"2019-11-15T20:50:06","slug":"bolivie-la-presidente-menace-morales-de-poursuites-nouveaux-heurts-a-la-paz","status":"publish","type":"post","link":"https:\/\/linitiative.ca\/International\/bolivie-la-presidente-menace-morales-de-poursuites-nouveaux-heurts-a-la-paz\/","title":{"rendered":"Bolivie: la pr\u00e9sidente menace Morales de poursuites, nouveaux heurts \u00e0 La Paz"},"content":{"rendered":"<div readability=\"32\">\n<p>Publi\u00e9 le 15.11.2019 \u00e0 21h50 par AFP<\/p>\n<\/div>\n<div readability=\"153\">\n<p>La pr\u00e9sidente par int\u00e9rim de la Bolivie a hauss\u00e9 le ton vendredi contre Evo Morales, le mena\u00e7ant de poursuites s\u2019il revenait dans son pays, tandis que les partisans de l\u2019ex-chef de l\u2019Etat, qui s\u2019est exil\u00e9 au Mexique, maintenaient la pression \u00e0 La Paz, o\u00f9 de nouveaux heurts avaient lieu.<\/p>\n<p>Cherchant \u00e0 imprimer sa marque, Jeanine A\u00f1ez rompt dans le m\u00eame temps progressivement les relations fraternelles qu\u2019entretenait Evo Morales avec les gouvernements de gauche latino-am\u00e9ricains \u2013 Cuba et Venezuela en t\u00eate.<\/p>\n<p>Sa ministre des Affaires \u00e9trang\u00e8res a ainsi annonc\u00e9 l\u2019expulsion des diplomates v\u00e9n\u00e9zu\u00e9liens nomm\u00e9s par Nicolas Maduro, apr\u00e8s avoir reconnu l\u2019opposant Juan Guaido comme pr\u00e9sident par int\u00e9rim du Venezuela.<\/p>\n<p>Au plan int\u00e9rieur, Jeanine A\u00f1ez, une ex-s\u00e9natrice de droite, a jug\u00e9 qu\u2019Evo Morales \u00e9tait \u00ab\u00a0parti de lui-m\u00eame\u00a0\u00bb pour le Mexique apr\u00e8s sa d\u00e9mission dimanche. S\u2019il rentrait au pays, il devrait \u00ab\u00a0r\u00e9pondre devant la justice\u00a0\u00bb d\u2019irr\u00e9gularit\u00e9s lors de la pr\u00e9sidentielle du 20 octobre et d&rsquo;\u00a0\u00bbaccusations de corruption\u00a0\u00bb, a-t-elle ajout\u00e9, lors d\u2019une r\u00e9union avec la presse \u00e9trang\u00e8re.<\/p>\n<p>Evo Morales, a affirm\u00e9 Mme A\u00f1ez, a \u00ab\u00a0encore des comptes \u00e0 rendre\u00a0\u00bb.<\/p>\n<p>Trois jours apr\u00e8s s\u2019\u00eatre proclam\u00e9e pr\u00e9sidente par int\u00e9rim de ce pays andin enclav\u00e9, Mme A\u00f1ez, une avocate de 52 ans qui affiche fi\u00e8rement sa foi chr\u00e9tienne, s\u2019est engag\u00e9e \u00e0 \u00ab\u00a0organiser des \u00e9lections (pr\u00e9sidentielle et l\u00e9gislatives, ndlr) transparentes\u00a0\u00bb.<\/p>\n<p>Evo Morales a assur\u00e9 \u00eatre pr\u00eat \u00e0 rentrer en Bolivie pour \u00ab\u00a0pacifier\u00a0\u00bb son pays, o\u00f9 des heurts \u00e9maillent les manifestations qu\u2019organisent chaque jour ses partisans, notamment \u00e0 La Paz.<\/p>\n<p>Des heurts ont \u00e9clat\u00e9 dans le centre de la capitale administrative dans l\u2019apr\u00e8s-midi. Certains manifestants pro-Morales lan\u00e7aient des pierres et toute sorte d\u2019objets en direction des forces de l\u2019ordre qui r\u00e9pondaient en tirant du gaz lacrymog\u00e8ne pour tenter de les disperser, ont constat\u00e9 des journalistes de l\u2019AFP.<\/p>\n<p>Auparavant, plusieurs milliers de personnes scandant notamment \u00ab\u00a0Evo, reviens!\u00a0\u00bb et agitant des Wiphalas, le drapeau andin indig\u00e8ne multicolore, \u00e9taient descendues de la ville voisine d\u2019El Alto pour manifester leur col\u00e8re dans les rues de La Paz.<\/p>\n<p>\u2013 Nouvelles relations avec Cuba et le Venezuela \u2013<\/p>\n<p>Evo Morales, 60 ans, s\u2019\u00e9tait proclam\u00e9 vainqueur de la pr\u00e9sidentielle du 20 octobre, pr\u00e9tendant ainsi effectuer un quatri\u00e8me mandat.<\/p>\n<p>Mais l\u2019opposition a cri\u00e9 \u00e0 la fraude et de nombreuses manifestations, parfois tr\u00e8s violentes, ont eu lieu. Une mutinerie au sein de la police et enfin son l\u00e2chage par l\u2019arm\u00e9e l\u2019ont pouss\u00e9 \u00e0 quitter la pr\u00e9sidence.<\/p>\n<p>Depuis qu\u2019Evo Morales a annonc\u00e9 sa d\u00e9mission, ce sont ses partisans qui affichent leur col\u00e8re, assurant que son d\u00e9part \u00e9tait d\u00fb \u00e0 un \u00ab\u00a0coup d\u2019Etat\u00a0\u00bb foment\u00e9 par l\u2019opposition.<\/p>\n<p>\u00ab\u00a0Il ne faut pas oublier qu\u2019Evo Morales a obtenu 40% des suffrages \u00e0 la pr\u00e9sidentielle\u00a0\u00bb, rappelle le politologue Carlos Cordero. Ces manifestations sont \u00ab\u00a0l\u2019expression de la loyaut\u00e9\u00a0\u00bb de certaines couches de la population, majoritairement indig\u00e8nes, envers Evo Morales.<\/p>\n<p>Jeanine A\u00f1ez entend op\u00e9rer une rupture avec ses presque 14 ans de pr\u00e9sidence.<\/p>\n<p>La ministre des Affaires \u00e9trang\u00e8res Karen Longaric a ainsi annonc\u00e9 l\u2019expulsion prochaine de l\u2019ensemble du personnel diplomatique v\u00e9n\u00e9zu\u00e9lien qui \u00ab\u00a0repr\u00e9sente le gouvernement de (Nicolas) Maduro\u00a0\u00bb car il a fait preuve d&rsquo;\u00a0\u00bbing\u00e9rence\u00a0\u00bb dans les affaires int\u00e9rieures du pays andin.<\/p>\n<p>La veille, le gouvernement de Mme A\u00f1ez avait reconnu l\u2019opposant Juan Guaido comme pr\u00e9sident par int\u00e9rim du Venezuela, tout comme une cinquantaine d\u2019autres pays, dont les Etats-Unis.<\/p>\n<p>Une mesure hautement symbolique, compte tenu des liens qui unissaient Evo Morales et le d\u00e9funt pr\u00e9sident v\u00e9n\u00e9zu\u00e9lien Hugo Chavez (1999-2013).<\/p>\n<p>Dans le m\u00eame ordre d\u2019id\u00e9es, la Bolivie va quitter l\u2019Alliance bolivarienne pour les Am\u00e9riques (Alba) qui r\u00e9unit notamment Cuba, le Nicaragua, le Venezuela et plusieurs pays des Cara\u00efbes, et l\u2019Unasur, cr\u00e9\u00e9e en 2008 \u00e0 l\u2019initiative d\u2019Hugo Chavez et de son homologue br\u00e9silien de l\u2019\u00e9poque, Luiz Inacio Lula da Silva.<\/p>\n<p>Cuba a pour sa part d\u00e9nonc\u00e9 l\u2019arrestation de quatre de ses citoyens en Bolivie, accus\u00e9s de mani\u00e8re \u00ab\u00a0calomnieuse\u00a0\u00bb de financer les manifestations contre le nouveau gouvernement de Jeanine A\u00f1ez.<\/p>\n<p>Ce dernier a annonc\u00e9 que Cuba allait rapatrier \u00ab\u00a0725 citoyens cubains qui remplissent des t\u00e2ches de coop\u00e9ration dans diff\u00e9rents secteurs\u00a0\u00bb.<\/p>\n<\/div>\n<p>Auteur: AFP<br \/>\n<a href=\"https:\/\/www.journalducameroun.com\/bolivie-la-presidente-menace-morales-de-poursuites-nouveaux-heurts-a-la-paz\/\">Cliquez ici pour lire l&rsquo;article depuis sa source.<\/a><\/p>\n","protected":false},"excerpt":{"rendered":"<p>Publi\u00e9 le 15.11.2019 \u00e0 21h50 par AFP La pr\u00e9sidente par int\u00e9rim de la Bolivie a hauss\u00e9 le ton vendredi contre Evo Morales, le mena\u00e7ant de poursuites s\u2019il revenait dans son pays, tandis que les partisans de l\u2019ex-chef de l\u2019Etat, qui s\u2019est exil\u00e9 au Mexique, maintenaient la pression \u00e0 La Paz, o\u00f9 de nouveaux heurts avaient [&hellip;]<\/p>\n","protected":false},"author":1965,"featured_media":0,"comment_status":"closed","ping_status":"closed","sticky":false,"template":"","format":"standard","meta":{"fifu_image_url":"","fifu_image_alt":"","footnotes":""},"categories":[73,82],"tags":[],"class_list":["post-67623","post","type-post","status-publish","format-standard","hentry","category-actualite","category-cameroun"],"_links":{"self":[{"href":"https:\/\/linitiative.ca\/International\/wp-json\/wp\/v2\/posts\/67623","targetHints":{"allow":["GET"]}}],"collection":[{"href":"https:\/\/linitiative.ca\/International\/wp-json\/wp\/v2\/posts"}],"about":[{"href":"https:\/\/linitiative.ca\/International\/wp-json\/wp\/v2\/types\/post"}],"author":[{"embeddable":true,"href":"https:\/\/linitiative.ca\/International\/wp-json\/wp\/v2\/users\/1965"}],"replies":[{"embeddable":true,"href":"https:\/\/linitiative.ca\/International\/wp-json\/wp\/v2\/comments?post=67623"}],"version-history":[{"count":0,"href":"https:\/\/linitiative.ca\/International\/wp-json\/wp\/v2\/posts\/67623\/revisions"}],"wp:attachment":[{"href":"https:\/\/linitiative.ca\/International\/wp-json\/wp\/v2\/media?parent=67623"}],"wp:term":[{"taxonomy":"category","embeddable":true,"href":"https:\/\/linitiative.ca\/International\/wp-json\/wp\/v2\/categories?post=67623"},{"taxonomy":"post_tag","embeddable":true,"href":"https:\/\/linitiative.ca\/International\/wp-json\/wp\/v2\/tags?post=67623"}],"curies":[{"name":"wp","href":"https:\/\/api.w.org\/{rel}","templated":true}]}}