{"id":67624,"date":"2019-11-15T15:50:09","date_gmt":"2019-11-15T20:50:09","guid":{"rendered":"https:\/\/linitiative.ca\/International\/fusillade-pres-de-los-angeles-la-police-cherche-a-comprendre-les-mobiles-du-tireur\/"},"modified":"2019-11-15T15:50:09","modified_gmt":"2019-11-15T20:50:09","slug":"fusillade-pres-de-los-angeles-la-police-cherche-a-comprendre-les-mobiles-du-tireur","status":"publish","type":"post","link":"https:\/\/linitiative.ca\/International\/fusillade-pres-de-los-angeles-la-police-cherche-a-comprendre-les-mobiles-du-tireur\/","title":{"rendered":"Fusillade pr\u00e8s de Los Angeles: la police cherche \u00e0 comprendre les mobiles du tireur"},"content":{"rendered":"<div readability=\"32\">\n<p>Publi\u00e9 le 15.11.2019 \u00e0 21h50 par AFP<\/p>\n<\/div>\n<div readability=\"151\">\n<p>Boy scout, introverti mais sociable, familier des armes sans apparemment \u00eatre un passionn\u00e9: les enqu\u00eateurs cherchaient vendredi \u00e0 comprendre ce qui a pu pousser un lyc\u00e9en de seize ans, un adolescent am\u00e9ricain a priori sans histoires, \u00e0 ouvrir le feu sur des camarades pr\u00e8s de Los Angeles, tuant deux d\u2019entre eux.<\/p>\n<p>\u00ab\u00a0Nous suivons toutes les pistes possibles. A ce stade, nous ne connaissons pas le mobile\u00a0\u00bb, a r\u00e9sum\u00e9 le sh\u00e9rif du comt\u00e9 de Los Angeles, Alex Villanueva.<\/p>\n<p>\u00ab\u00a0Nous n\u2019avons pas encore \u00e9tabli de mobile ou de lien entre l\u2019individu et ses victimes, hormis le fait qu\u2019ils allaient tous ensemble au lyc\u00e9e\u00a0\u00bb Saugus de Santa Clarita (Californie), soulignait de son c\u00f4t\u00e9 le capitaine Kent Wegener.<\/p>\n<p>Le jeune homme, identifi\u00e9 comme Nathaniel Berhow, s\u2019est tir\u00e9 une balle dans la t\u00eate apr\u00e8s avoir attaqu\u00e9 ses camarades, le jour de son seizi\u00e8me anniversaire. Il a \u00e9t\u00e9 hospitalis\u00e9 \u00ab\u00a0dans un \u00e9tat grave\u00a0\u00bb et n\u2019a vraisemblablement pas pu \u00eatre interrog\u00e9, contrairement \u00e0 sa m\u00e8re et \u00e0 sa petite amie.<\/p>\n<p>Rien n\u2019indique qu\u2019il ait eu des motivations d\u2019ordre id\u00e9ologique ou qu\u2019il ait agi pour le compte d\u2019une organisation quelconque.<\/p>\n<p>Quant aux motifs d\u2019ordre psychologique, le tireur ne semble pas \u00eatre un marginal ni avoir \u00e9t\u00e9 victime de harc\u00e8lement scolaire, a dit le sh\u00e9rif Villanueva.<\/p>\n<p>\u00ab\u00a0Il avait des amis, des gens venaient le chercher ou le d\u00e9poser chez lui\u00a0\u00bb et \u00ab\u00a0je le voyais faire pas mal d\u2019activit\u00e9s sportives\u00a0\u00bb, a confirm\u00e9 au Los Angeles Times un voisin de l\u2019adolescent \u00e0 Santa Clarita, Jared Axen, 33 ans.<\/p>\n<p>\u00ab\u00a0Il n\u2019\u00e9tait pas du genre \u00e0 venir engager la conversation. C\u2019\u00e9tait \u00e0 vous de le faire. C\u2019\u00e9tait quelqu\u2019un de calme, de r\u00e9serv\u00e9, mais \u00eatre introverti n\u2019est pas si rare\u00a0\u00bb, a-t-il estim\u00e9.<\/p>\n<p>Aidan Soto, \u00e9l\u00e8ve du lyc\u00e9e Saugus, n\u2019aurait pas soup\u00e7onn\u00e9 le moins du monde que son camarade, tr\u00e8s impliqu\u00e9 dans le scoutisme, puisse commettre un tel crime. \u00ab\u00a0C\u2019\u00e9tait un gentil gar\u00e7on (\u2026) Les scouts les plus jeunes l\u2019admiraient vraiment. Il \u00e9tait l\u00e0 quand ils avaient besoin de lui. Je suis perdu, je cherche \u00e0 comprendre\u00a0\u00bb, raconte-t-il.<\/p>\n<p>\u2013 Habitu\u00e9 aux armes \u00e0 feu \u2013<\/p>\n<p>Le tireur n\u2019avait aucun ant\u00e9c\u00e9dent de violence mais son p\u00e8re, divorc\u00e9 de sa m\u00e8re voici quelques ann\u00e9es, avait des probl\u00e8mes li\u00e9s \u00e0 l\u2019alcool et fut \u00e0 un moment soup\u00e7onn\u00e9 de violences conjugales mais jamais poursuivi, faute de preuves.<\/p>\n<p>Cela n\u2019emp\u00eachait pas Nathaniel Berhow d\u2019\u00eatre proche de son p\u00e8re, souligne Jared Axen, qui se souvient que l\u2019adolescent avait \u00e9t\u00e9 tr\u00e8s affect\u00e9 par le d\u00e9c\u00e8s soudain de ce dernier d\u2019un arr\u00eat cardiaque en d\u00e9cembre 2017.<\/p>\n<p>\u00ab\u00a0Il me disait que son p\u00e8re lui manquait et qu\u2019il l\u2019aimait\u00a0\u00bb, d\u00e9taille le voisin.<\/p>\n<p>Le p\u00e8re du tireur \u00e9tait d\u00e9crit comme un passionn\u00e9 de p\u00eache et de chasse au gros gibier, et les voisins se rappellent l\u2019avoir vu effectuer ses pr\u00e9paratifs dans son garage, notamment fabriquer ses propres munitions pour la chasse au wapiti, selon le LA Times.<\/p>\n<p>Cette connaissance des armes \u00e0 feu est pour l\u2019instant le principal lien entre le profil du suspect et la tuerie de jeudi.<\/p>\n<p>D\u2019apr\u00e8s Jared Axen, le jeune homme accompagnait parfois son p\u00e8re dans ses parties de chasse et des armes \u00e0 feu ont \u00e9t\u00e9 d\u00e9couvertes au domicile familial apr\u00e8s le drame, a indiqu\u00e9 Alex Villanueva.<\/p>\n<p>On ignore encore comment Nathaniel Berhow s\u2019est procur\u00e9 le pistolet de calibre .45 dont il s\u2019est servi jeudi, gardant la derni\u00e8re balle pour se suicider, mais les images de vid\u00e9osurveillance de la tuerie laissent penser que l\u2019adolescent savait manier une telle arme, a relev\u00e9 le sh\u00e9rif.<\/p>\n<p>La fusillade a dur\u00e9 en tout et pour tout seize secondes.<\/p>\n<p>Les images ne permettent pas en revanche de dire s\u2019il avait choisi ses victimes ou s\u2019il a ouvert le feu au hasard.<\/p>\n<p>Deux d\u2019entre elles, une jeune fille de 15 ans et un gar\u00e7on de 14 ans, ont succomb\u00e9 \u00e0 leurs blessures. Un adolescent a pu rentrer chez lui vendredi matin et deux lyc\u00e9ennes, op\u00e9r\u00e9es toutes deux pour leurs blessures par balle, devraient pouvoir sortir de l\u2019h\u00f4pital dans quelques jours, selon les m\u00e9decins.<\/p>\n<\/div>\n<p>Auteur: AFP<br \/>\n<a href=\"https:\/\/www.journalducameroun.com\/fusillade-pres-de-los-angeles-la-police-cherche-a-comprendre-les-mobiles-du-tireur\/\">Cliquez ici pour lire l&rsquo;article depuis sa source.<\/a><\/p>\n","protected":false},"excerpt":{"rendered":"<p>Publi\u00e9 le 15.11.2019 \u00e0 21h50 par AFP Boy scout, introverti mais sociable, familier des armes sans apparemment \u00eatre un passionn\u00e9: les enqu\u00eateurs cherchaient vendredi \u00e0 comprendre ce qui a pu pousser un lyc\u00e9en de seize ans, un adolescent am\u00e9ricain a priori sans histoires, \u00e0 ouvrir le feu sur des camarades pr\u00e8s de Los Angeles, tuant [&hellip;]<\/p>\n","protected":false},"author":1965,"featured_media":0,"comment_status":"closed","ping_status":"closed","sticky":false,"template":"","format":"standard","meta":{"fifu_image_url":"","fifu_image_alt":"","footnotes":""},"categories":[73,82],"tags":[],"class_list":["post-67624","post","type-post","status-publish","format-standard","hentry","category-actualite","category-cameroun"],"_links":{"self":[{"href":"https:\/\/linitiative.ca\/International\/wp-json\/wp\/v2\/posts\/67624","targetHints":{"allow":["GET"]}}],"collection":[{"href":"https:\/\/linitiative.ca\/International\/wp-json\/wp\/v2\/posts"}],"about":[{"href":"https:\/\/linitiative.ca\/International\/wp-json\/wp\/v2\/types\/post"}],"author":[{"embeddable":true,"href":"https:\/\/linitiative.ca\/International\/wp-json\/wp\/v2\/users\/1965"}],"replies":[{"embeddable":true,"href":"https:\/\/linitiative.ca\/International\/wp-json\/wp\/v2\/comments?post=67624"}],"version-history":[{"count":0,"href":"https:\/\/linitiative.ca\/International\/wp-json\/wp\/v2\/posts\/67624\/revisions"}],"wp:attachment":[{"href":"https:\/\/linitiative.ca\/International\/wp-json\/wp\/v2\/media?parent=67624"}],"wp:term":[{"taxonomy":"category","embeddable":true,"href":"https:\/\/linitiative.ca\/International\/wp-json\/wp\/v2\/categories?post=67624"},{"taxonomy":"post_tag","embeddable":true,"href":"https:\/\/linitiative.ca\/International\/wp-json\/wp\/v2\/tags?post=67624"}],"curies":[{"name":"wp","href":"https:\/\/api.w.org\/{rel}","templated":true}]}}