{"id":67625,"date":"2019-11-15T16:18:03","date_gmt":"2019-11-15T21:18:03","guid":{"rendered":"https:\/\/linitiative.ca\/International\/le-maroc-engage-dans-le-cadre-des-efforts-de-la-communaute-internationale-pour-le-maintien-de-la-paix-en-rca\/"},"modified":"2019-11-15T16:18:03","modified_gmt":"2019-11-15T21:18:03","slug":"le-maroc-engage-dans-le-cadre-des-efforts-de-la-communaute-internationale-pour-le-maintien-de-la-paix-en-rca","status":"publish","type":"post","link":"https:\/\/linitiative.ca\/International\/le-maroc-engage-dans-le-cadre-des-efforts-de-la-communaute-internationale-pour-le-maintien-de-la-paix-en-rca\/","title":{"rendered":"Le Maroc engag\u00e9 dans le cadre des efforts de la communaut\u00e9 internationale pour le maintien de la paix en RCA"},"content":{"rendered":"<div readability=\"32\">\n<p>Publi\u00e9 le 15.11.2019 \u00e0 22h18 par APA News<\/p>\n<\/div>\n<div readability=\"68\">\n<p>Le Maroc \u00ab inscrit son engagement dans le cadre des efforts d\u00e9ploy\u00e9s par la communaut\u00e9 internationale pour le maintien et la consolidation de la paix en R\u00e9publique centrafricaine (RCA), a d\u00e9clar\u00e9, vendredi \u00e0 Rabat, le ministre des Affaires \u00e9trang\u00e8res, de la Coop\u00e9ration africaine et des Marocains r\u00e9sidant \u00e0 l\u2019\u00e9tranger, Nasser Bourita.Le Royaume est aujourd\u2019hui le partenaire africain \u00ab le plus engag\u00e9 \u00bb en faveur de la paix en R\u00e9publique centrafricaine (RCA), a-t-il dit \u00e0 l\u2019issue de ses entretiens avec le Repr\u00e9sentant sp\u00e9cial du Secr\u00e9taire g\u00e9n\u00e9ral des Nations-unies pour la R\u00e9publique centrafricaine (RCA) et Chef de la Mission des Nations unies pour la stabilisation en RCA (Minusca), Mankeur Ndiaye.<\/p>\n<p>La visite de M. Nidaye dans le Royaume intervient dans le cadre de l\u2019accompagnement multiforme du Maroc pour la RCA, a soulign\u00e9 le ministre dans un point de presse, pr\u00e9cisant, dans ce sens, le Maroc d\u00e9ploie actuellement \u00ab 762 casques bleus au sein de la Minusca \u00bb, qui gr\u00e2ce \u00e0 \u00ab leur d\u00e9vouement et \u00e0 leur sens du devoir, ont r\u00e9ussi \u00e0 \u00e9tablir des liens de confiance avec les populations locales quelles que soient leurs affiliations religieuses \u00bb.<\/p>\n<p>Aussi, a-t-il poursuivi, la pr\u00e9sidence marocaine de la \u00ab Configuration R\u00e9publique centrafrique de la Commission de consolidation de la paix des Nations-Unies \u00bb t\u00e9moigne du \u00ab profond engagement du Maroc pour les accords de paix dans ce pays africain fr\u00e8re \u00bb.<\/p>\n<p>Et d\u2019ajouter : \u00ab Non seulement le Maroc apporte un soutien au niveau des Nations-unies, mais \u00e9galement au niveau de l\u2019Union africaine (UA) \u00bb, notant qu\u2019en qualit\u00e9 de membre du Conseil de paix et de s\u00e9curit\u00e9 de l\u2019UA, le Maroc \u00ab\u00a0a tenu \u00e0 allouer le temps et les ressources n\u00e9cessaires \u00e0 l\u2019appui de l\u2019accord politique de paix et de r\u00e9conciliation \u00bb, sign\u00e9 gr\u00e2ce au leadership de M. Ndiaye.<\/p>\n<\/div>\n<p>Auteur: APA News<br \/>\n<a href=\"https:\/\/www.journalducameroun.com\/le-maroc-engage-dans-le-cadre-des-efforts-de-la-communaute-internationale-pour-le-maintien-de-la-paix-en-rca\/\">Cliquez ici pour lire l&rsquo;article depuis sa source.<\/a><\/p>\n","protected":false},"excerpt":{"rendered":"<p>Publi\u00e9 le 15.11.2019 \u00e0 22h18 par APA News Le Maroc \u00ab inscrit son engagement dans le cadre des efforts d\u00e9ploy\u00e9s par la communaut\u00e9 internationale pour le maintien et la consolidation de la paix en R\u00e9publique centrafricaine (RCA), a d\u00e9clar\u00e9, vendredi \u00e0 Rabat, le ministre des Affaires \u00e9trang\u00e8res, de la Coop\u00e9ration africaine et des Marocains r\u00e9sidant [&hellip;]<\/p>\n","protected":false},"author":1965,"featured_media":0,"comment_status":"closed","ping_status":"closed","sticky":false,"template":"","format":"standard","meta":{"fifu_image_url":"","fifu_image_alt":"","footnotes":""},"categories":[73,82],"tags":[],"class_list":["post-67625","post","type-post","status-publish","format-standard","hentry","category-actualite","category-cameroun"],"_links":{"self":[{"href":"https:\/\/linitiative.ca\/International\/wp-json\/wp\/v2\/posts\/67625","targetHints":{"allow":["GET"]}}],"collection":[{"href":"https:\/\/linitiative.ca\/International\/wp-json\/wp\/v2\/posts"}],"about":[{"href":"https:\/\/linitiative.ca\/International\/wp-json\/wp\/v2\/types\/post"}],"author":[{"embeddable":true,"href":"https:\/\/linitiative.ca\/International\/wp-json\/wp\/v2\/users\/1965"}],"replies":[{"embeddable":true,"href":"https:\/\/linitiative.ca\/International\/wp-json\/wp\/v2\/comments?post=67625"}],"version-history":[{"count":0,"href":"https:\/\/linitiative.ca\/International\/wp-json\/wp\/v2\/posts\/67625\/revisions"}],"wp:attachment":[{"href":"https:\/\/linitiative.ca\/International\/wp-json\/wp\/v2\/media?parent=67625"}],"wp:term":[{"taxonomy":"category","embeddable":true,"href":"https:\/\/linitiative.ca\/International\/wp-json\/wp\/v2\/categories?post=67625"},{"taxonomy":"post_tag","embeddable":true,"href":"https:\/\/linitiative.ca\/International\/wp-json\/wp\/v2\/tags?post=67625"}],"curies":[{"name":"wp","href":"https:\/\/api.w.org\/{rel}","templated":true}]}}