{"id":67626,"date":"2019-11-15T17:50:02","date_gmt":"2019-11-15T22:50:02","guid":{"rendered":"https:\/\/linitiative.ca\/International\/en-bolivie-les-tweets-anti-indigenes-effaces-par-la-presidente\/"},"modified":"2019-11-15T17:50:02","modified_gmt":"2019-11-15T22:50:02","slug":"en-bolivie-les-tweets-anti-indigenes-effaces-par-la-presidente","status":"publish","type":"post","link":"https:\/\/linitiative.ca\/International\/en-bolivie-les-tweets-anti-indigenes-effaces-par-la-presidente\/","title":{"rendered":"En Bolivie, les tweets anti-indig\u00e8nes effac\u00e9s par la pr\u00e9sidente"},"content":{"rendered":"<div readability=\"32\">\n<p>Publi\u00e9 le 15.11.2019 \u00e0 23h50 par AFP<\/p>\n<\/div>\n<div readability=\"142\">\n<p>Depuis son accession au pouvoir, mardi, des publications sur les r\u00e9seaux assurent que la pr\u00e9sidente par int\u00e9rim de la Bolivie Jeanine A\u00f1ez aurait effac\u00e9 des vieux messages compromettants sur Twitter. L\u2019AFP a v\u00e9rifi\u00e9 l\u2019existence de ces tweets: la plupart ont bel et bien exist\u00e9.<\/p>\n<p>Interrog\u00e9e \u00e0 ce sujet, la s\u00e9natrice de droite a ni\u00e9 avoir publi\u00e9 des messages \u00ab\u00a0malintentionn\u00e9s\u00a0\u00bb et a accus\u00e9 le camp d\u2019Evo Morales d\u2019avoir employ\u00e9 des \u00ab\u00a0guerriers num\u00e9riques\u00a0\u00bb pour falsifier son compte. \u00ab\u00a0J\u2019ai vu quelques tweets que je n\u2019ai jamais \u00e9crits\u00a0\u00bb, a ajout\u00e9 cette avocate de 52 ans qui affiche fi\u00e8rement sa foi chr\u00e9tienne, sans pr\u00e9ciser lesquels.<\/p>\n<p>\u2013 Le nouvel an aymara \u2013<\/p>\n<p>\u00ab\u00a0Pas de nouvel an aymara, ni d\u2019\u00e9toile du matin! Bande de sataniques, personne ne peut remplacer Dieu!\u00a0\u00bb, peut-on lire sur une des captures d\u2019\u00e9cran (1) qui circule, en r\u00e9f\u00e9rence aux festivit\u00e9s indig\u00e8nes qui se c\u00e9l\u00e8brent tous les 21 juin dans les communaut\u00e9s autochtones de Bolivie, du Chili, d\u2019Argentine et du P\u00e9rou pour marquer le d\u00e9but du nouveau cycle agricole.<\/p>\n<p>Ce tweet a \u00e9t\u00e9 publi\u00e9 par Mme A\u00f1ez le 20 juin 2013, \u00e0 la veille de la c\u00e9l\u00e9bration, avant d\u2019\u00eatre effac\u00e9. Le message est encore visible sur le site Wayback Machine (2), qui archive les pages web. Outre les nombreuses captures du tweet circulant sur internet, ce dernier peut se trouver en faisant une recherche avanc\u00e9e sur Google (3).<\/p>\n<p>1 \u2013 https:\/\/perma.cc\/7ZWX-ZAG8<\/p>\n<p>2 \u2013 http:\/\/u.afp.com\/JVSA<\/p>\n<p>3 \u2013 https:\/\/perma.cc\/6ZD3-RKPM<\/p>\n<p>\u2013 La Bolivie \u00ab\u00a0libre\u00a0\u00bb de ses indig\u00e8nes \u2013<\/p>\n<p>C\u2019est une des captures d\u2019\u00e9cran les plus partag\u00e9es. Il s\u2019agit d\u2019un suppos\u00e9 tweet (4) datant du 14 avril 2013: \u00ab\u00a0Je r\u00eave d\u2019une Bolivie libre des rites sataniques indig\u00e8nes, la ville n\u2019est pas faite pour les indiens, qu\u2019ils aillent vers l\u2019Altiplano ou le Chaco\u00a0\u00bb, en r\u00e9f\u00e9rence au Pantanal, qui s\u2019\u00e9tend entre la Bolivie, le Br\u00e9sil et le Paraguay et qui constitue la plus grande zone humide de le plan\u00e8te.<\/p>\n<p>Mais l\u2019AFP n\u2019a trouv\u00e9 aucune trace de cette publication, ni sur l\u2019historique des tweets de Mme A\u00f1ez (5) sur Wayback Machine, ni sur la recherche avanc\u00e9e de Google.<\/p>\n<p>4 \u2013 https:\/\/perma.cc\/MP9U-LKEQ<\/p>\n<p>5 \u2013 http:\/\/u.afp.com\/JVSm<\/p>\n<p>\u2013 Evo, le \u00ab\u00a0pauvre indig\u00e8ne\u00a0\u00bb \u2013<\/p>\n<p>Des captures d\u2019\u00e9cran d\u2019un tweet datant du 5 octobre 2019, o\u00f9 la pr\u00e9sidente qualifie celui qui est alors encore pr\u00e9sident de Bolivie de \u00ab\u00a0pauvre indig\u00e8ne\u00a0\u00bb \u00ab\u00a0accroch\u00e9 au pouvoir\u00a0\u00bb, sous un dessin d\u2019Evo Morales agrippant un fauteuil pr\u00e9sidentiel.<\/p>\n<p>Un journaliste de l\u2019AFP a pu faire une capture d\u2019\u00e9cran (6) montrant le tweet sur le compte d\u2019A\u00f1ez quelques minutes avant qu\u2019il ne soit effac\u00e9. Il est \u00e9galement rest\u00e9 archiv\u00e9 dans Wayback Machine (7).<\/p>\n<p>6 \u2013 https:\/\/perma.cc\/HPC6-85PV<\/p>\n<p>7 \u2013 http:\/\/u.afp.com\/JVSn<\/p>\n<p>\u2013 Doutes sur les peuples originaires \u2013<\/p>\n<p>D\u2019autres publications sur les r\u00e9seaux sociaux relaient la capture d\u2019\u00e9cran d\u2019un tweet (8) o\u00f9 Mme A\u00f1ez \u00e9met des doutes sur des personnes apparaissant sur une photo, en se demandant s\u2019ils font partie des peuples \u00ab\u00a0originaires\u00a0\u00bb.<\/p>\n<p>Le tweet date du 6 novembre, peu avant son arriv\u00e9e au pouvoir. Il a \u00e9t\u00e9 effac\u00e9 depuis. On le retrouve sur Wayback Machine (9) et sur la recherche avanc\u00e9e de Google (10).<\/p>\n<p>8 \u2013 https:\/\/perma.cc\/9WK7-4T3Y<\/p>\n<p>9 \u2013 http:\/\/u.afp.com\/JVS8<\/p>\n<p>10 \u2013 http:\/\/u.afp.com\/JVS8<\/p>\n<p>\u2013 Les explications de Mme A\u00f1ez \u2013<\/p>\n<p>\u00ab\u00a0J\u2019ai vu quelques tweets que je n\u2019ai jamais \u00e9crits\u00a0\u00bb, a-t-elle d\u00e9clar\u00e9 vendredi lors d\u2019une conf\u00e9rence de presse sans pr\u00e9ciser lesquels.<\/p>\n<p>\u00ab\u00a0Un des m\u00e9canismes de manipulation qu\u2019utilisait le gouvernement d\u2019Evo Morales, c\u2019est justement les r\u00e9seaux sociaux avec les c\u00e9l\u00e8bres guerriers num\u00e9riques qui (\u2026) \u00e9taient charg\u00e9s de surveiller les (comptes sur les) r\u00e9seaux sociaux des politiciens comme moi qui avons une autre mani\u00e8re de penser, qui avons choisi de vivre en d\u00e9mocratie et librement et qui sommes en train de nous battre pour cela, dans le but de falsifier les comptes\u00a0\u00bb, a-t-elle ajout\u00e9.<\/p>\n<\/div>\n<p>Auteur: AFP<br \/>\n<a href=\"https:\/\/www.journalducameroun.com\/en-bolivie-les-tweets-anti-indigenes-effaces-par-la-presidente\/\">Cliquez ici pour lire l&rsquo;article depuis sa source.<\/a><\/p>\n","protected":false},"excerpt":{"rendered":"<p>Publi\u00e9 le 15.11.2019 \u00e0 23h50 par AFP Depuis son accession au pouvoir, mardi, des publications sur les r\u00e9seaux assurent que la pr\u00e9sidente par int\u00e9rim de la Bolivie Jeanine A\u00f1ez aurait effac\u00e9 des vieux messages compromettants sur Twitter. L\u2019AFP a v\u00e9rifi\u00e9 l\u2019existence de ces tweets: la plupart ont bel et bien exist\u00e9. Interrog\u00e9e \u00e0 ce sujet, [&hellip;]<\/p>\n","protected":false},"author":1965,"featured_media":0,"comment_status":"closed","ping_status":"closed","sticky":false,"template":"","format":"standard","meta":{"fifu_image_url":"","fifu_image_alt":"","footnotes":""},"categories":[73,82],"tags":[],"class_list":["post-67626","post","type-post","status-publish","format-standard","hentry","category-actualite","category-cameroun"],"_links":{"self":[{"href":"https:\/\/linitiative.ca\/International\/wp-json\/wp\/v2\/posts\/67626","targetHints":{"allow":["GET"]}}],"collection":[{"href":"https:\/\/linitiative.ca\/International\/wp-json\/wp\/v2\/posts"}],"about":[{"href":"https:\/\/linitiative.ca\/International\/wp-json\/wp\/v2\/types\/post"}],"author":[{"embeddable":true,"href":"https:\/\/linitiative.ca\/International\/wp-json\/wp\/v2\/users\/1965"}],"replies":[{"embeddable":true,"href":"https:\/\/linitiative.ca\/International\/wp-json\/wp\/v2\/comments?post=67626"}],"version-history":[{"count":0,"href":"https:\/\/linitiative.ca\/International\/wp-json\/wp\/v2\/posts\/67626\/revisions"}],"wp:attachment":[{"href":"https:\/\/linitiative.ca\/International\/wp-json\/wp\/v2\/media?parent=67626"}],"wp:term":[{"taxonomy":"category","embeddable":true,"href":"https:\/\/linitiative.ca\/International\/wp-json\/wp\/v2\/categories?post=67626"},{"taxonomy":"post_tag","embeddable":true,"href":"https:\/\/linitiative.ca\/International\/wp-json\/wp\/v2\/tags?post=67626"}],"curies":[{"name":"wp","href":"https:\/\/api.w.org\/{rel}","templated":true}]}}