{"id":67628,"date":"2019-11-15T03:10:51","date_gmt":"2019-11-15T08:10:51","guid":{"rendered":"https:\/\/linitiative.ca\/International\/energie-la-construction-du-barrage-de-bini-a-warak-a-repris\/"},"modified":"2019-11-15T03:10:51","modified_gmt":"2019-11-15T08:10:51","slug":"energie-la-construction-du-barrage-de-bini-a-warak-a-repris","status":"publish","type":"post","link":"https:\/\/linitiative.ca\/International\/energie-la-construction-du-barrage-de-bini-a-warak-a-repris\/","title":{"rendered":"Energie : la construction du Barrage de Bini \u00e0 Warak a repris"},"content":{"rendered":"<p>Il aura fallu attendre neuf mois pour que les travaux de construction du barrage de <strong>Bini \u00e0 Warak<\/strong>, (<strong>75MW<\/strong>), situ\u00e9 dans le d\u00e9partement de la Vina, r\u00e9gion de l\u2019Adamaoua red\u00e9marrent. Du camion-benne au bulldozer, des engins sur roues, tout est mis \u00e0 contribution. Alors que certains ouvriers travaillent \u00e0 la carri\u00e8re, d\u2019autres sont \u00e0 l\u2019\u0153uvre au d\u00e9partement technique et au service d\u2019entretien du site.<\/p>\n<hr\/>\n<h5>>> Lire aussi \u2013<a href=\"https:\/\/ecomatin.net\/gestion-du-barrage-hydroelectrique-polemique-autour-de-la-fusion-memveele-edc\/\">Gestion du barrage hydro\u00e9lectrique : pol\u00e9mique autour de la fusion Memve\u2019ele-EDC<\/a><\/h5>\n<hr\/>\n<p>Cette reprise est cons\u00e9cutive \u00e0 la s\u00e9rie de n\u00e9gociations entam\u00e9e \u00e0 la mi-f\u00e9vrier 2019, entre <strong>Gaston Eloundou Essomba<\/strong>, ministre de l\u2019Eau et de l\u2019Energie, son homologue, <strong>Gr\u00e9goire Owona<\/strong>, du Travail et de la S\u00e9curit\u00e9 sociale, les populations et les employ\u00e9s.\u00a0 Les deux membres du gouvernement ont tour \u00e0 tour entendu les chefs traditionnels, les responsables de la soci\u00e9t\u00e9 <strong>Synohydro<\/strong>, ma\u00eetre d\u2019\u0153uvre du chantier, ainsi que les repr\u00e9sentants des employ\u00e9s.\u00a0 A l\u2019issue des \u00e9changes, les deux membres du gouvernement ont promis de r\u00e9soudre le probl\u00e8me dans les meilleurs d\u00e9lais. L\u2019Etat a pu lever les contraintes financi\u00e8res auxquelles il faisait face dans le cadre du lancement de ce projet, apprend-on de sources proches du dossier. Un avenant a \u00e9t\u00e9 sign\u00e9 au d\u00e9but du mois de septembre entre le gouvernement et l\u2019entreprise Synohydro.<\/p>\n<p>A l\u2019origine de l\u2019arr\u00eat des travaux entam\u00e9s en 2017, il y avait d\u2019abord les difficult\u00e9s financi\u00e8res. Car, jusque-l\u00e0, l\u2019\u00c9tat camerounais peinait \u00e0 payer le reliquat de <strong>4 milliards de FCFA<\/strong> de frais d\u2019assurances (<strong>13 milliards de FCFA<\/strong> au total), qui a conditionn\u00e9 le d\u00e9blocage du financement <strong>d\u2019Eximbank China<\/strong> relatif \u00e0 ce projet. Ensuite, il y avait des arbitrages qui trainaient au sein du gouvernement, notamment sur l\u2019imputation des diff\u00e9rents imp\u00f4ts relatifs au contrat pass\u00e9 avec Sinohydro, cette entreprise ayant \u00e9t\u00e9 exon\u00e9r\u00e9e de toutes les taxes. Enfin, il y a l\u2019\u00e9pineux probl\u00e8me des indemnisations des riverains.<\/p>\n<hr\/>\n<h5>>> Lire aussi \u2013<a href=\"https:\/\/ecomatin.net\/construction-du-barrage-de-mape-17-fonctionnaires-accuses-de-detournement-de-plus-de-100-millions-fcfa\/\">Construction du barrage de Map\u00e9 : 17 fonctionnaires accus\u00e9s de d\u00e9tournement de plus de 100 millions FCFA<\/a><\/h5>\n<hr\/>\n<p>Ce contretemps a conduit d\u2019ailleurs au licenciement et \u00e0 la mise en ch\u00f4mage technique de plusieurs employ\u00e9s. Sur les <strong>260 personnels<\/strong> de d\u00e9part, il ne restait que <strong>80<\/strong> \u00e0 travailler sur le site. De m\u00eame, plusieurs ing\u00e9nieurs chinois ont pr\u00e9f\u00e9r\u00e9 plier bagage, en attendant que les travaux reprennent. Ce barrage, une fois \u00e0 terme en 2021 d\u2019apr\u00e8s les pr\u00e9visions devrait r\u00e9sorber le d\u00e9ficit \u00e9nerg\u00e9tique du Septentrion d\u00fb au faible rendement du barrage de Lagdo (<strong>78MW<\/strong>).<\/p>\n<div class=\"about-author about-author-box container-wrapper\">\n<div class=\"author-avatar\"><img decoding=\"async\" src=\"http:\/\/\" alt=\"\"\/><\/div>\n<p><h4>La R\u00e9daction EcoMatin<\/h4>\n<\/p>\n<\/div>\n<div class=\"awac-wrapper awac widget blog_subscription-2\">\n<h4 class=\"widget-title\">Abonnez-vous \u00e0 notre lettre d&rsquo;information<\/h4>\n<\/div>\n<p>Auteur: EcoMatin<br \/>\n<a href=\"https:\/\/ecomatin.net\/energie-la-construction-du-barrage-de-bini-a-warak-a-repris\/\">Cliquez ici pour lire l&rsquo;article depuis sa source.<\/a><\/p>\n","protected":false},"excerpt":{"rendered":"<p>Il aura fallu attendre neuf mois pour que les travaux de construction du barrage de Bini \u00e0 Warak, (75MW), situ\u00e9 dans le d\u00e9partement de la Vina, r\u00e9gion de l\u2019Adamaoua red\u00e9marrent. Du camion-benne au bulldozer, des engins sur roues, tout est mis \u00e0 contribution. Alors que certains ouvriers travaillent \u00e0 la carri\u00e8re, d\u2019autres sont \u00e0 l\u2019\u0153uvre [&hellip;]<\/p>\n","protected":false},"author":1969,"featured_media":0,"comment_status":"closed","ping_status":"closed","sticky":false,"template":"","format":"standard","meta":{"fifu_image_url":"","fifu_image_alt":"","footnotes":""},"categories":[82,78],"tags":[],"class_list":["post-67628","post","type-post","status-publish","format-standard","hentry","category-cameroun","category-economie"],"_links":{"self":[{"href":"https:\/\/linitiative.ca\/International\/wp-json\/wp\/v2\/posts\/67628","targetHints":{"allow":["GET"]}}],"collection":[{"href":"https:\/\/linitiative.ca\/International\/wp-json\/wp\/v2\/posts"}],"about":[{"href":"https:\/\/linitiative.ca\/International\/wp-json\/wp\/v2\/types\/post"}],"author":[{"embeddable":true,"href":"https:\/\/linitiative.ca\/International\/wp-json\/wp\/v2\/users\/1969"}],"replies":[{"embeddable":true,"href":"https:\/\/linitiative.ca\/International\/wp-json\/wp\/v2\/comments?post=67628"}],"version-history":[{"count":0,"href":"https:\/\/linitiative.ca\/International\/wp-json\/wp\/v2\/posts\/67628\/revisions"}],"wp:attachment":[{"href":"https:\/\/linitiative.ca\/International\/wp-json\/wp\/v2\/media?parent=67628"}],"wp:term":[{"taxonomy":"category","embeddable":true,"href":"https:\/\/linitiative.ca\/International\/wp-json\/wp\/v2\/categories?post=67628"},{"taxonomy":"post_tag","embeddable":true,"href":"https:\/\/linitiative.ca\/International\/wp-json\/wp\/v2\/tags?post=67628"}],"curies":[{"name":"wp","href":"https:\/\/api.w.org\/{rel}","templated":true}]}}