{"id":67631,"date":"2019-11-16T03:04:43","date_gmt":"2019-11-16T08:04:43","guid":{"rendered":"https:\/\/linitiative.ca\/International\/des-journees-dediees-a-partir-du-19-novembre-lacademie-hassan-ii-des-sciences-et-techniques-met-a-lhonneur-les-jeunes-et-la-science\/"},"modified":"2019-11-16T03:04:43","modified_gmt":"2019-11-16T08:04:43","slug":"des-journees-dediees-a-partir-du-19-novembre-lacademie-hassan-ii-des-sciences-et-techniques-met-a-lhonneur-les-jeunes-et-la-science","status":"publish","type":"post","link":"https:\/\/linitiative.ca\/International\/des-journees-dediees-a-partir-du-19-novembre-lacademie-hassan-ii-des-sciences-et-techniques-met-a-lhonneur-les-jeunes-et-la-science\/","title":{"rendered":"Des journ\u00e9es d\u00e9di\u00e9es \u00e0 partir du 19 novembre : L\u2019Acad\u00e9mie Hassan II des sciences et techniques met \u00e0 l\u2019honneur les jeunes et la science"},"content":{"rendered":"<header>\n<\/header>\n<div class=\"entry-content clearfix\" readability=\"46\"><img decoding=\"async\" class=\"post_layout_5_img\" src=\"http:\/\/aujourdhui.ma\/wp-content\/uploads\/2019\/11\/Acade%CC%81mie-Hassan-II-des-sciences-et-techniques-.jpg?x29840\" alt=\"Des journ\u00e9es d\u00e9di\u00e9es \u00e0 partir du 19 novembre : L\u2019Acad\u00e9mie Hassan II des sciences et techniques met \u00e0 l\u2019honneur les jeunes et la science\"\/><\/p>\n<p class=\"p1\"><span class=\"s1\"><span class=\"c4\"><strong>L\u2019Acad\u00e9mie Hassan II des sciences et techniques organise, en partenariat avec le d\u00e9partement minist\u00e9riel en charge de l\u2019\u00e9ducation nationale, les journ\u00e9es \u00ables jeunes et la science au service du d\u00e9veloppement\u00bb.<\/strong><\/span><\/span> <span id=\"more-323583\"\/><\/p>\n<p class=\"p1\"><span class=\"s1\">Ces journ\u00e9es dont le lancement est pr\u00e9vu le 19 novembre 2019 seront sous le th\u00e8me \u00abLe tableau p\u00e9riodique des \u00e9l\u00e9ments chimiques au c\u0153ur de l\u2019ordre de la mati\u00e8re et de l\u2019univers\u00bb.<\/span><\/p>\n<p class=\"p1\"><span class=\"s1\">A travers le choix de ce th\u00e8me, l\u2019Acad\u00e9mie s\u2019associe \u00e0 la d\u00e9cision prise par l\u2019Assembl\u00e9e g\u00e9n\u00e9rale des Nations Unies et la Conf\u00e9rence g\u00e9n\u00e9rale de l\u2019Unesco de faire de 2019 <em>\u00abl\u2019Ann\u00e9e internationale du Tableau p\u00e9riodique des \u00e9l\u00e9ments chimiques\u00bb,<\/em> expliquent les organisateurs. La c\u00e9r\u00e9monie de lancement se d\u00e9roulera \u00e0 l\u2019Acad\u00e9mie du Royaume du Maroc.<\/span><\/p>\n<\/div>\n<p>Auteur: ALM<br \/>\n<a href=\"http:\/\/aujourdhui.ma\/emploi\/formation\/des-journees-dediees-a-partir-du-19-novembre-lacademie-hassan-ii-des-sciences-et-techniques-met-a-lhonneur-les-jeunes-et-la-science\">Cliquez ici pour lire l&rsquo;article depuis sa source.<\/a><\/p>\n","protected":false},"excerpt":{"rendered":"<p>L\u2019Acad\u00e9mie Hassan II des sciences et techniques organise, en partenariat avec le d\u00e9partement minist\u00e9riel en charge de l\u2019\u00e9ducation nationale, les journ\u00e9es \u00ables jeunes et la science au service du d\u00e9veloppement\u00bb. Ces journ\u00e9es dont le lancement est pr\u00e9vu le 19 novembre 2019 seront sous le th\u00e8me \u00abLe tableau p\u00e9riodique des \u00e9l\u00e9ments chimiques au c\u0153ur de l\u2019ordre [&hellip;]<\/p>\n","protected":false},"author":1759,"featured_media":0,"comment_status":"closed","ping_status":"closed","sticky":false,"template":"","format":"standard","meta":{"fifu_image_url":"","fifu_image_alt":"","footnotes":""},"categories":[73,54],"tags":[],"class_list":["post-67631","post","type-post","status-publish","format-standard","hentry","category-actualite","category-maroc"],"_links":{"self":[{"href":"https:\/\/linitiative.ca\/International\/wp-json\/wp\/v2\/posts\/67631","targetHints":{"allow":["GET"]}}],"collection":[{"href":"https:\/\/linitiative.ca\/International\/wp-json\/wp\/v2\/posts"}],"about":[{"href":"https:\/\/linitiative.ca\/International\/wp-json\/wp\/v2\/types\/post"}],"author":[{"embeddable":true,"href":"https:\/\/linitiative.ca\/International\/wp-json\/wp\/v2\/users\/1759"}],"replies":[{"embeddable":true,"href":"https:\/\/linitiative.ca\/International\/wp-json\/wp\/v2\/comments?post=67631"}],"version-history":[{"count":0,"href":"https:\/\/linitiative.ca\/International\/wp-json\/wp\/v2\/posts\/67631\/revisions"}],"wp:attachment":[{"href":"https:\/\/linitiative.ca\/International\/wp-json\/wp\/v2\/media?parent=67631"}],"wp:term":[{"taxonomy":"category","embeddable":true,"href":"https:\/\/linitiative.ca\/International\/wp-json\/wp\/v2\/categories?post=67631"},{"taxonomy":"post_tag","embeddable":true,"href":"https:\/\/linitiative.ca\/International\/wp-json\/wp\/v2\/tags?post=67631"}],"curies":[{"name":"wp","href":"https:\/\/api.w.org\/{rel}","templated":true}]}}