{"id":67634,"date":"2019-11-16T03:10:07","date_gmt":"2019-11-16T08:10:07","guid":{"rendered":"https:\/\/linitiative.ca\/International\/ali-boufetass-la-refonte-de-la-rue-pietonne-mettra-fin-a-lanarchie\/"},"modified":"2019-11-16T03:10:07","modified_gmt":"2019-11-16T08:10:07","slug":"ali-boufetass-la-refonte-de-la-rue-pietonne-mettra-fin-a-lanarchie","status":"publish","type":"post","link":"https:\/\/linitiative.ca\/International\/ali-boufetass-la-refonte-de-la-rue-pietonne-mettra-fin-a-lanarchie\/","title":{"rendered":"Ali Boufetass : \u00abLa refonte de la rue pi\u00e9tonne mettra fin \u00e0 l\u2019anarchie\u00bb"},"content":{"rendered":"<p><img decoding=\"async\" class=\"post_layout_5_img\" src=\"http:\/\/aujourdhui.ma\/wp-content\/uploads\/2019\/11\/Ali-Boufetass-pre%CC%81sident-de-l%E2%80%99Association-Assaffaa.jpg?x29840\" alt=\"Ali Boufetass : \u00abLa refonte de la rue pi\u00e9tonne mettra fin \u00e0 l\u2019anarchie\u00bb\"\/><\/p>\n<p class=\"p1\"><span class=\"c4\"><strong><em>Entretien avec<\/em> Ali Boufetass<em>, pr\u00e9sident de l\u2019Association Assaffaa des commer\u00e7ants\u00a0<\/em><em>des professions lib\u00e9rales et des services du centre-ville<\/em><\/strong><\/span><span id=\"more-323662\"\/><\/p>\n<div class=\"base-box mom_box_sc_custom mom_box_sc clear c5\" readability=\"10\">\n<p class=\"p1\"><strong><span class=\"s1\"><em>Op\u00e9ration lifting pour la rue pi\u00e9tonne du centre-ville de Casablanca. Ce p\u00e9rim\u00e8tre connu des Casablancais par \u00abLe Prince\u00bb conna\u00eet une refonte globale lui permettant ainsi de se repositionner sur le plan commercial et urbain. Les travaux sont actuellement enclench\u00e9s dotant la rue d\u2019une nouvelle architecture. Ce chantier vient rassurer les commer\u00e7ants de la place qui face \u00e0 l\u2019anarchie qui y a s\u00e9vi durant ces derni\u00e8res ann\u00e9es ont pratiquement perdu espoir. Certains d\u2019entre eux ont m\u00eame pens\u00e9 \u00e0 fermer boutique et trouver un quartier plus s\u00fbr pour exercer leurs activit\u00e9s. Ali Boufetass livre sa lecture des faits et des attentes des professionnels de ce nouveau chantier.<\/em><\/span><\/strong><\/p>\n<\/div>\n<p class=\"p1\"><span class=\"s1\"><strong>ALM : Le centre-ville de Casablanca fait peau neuve. Comment les commer\u00e7ants de la place accueillent-ils ce chantier ?<\/strong><\/span><\/p>\n<p class=\"p1\"><span class=\"s1\"><strong>Ali Boufetass :<\/strong> Nous sommes ravis que notre r\u00eave et souhait puisse enfin \u00eatre r\u00e9alis\u00e9. Cela fait trois ans que nous bataillons<span class=\"Apple-converted-space\">\u00a0<\/span> pour que le centre-ville puisse retrouver son lustre d\u2019antan. Ce chantier est accueilli avec satisfaction mais toutefois avec une petite ombre de crainte puisque nous avons quand m\u00eame sur le cahier des charges une ann\u00e9e de travaux. Tout le monde appr\u00e9hende cette p\u00e9riode et on ne sait pas trop de quelle mani\u00e8re les travaux pourront avancer. N\u2019oublions pas que nous commer\u00e7ants avons des engagements \u00e0 honorer vis-\u00e0-vis de nos fournisseurs et le fait qu\u2019il y ait des travaux \u00e0 proximit\u00e9 pourra freiner notre activit\u00e9. Lors de la r\u00e9union que nous avons eue r\u00e9cemment avec les autorit\u00e9s locales, il nous a \u00e9t\u00e9 confi\u00e9 que les travaux se d\u00e9rouleront en plusieurs \u00e9quipes permettant ainsi d\u2019achever le chantier dans les d\u00e9lais impartis quitte m\u00eame \u00e0 travailler la nuit au moins jusqu\u2019\u00e0 une heure tardive le soir, tant que cela ne d\u00e9range pas les habitants. Comme dit l\u2019adage, pour embellir il faut souffrir. Nous allons nous y mettre pour la bonne cause.<\/span><\/p>\n<p class=\"p1\"><span class=\"s1\"><strong>A part la dur\u00e9e de r\u00e9alisation de ce chantier, quels ont \u00e9t\u00e9 les autres points d\u00e9battus lors de la rencontre avec les autorit\u00e9s locales ?<\/strong><\/span><\/p>\n<p class=\"p1\"><span class=\"s1\">Il est utile de noter que nous nous sommes entretenus avec le gouverneur de Casa Anfa, le patron de Casa Am\u00e9nagement et le staff technique du projet. Cette r\u00e9union nous a permis d\u2019avoir une id\u00e9e de ce qui va se faire<span class=\"Apple-converted-space\">\u00a0<\/span> \u00e0 terme. Une d\u00e9monstration en 3D nous a \u00e9t\u00e9 pr\u00e9sent\u00e9e, d\u00e9voilant ainsi la nouvelle configuration de la rue pi\u00e9tonne telle qu\u2019elle est projet\u00e9e. Le moins qu\u2019on puisse dire est que la nouvelle architecture est f\u00e9erique, et ce \u00e0 l\u2019instar de ce qui fait dans les grandes villes \u00e0 l\u2019\u00e9tranger.<span class=\"Apple-converted-space\">\u00a0<\/span> Parmi les d\u00e9tails d\u00e9voil\u00e9s, on \u00e9num\u00e8re<span class=\"Apple-converted-space\">\u00a0<\/span> le changement de granit, la pr\u00e9servation de quelques arbres au niveau de la rue pi\u00e9tonne, un \u00e9clairage \u00absky\u00bb au lieu des lampadaires existants ainsi que l\u2019installation de cam\u00e9ra avec un DVR \u00e0 la fois chez la S\u00fbret\u00e9 nationale et un membre de notre bureau. Pour plus d\u2019esth\u00e9tique, l\u2019une des deux fontaines sera compl\u00e8tement ras\u00e9e au moment o\u00f9 celle en face de \u00abGoethe Institut\u00bb sera mise \u00e0 ras de sol. La nouveaut\u00e9 apport\u00e9e par ce chantier est que les trois rues adjacentes seront \u00e9galement pi\u00e9tonnes avec une connexion allant jusqu\u2019\u00e0 la place des Nations Unies. Ces rues \u00e9taient auparavant squatt\u00e9es par les chauffeurs de grands taxis qui en ont fait \u00abill\u00e9galement\u00bb un parking. Cette refonte de la rue pi\u00e9tonne mettra fin \u00e0 l\u2019anarchie que conna\u00eet cette place durant les derni\u00e8res ann\u00e9es, notamment avec l\u2019installation des vendeurs ambulants et la prolif\u00e9ration des sans-abri.\u00a0<\/span><\/p>\n<p class=\"p1\"><span class=\"s1\"><strong>Quel sera l\u2019impact de cette nouvelle architecture sur votre activit\u00e9 ?<\/strong><\/span><\/p>\n<p class=\"p1\"><span class=\"s1\">L\u2019impact ne pourra \u00eatre que positif. La valeur immobili\u00e8re du centre-ville va augmenter. L\u2019impact commercial aussi. Nous esp\u00e9rons drainer une nouvelle client\u00e8le et surtout attirer les franchises au centre-ville. J\u2019esp\u00e8re que cette mise \u00e0 niveau conna\u00eetra un franc succ\u00e8s.<\/span><\/p>\n<p class=\"p1\"><span class=\"s1\"><strong>Quelles sont les probl\u00e9matiques relev\u00e9es par les professionnels au niveau de ce quartier embl\u00e9matique de la ville ?<\/strong><\/span><\/p>\n<p class=\"p1\"><span class=\"s1\">Le stationnement reste la principale probl\u00e9matique. D\u00e9j\u00e0, en 2012, ann\u00e9e du lancement du tramway, aucune infrastructure de stationnement n\u2019a \u00e9t\u00e9 pr\u00e9vue. Maintenant nous disposons d\u2019un parking au niveau de la wilaya mais \u00e0 mon avis cela ne r\u00e8gle pas le probl\u00e8me. Et pour cause: le manque de communication autour de cette infrastructure. De m\u00eame le tarif appliqu\u00e9 reste cher par rapport \u00e0 la grande masse. Je ne sais pas si les prix vont \u00eatre revus \u00e0 la baisse pour encourager les gens \u00e0 venir y stationner.<\/span><\/p>\n<p class=\"p1\"><span class=\"s1\"><strong>En tant qu\u2019association comment agissez-vous pour relever les d\u00e9fis rencontr\u00e9s au quotidien ?<\/strong><\/span><\/p>\n<p class=\"p1\"><span class=\"s1\">L\u2019association se bat et continuera toujours \u00e0 se battre pour redorer le blason du centre-ville. Maintenant que les choses vont reprendre il y a un engagement \u00e0 respecter. Le deal fait avec les autorit\u00e9s locales porte sur trois points. La premi\u00e8re des choses est de refaire les devantures des magasins, si besoin, au cours de cette ann\u00e9e, et ce pour ne pas d\u00e9t\u00e9riorer ce qui va se faire par la suite. De m\u00eame, nous comptons engager 9 vigiles pour assurer la s\u00e9curit\u00e9 de cet espace. Le troisi\u00e8me point concerne l\u2019installation des chaises d\u2019une place qui vont \u00eatre construites pour permettre aux visiteurs de la place de se reposer le temps d\u2019un shopping. Nous allons proc\u00e9der \u00e0 un rep\u00e9rage pour identifier o\u00f9 ces chaises seront install\u00e9es de sorte \u00e0 ne pas d\u00e9ranger les propri\u00e9taires des magasins et leurs client\u00e8les.<\/span><\/p>\n<p>Auteur: Kawtar Tali<br \/>\n<a href=\"http:\/\/aujourdhui.ma\/societe\/ali-boufetass-la-refonte-de-la-rue-pietonne-mettra-fin-a-lanarchie\">Cliquez ici pour lire l&rsquo;article depuis sa source.<\/a><\/p>\n","protected":false},"excerpt":{"rendered":"<p>Entretien avec Ali Boufetass, pr\u00e9sident de l\u2019Association Assaffaa des commer\u00e7ants\u00a0des professions lib\u00e9rales et des services du centre-ville Op\u00e9ration lifting pour la rue pi\u00e9tonne du centre-ville de Casablanca. Ce p\u00e9rim\u00e8tre connu des Casablancais par \u00abLe Prince\u00bb conna\u00eet une refonte globale lui permettant ainsi de se repositionner sur le plan commercial et urbain. Les travaux sont actuellement [&hellip;]<\/p>\n","protected":false},"author":1759,"featured_media":0,"comment_status":"closed","ping_status":"closed","sticky":false,"template":"","format":"standard","meta":{"fifu_image_url":"","fifu_image_alt":"","footnotes":""},"categories":[73,54],"tags":[],"class_list":["post-67634","post","type-post","status-publish","format-standard","hentry","category-actualite","category-maroc"],"_links":{"self":[{"href":"https:\/\/linitiative.ca\/International\/wp-json\/wp\/v2\/posts\/67634","targetHints":{"allow":["GET"]}}],"collection":[{"href":"https:\/\/linitiative.ca\/International\/wp-json\/wp\/v2\/posts"}],"about":[{"href":"https:\/\/linitiative.ca\/International\/wp-json\/wp\/v2\/types\/post"}],"author":[{"embeddable":true,"href":"https:\/\/linitiative.ca\/International\/wp-json\/wp\/v2\/users\/1759"}],"replies":[{"embeddable":true,"href":"https:\/\/linitiative.ca\/International\/wp-json\/wp\/v2\/comments?post=67634"}],"version-history":[{"count":0,"href":"https:\/\/linitiative.ca\/International\/wp-json\/wp\/v2\/posts\/67634\/revisions"}],"wp:attachment":[{"href":"https:\/\/linitiative.ca\/International\/wp-json\/wp\/v2\/media?parent=67634"}],"wp:term":[{"taxonomy":"category","embeddable":true,"href":"https:\/\/linitiative.ca\/International\/wp-json\/wp\/v2\/categories?post=67634"},{"taxonomy":"post_tag","embeddable":true,"href":"https:\/\/linitiative.ca\/International\/wp-json\/wp\/v2\/tags?post=67634"}],"curies":[{"name":"wp","href":"https:\/\/api.w.org\/{rel}","templated":true}]}}