{"id":67635,"date":"2019-11-16T03:11:48","date_gmt":"2019-11-16T08:11:48","guid":{"rendered":"https:\/\/linitiative.ca\/International\/brahim-el-mazned-visa-for-music-a-permis-a-plusieurs-artistes-de-se-produire-a-travers-le-monde\/"},"modified":"2019-11-16T03:11:48","modified_gmt":"2019-11-16T08:11:48","slug":"brahim-el-mazned-visa-for-music-a-permis-a-plusieurs-artistes-de-se-produire-a-travers-le-monde","status":"publish","type":"post","link":"https:\/\/linitiative.ca\/International\/brahim-el-mazned-visa-for-music-a-permis-a-plusieurs-artistes-de-se-produire-a-travers-le-monde\/","title":{"rendered":"Brahim El Mazned : \u00abVisa For Music a permis \u00e0 plusieurs  artistes de se produire \u00e0 travers le monde\u00bb"},"content":{"rendered":"<p><img decoding=\"async\" class=\"post_layout_5_img\" src=\"http:\/\/aujourdhui.ma\/wp-content\/uploads\/2017\/11\/Brahim-El-Mazned-Fondateur-DG-de-Visa-For-Music-1.jpg?x29840\" alt=\"Brahim El Mazned : \u00abVisa For Music a permis \u00e0 plusieurs artistes de se produire \u00e0 travers le monde\u00bb\"\/><\/p>\n<p class=\"p1\"><span class=\"c4\"><strong><em>Entretien avec<\/em> Brahim El Mazned, f<em>ondateur et directeur de Visa For Music<\/em><\/strong><\/span><span id=\"more-323719\"\/><\/p>\n<div class=\"base-box mom_box_sc_custom mom_box_sc clear c5\" readability=\"10\">\n<p><span class=\"s1\"><em>Cette \u00e9dition conna\u00eetra la participation des artistes tr\u00e8s talentueux venus d\u2019Afrique, du Moyen-Orient, de l\u2019Europe aussi. Elle sera marqu\u00e9e par une pr\u00e9sence f\u00e9minine remarqu\u00e9e.<\/em><\/span><\/p>\n<\/div>\n<p class=\"p2\"><span class=\"s1\"><strong>ALM : La 6\u00e8me \u00e9dition du Salon des musiques d\u2019Afrique et du Moyen-Orient est pr\u00e9vue du 20 au 23 novembre \u00e0 Rabat.<span class=\"Apple-converted-space\">\u00a0<\/span> Qu\u2019est-ce qui distingue cette nouvelle \u00e9dition?<\/strong><\/span><\/p>\n<p class=\"p2\"><span class=\"s1\"><strong>Brahim El Mazned :<\/strong> La 6\u00e8me \u00e9dition est dans la continuit\u00e9 du festival qui est \u00e0 la fois forum et march\u00e9 des musiques de l\u2019Afrique et du Moyen-Orient. Cette \u00e9dition conna\u00eetra la participation des artistes tr\u00e8s talentueux venus d\u2019Afrique, du Moyen-Orient, de l\u2019Europe aussi. Elle sera marqu\u00e9e par une pr\u00e9sence f\u00e9minine remarqu\u00e9e. Elle offre un programme tr\u00e8s riche. Elle comprend entre autres des ateliers de d\u00e9veloppement en faveur des jeunes entrepreneurs et des artistes que \u00e7a soit les managers ou les organisateurs de spectacles vivants. Le programme comprend \u00e9galement des conf\u00e9rences plac\u00e9es sous plusieurs th\u00e8mes int\u00e9ressants dont notamment \u00abLe r\u00f4le de l\u2019universit\u00e9 et centres de formation dans le secteur culturel\u00bb ou \u00abLa culture comme moteur de d\u00e9veloppement\u00bb.\u00a0<\/span><\/p>\n<p class=\"p2\"><span class=\"s1\"><strong>L\u2019ann\u00e9e derni\u00e8re vous avez indiqu\u00e9 que le salon n\u2019a pas \u00e9t\u00e9 compris par les bailleurs de fonds et qu\u2019il est amen\u00e9 \u00e0 se d\u00e9velopper. Est-ce que cette ann\u00e9e vous arrivez \u00e0 trouver de nouveaux partenariats et sponsors et quel est le budget total de cet \u00e9v\u00e9nement?<\/strong><\/span><\/p>\n<p class=\"p2\"><span class=\"s1\">On est toujours \u00e0 la recherche de partenaires pour faire grandir ce projet. Je pense qu\u2019on a r\u00e9ussi \u00e0 fid\u00e9liser quelques-uns de nos partenaires qu\u2019ils soient marocains ou \u00e9trangers. Mais en tous les cas, nous sommes toujours \u00e9videmment \u00e0 la recherche de potentiels partenaires publics ou priv\u00e9s. Pour le moment on a encore du mal parce que le projet est un peu atypique. Il n\u2019est pas forc\u00e9ment facile \u00e0 comprendre mais nous ne d\u00e9sesp\u00e9rons pas de trouver des partenaires pour ce projet. Nous travaillons aujourd\u2019hui avec pratiquement une valeur de 300 millions de dirhams. Ainsi, des bailleurs qui mettent \u00e0 notre disposition des lieux \u00e0 titre gratuit, des moyens et des voitures. Ce n\u2019est pas comme un festival traditionnel o\u00f9 le budget est d\u00e9fini par les partenaires. Pour le moment on a un seul sponsor.<\/span><\/p>\n<p class=\"p2\"><span class=\"s1\"><strong>Quelles sont les retomb\u00e9es financi\u00e8res et \u00e9conomiques sur la fili\u00e8re musicale au Maroc et en Afrique ?<\/strong><\/span><\/p>\n<p class=\"p2\"><span class=\"s1\">Les retomb\u00e9es sont inestimables. De plus, ce rendez-vous a permis \u00e0 plusieurs artistes de se produire \u00e0 travers le monde. Les programmateurs que nous invitons sont l\u00e0 pour s\u00e9lectionner les artistes marocains ou subsahariens \u00e0 se produire dans leurs festivals d\u2019\u00e9t\u00e9. Je me r\u00e9jouis ainsi de voir que plusieurs artistes ont \u00e9t\u00e9 choisis pour se faire produire dans leurs pays. Mais, il y a des retomb\u00e9es \u00e9conomiques tr\u00e8s importantes sur la ville de Rabat, estim\u00e9es \u00e0 peu pr\u00e8s d\u2019un million de dollars, vu le nombre des invit\u00e9s venus en ville.<\/span><\/p>\n<p class=\"p2\"><span class=\"s1\"><strong>Combien de visiteurs attendus pour cette \u00e9dition ?<\/strong><\/span><\/p>\n<p class=\"p2\"><span class=\"s1\">Pour le moment, il y a plus de 1.000 professionnels qui se sont inscrits du Maroc et de l\u2019\u00e9tranger. Pour les spectateurs, \u00e7a doit \u00eatre autour de 15.000.<\/span><\/p>\n<p>Auteur: Siham Jadraoui<br \/>\n<a href=\"http:\/\/aujourdhui.ma\/culture\/musique\/brahim-el-mazned-visa-for-music-a-permis-a-plusieurs-artistes-de-se-produire-a-travers-le-monde\">Cliquez ici pour lire l&rsquo;article depuis sa source.<\/a><\/p>\n","protected":false},"excerpt":{"rendered":"<p>Entretien avec Brahim El Mazned, fondateur et directeur de Visa For Music Cette \u00e9dition conna\u00eetra la participation des artistes tr\u00e8s talentueux venus d\u2019Afrique, du Moyen-Orient, de l\u2019Europe aussi. Elle sera marqu\u00e9e par une pr\u00e9sence f\u00e9minine remarqu\u00e9e. ALM : La 6\u00e8me \u00e9dition du Salon des musiques d\u2019Afrique et du Moyen-Orient est pr\u00e9vue du 20 au 23 [&hellip;]<\/p>\n","protected":false},"author":1759,"featured_media":0,"comment_status":"closed","ping_status":"closed","sticky":false,"template":"","format":"standard","meta":{"fifu_image_url":"","fifu_image_alt":"","footnotes":""},"categories":[73,54],"tags":[],"class_list":["post-67635","post","type-post","status-publish","format-standard","hentry","category-actualite","category-maroc"],"_links":{"self":[{"href":"https:\/\/linitiative.ca\/International\/wp-json\/wp\/v2\/posts\/67635","targetHints":{"allow":["GET"]}}],"collection":[{"href":"https:\/\/linitiative.ca\/International\/wp-json\/wp\/v2\/posts"}],"about":[{"href":"https:\/\/linitiative.ca\/International\/wp-json\/wp\/v2\/types\/post"}],"author":[{"embeddable":true,"href":"https:\/\/linitiative.ca\/International\/wp-json\/wp\/v2\/users\/1759"}],"replies":[{"embeddable":true,"href":"https:\/\/linitiative.ca\/International\/wp-json\/wp\/v2\/comments?post=67635"}],"version-history":[{"count":0,"href":"https:\/\/linitiative.ca\/International\/wp-json\/wp\/v2\/posts\/67635\/revisions"}],"wp:attachment":[{"href":"https:\/\/linitiative.ca\/International\/wp-json\/wp\/v2\/media?parent=67635"}],"wp:term":[{"taxonomy":"category","embeddable":true,"href":"https:\/\/linitiative.ca\/International\/wp-json\/wp\/v2\/categories?post=67635"},{"taxonomy":"post_tag","embeddable":true,"href":"https:\/\/linitiative.ca\/International\/wp-json\/wp\/v2\/tags?post=67635"}],"curies":[{"name":"wp","href":"https:\/\/api.w.org\/{rel}","templated":true}]}}