{"id":67646,"date":"2019-11-16T05:29:19","date_gmt":"2019-11-16T10:29:19","guid":{"rendered":"https:\/\/linitiative.ca\/International\/table-ronde-sur-la-relation-entre-engagement-et-citoyennete\/"},"modified":"2019-11-16T05:29:19","modified_gmt":"2019-11-16T10:29:19","slug":"table-ronde-sur-la-relation-entre-engagement-et-citoyennete","status":"publish","type":"post","link":"https:\/\/linitiative.ca\/International\/table-ronde-sur-la-relation-entre-engagement-et-citoyennete\/","title":{"rendered":"Table ronde sur la relation entre engagement et citoyennet\u00e9"},"content":{"rendered":"<p>Plac\u00e9e sous le th\u00e8me \u00ab\u00a0Engagement et citoyennet\u00e9 2.0\u00a0\u00bb, cette table ronde a \u00e9t\u00e9 l\u2019occasion pour les diff\u00e9rents intervenants de discuter de l\u2019impact d\u2019Internet sur l\u2019engagement et les initiatives citoyennes.<\/p>\n<p>Cette table ronde, rehauss\u00e9e par la pr\u00e9sence de M. Andr\u00e9 Azoulay, Conseiller de Sa Majest\u00e9 le Roi et Pr\u00e9sident Fondateur de l\u2019Association Essaouira-Mogador, de Mme Cl\u00e9lia Chevrier Kolacko, Conseill\u00e8re de coop\u00e9ration et d\u2019action culturelle et directrice g\u00e9n\u00e9rale de l\u2019Institut Fran\u00e7ais du Maroc, ainsi que d\u2019autres personnalit\u00e9s, a \u00e9t\u00e9 aussi l\u2019occasion de mettre l\u2019accent sur les diff\u00e9rents moyens de s\u2019engager disponibles en ligne, et sur les potentialit\u00e9s qu\u2019offre cet outil de communication, avec un focus sur le sens de ces engagements et les possibles d\u00e9rives inh\u00e9rentes \u00e0 ce moyen d\u2019action.<\/p>\n<p>Dans la foul\u00e9e, ils ont mis en avant certaines opportunit\u00e9s qu\u2019offrent les r\u00e9seaux sociaux en termes de proximit\u00e9 et de capacit\u00e9 \u00e0 aller l\u00e0 o\u00f9 les gens sont pr\u00e9sents, et \u00e0 leur donner la chance de s\u2019exprimer et de s\u2019engager.<\/p>\n<p>Les diff\u00e9rents intervenants ont \u00e9t\u00e9 unanimes \u00e0 souligner que la citoyennet\u00e9 se veut une construction qui \u00e9mane du terrain et du partage d\u2019opinions, notant que celle-ci s\u2019exp\u00e9rimente dans la relation avec les autres et l\u2019acceptation de la pluralit\u00e9, des diff\u00e9rences et des sp\u00e9cificit\u00e9s.<\/p>\n<p>Partant de ce constat, ils ont estim\u00e9 que la question de l\u2019engagement est absolument fondamentale et qu\u2019il est important de d\u00e9terminer les enjeux et d\u2019en d\u00e9finir les espaces.<\/p>\n<p>Dans la foul\u00e9e, ils ont pr\u00e9cis\u00e9 que pour la plupart des jeunes qui s\u2019engagent, la mobilisation s\u2019ancre dans leur quotidien bien plus qu\u2019elle ne s\u2019affiche collectivement, relevant que la place des r\u00e9seaux sociaux appara\u00eet grandissante et que le fait d\u2019\u00eatre engag\u00e9, c\u2019est \u00e9galement s\u2019exprimer sur des r\u00e9seaux, partager des informations, partant du postulat que celles que l\u2019on re\u00e7oit sont justes.<\/p>\n<p>Ces moyens de communication, qui peuvent g\u00e9n\u00e9rer de nouvelles mobilisations et favoriser un nouvel engagement collectif, ne sont plus sans dangers, ont-ils averti, ajoutant que ceux-ci peuvent, \u00e0 contrario, g\u00e9n\u00e9rer une forme de repli et une individualisation dangereuses pour l\u2019engagement.<\/p>\n<p>A ce propos, ils ont pass\u00e9 en revue certaines d\u00e9rives auxquelles peuvent donner lieu les r\u00e9seaux sociaux, notamment les manipulations et les fake-news, insistant sur la n\u00e9cessit\u00e9 d\u2019agir avec intelligence, de recadrer ces menaces et de promouvoir la r\u00e9gulation de ces technologies de la communication.<\/p>\n<p>L\u2019utilisation de ces outils ne doit pas s\u2019\u00e9loigner de la n\u00e9cessit\u00e9 p\u00e9dagogique et \u00e9ducative, encore moins de la promotion des valeurs humaines, ont-ils relev\u00e9, mettant en avant le r\u00f4le de l\u2019\u00e9cole et de la formation dans la rationalisation de l\u2019utilisation des r\u00e9seaux sociaux.<\/p>\n<p>Tout en insistant sur la n\u00e9cessit\u00e9 de faire la nuance entre le digital\/num\u00e9rique et le virtuel qui, lui, renvoie \u00e0 l\u2019id\u00e9e de l\u2019inexistence, ils ont consid\u00e9r\u00e9 qu\u2019on vit actuellement avec et dans le digital, d\u2019o\u00f9 l\u2019imp\u00e9ratif de se familiariser avec ces outils et de pouvoir les transformer en g\u00e9n\u00e9rateurs de richesses et de savoirs.<\/p>\n<p>Ils ont, dans ce cadre, soulign\u00e9 la n\u00e9cessit\u00e9 d\u2019une adaptation de l\u2019\u00e9cole aux exigences actuelles de mani\u00e8re \u00e0 en faire un espace qui permet \u00e0 l\u2019individu de mieux comprendre ce qui se passe autour de lui. \u00ab\u00a0Il s\u2019agit de parvenir \u00e0 repenser l\u2019\u00e9cole \u00e0 partir des nouvelles technologies\u00a0\u00bb, ont-ils dit.<\/p>\n<p>Apr\u00e8s avoir affirm\u00e9 l\u2019importance d\u2019une meilleure int\u00e9gration des NTIC dans les \u00e9coles, ils ont estim\u00e9 indispensable pour l\u2019\u00e9ducation de suivre le train de l\u2019\u00e9volution.<\/p>\n<p>Les pan\u00e9listes n\u2019ont pas manquer de faire remarquer que pour profiter de leur extraordinaire potentiel mais aussi pour limiter les d\u00e9rives qu\u2019elles g\u00e9n\u00e8rent parfois, il est indispensable de s\u2019appuyer sur des experts de mani\u00e8re \u00e0 d\u00e9gager ensemble les solutions les plus rationnelles, et d\u2019\u00e9viter les proc\u00e8s d\u2019intention qui, parfois, prennent le pas sur l\u2019\u00e9change et le d\u00e9bat.<\/p>\n<p>Ce Forum, dont les travaux se poursuivront jusqu\u2019au 17 novembre, est organis\u00e9 par l\u2019Ambassade de France et l\u2019Institut fran\u00e7ais du Maroc, en partenariat avec les Associations \u00ab\u00a0Essaouira-Mogador\u00a0\u00bb et \u00ab\u00a0Marocains Pluriels\u00a0\u00bb, la Fondation Sekkat, Campus France et WebHelp.<\/p>\n<p>Ce conclave, qui conna\u00eet la participation de pr\u00e8s de 180 jeunes, dont pour la premi\u00e8re fois des jeunes issus de pays d\u2019Afrique subsaharienne, porteurs d\u2019un fort engagement citoyen, a pour ambition de contribuer \u00e0 l\u2019int\u00e9gration de l\u2019espace euro-m\u00e9diterran\u00e9en en mettant en relation ces jeunes citoyens, engag\u00e9s et investis localement.<\/p>\n<p>A travers ce Forum, les participants auront l\u2019opportunit\u00e9 d\u2019\u00e9changer avec des personnalit\u00e9s de divers horizons, de d\u00e9battre et de se former lors de diff\u00e9rentes s\u00e9quences : projections de film-d\u00e9bat, tables rondes sur l\u2019engagement et r\u00e9cits de trajectoires personnelles, nombreux ateliers r\u00e9partis sur les sites de l\u2019Institut Fran\u00e7ais de la ville, Dar Souiri et Bayt Al Dakira (la Maison de la M\u00e9moire), qui abrite notamment le Centre de recherche international \u00ab\u00a0Haim Zafrani\u00a0\u00bb, d\u00e9di\u00e9 au dialogue interreligieux.<\/p>\n<p>Parmi les nouveaut\u00e9s de ce forum, figure le Tribunal pour les G\u00e9n\u00e9rations Futures, un exercice d\u2019\u00e9loquence qui permettra aux jeunes de d\u00e9lib\u00e9rer du vivre ensemble.<\/p>\n<p>Au rang des nouveaut\u00e9s, figure aussi \u00ab\u00a0le Prix des Jeunes Leaders\u00a0\u00bb, qui r\u00e9compensera trois projets port\u00e9s par des jeunes engag\u00e9s sur le th\u00e8me du d\u00e9veloppement durable. \u00ab\u00a0F\u00e9f\u00e9 et Leeroy\u00a0\u00bb du groupe Saian Supa Crew, donneront un concert in\u00e9dit dans la cit\u00e9 des Aliz\u00e9s, gratuit et ouvert \u00e0 tous, le 16 novembre \u00e0 la place El Menzah.<\/p>\n<p>Au menu de cette nouvelle \u00e9dition, figurent moult ateliers th\u00e9matiques : \u00ab\u00a0communication sur les r\u00e9seaux sociaux\u00a0\u00bb, \u00ab\u00a0strat\u00e9gies de d\u00e9veloppement et partenariats\u00a0\u00bb, \u00ab\u00a0savoir pr\u00e9senter son projet\u00a0\u00bb, \u00ab\u00a0prise de parole artistique\u00a0\u00bb, \u00ab\u00a0mobiliser l\u2019intelligence collective au service d\u2019un territoire\u00a0\u00bb, \u00ab\u00a0\u00e9crire son histoire, \u00e9crire son parcours\u00a0\u00bb, \u00ab\u00a0construire un plaidoyer pour l\u2019\u00e9galit\u00e9 entre les femmes et les hommes\u00a0\u00bb et \u00ab\u00a0comment financer les projets novateurs ?\u00a0\u00bb.<\/p>\n<p>Auteur: Meriem IGASS<br \/>\n<a href=\"http:\/\/www.mapmarrakech.ma\/fr\/engagement\/\">Cliquez ici pour lire l&rsquo;article depuis sa source.<\/a><\/p>\n","protected":false},"excerpt":{"rendered":"<p>Plac\u00e9e sous le th\u00e8me \u00ab\u00a0Engagement et citoyennet\u00e9 2.0\u00a0\u00bb, cette table ronde a \u00e9t\u00e9 l\u2019occasion pour les diff\u00e9rents intervenants de discuter de l\u2019impact d\u2019Internet sur l\u2019engagement et les initiatives citoyennes. Cette table ronde, rehauss\u00e9e par la pr\u00e9sence de M. Andr\u00e9 Azoulay, Conseiller de Sa Majest\u00e9 le Roi et Pr\u00e9sident Fondateur de l\u2019Association Essaouira-Mogador, de Mme Cl\u00e9lia [&hellip;]<\/p>\n","protected":false},"author":1788,"featured_media":0,"comment_status":"closed","ping_status":"closed","sticky":false,"template":"","format":"standard","meta":{"fifu_image_url":"","fifu_image_alt":"","footnotes":""},"categories":[54,76],"tags":[],"class_list":["post-67646","post","type-post","status-publish","format-standard","hentry","category-maroc","category-regions"],"_links":{"self":[{"href":"https:\/\/linitiative.ca\/International\/wp-json\/wp\/v2\/posts\/67646","targetHints":{"allow":["GET"]}}],"collection":[{"href":"https:\/\/linitiative.ca\/International\/wp-json\/wp\/v2\/posts"}],"about":[{"href":"https:\/\/linitiative.ca\/International\/wp-json\/wp\/v2\/types\/post"}],"author":[{"embeddable":true,"href":"https:\/\/linitiative.ca\/International\/wp-json\/wp\/v2\/users\/1788"}],"replies":[{"embeddable":true,"href":"https:\/\/linitiative.ca\/International\/wp-json\/wp\/v2\/comments?post=67646"}],"version-history":[{"count":0,"href":"https:\/\/linitiative.ca\/International\/wp-json\/wp\/v2\/posts\/67646\/revisions"}],"wp:attachment":[{"href":"https:\/\/linitiative.ca\/International\/wp-json\/wp\/v2\/media?parent=67646"}],"wp:term":[{"taxonomy":"category","embeddable":true,"href":"https:\/\/linitiative.ca\/International\/wp-json\/wp\/v2\/categories?post=67646"},{"taxonomy":"post_tag","embeddable":true,"href":"https:\/\/linitiative.ca\/International\/wp-json\/wp\/v2\/tags?post=67646"}],"curies":[{"name":"wp","href":"https:\/\/api.w.org\/{rel}","templated":true}]}}