{"id":67647,"date":"2019-11-16T07:34:01","date_gmt":"2019-11-16T12:34:01","guid":{"rendered":"https:\/\/linitiative.ca\/International\/nouvel-ouvrage-sur-la-situation-de-luma-apres-sa-creation\/"},"modified":"2019-11-16T07:34:01","modified_gmt":"2019-11-16T12:34:01","slug":"nouvel-ouvrage-sur-la-situation-de-luma-apres-sa-creation","status":"publish","type":"post","link":"https:\/\/linitiative.ca\/International\/nouvel-ouvrage-sur-la-situation-de-luma-apres-sa-creation\/","title":{"rendered":"Nouvel ouvrage sur la situation de l\u2019UMA apr\u00e8s sa cr\u00e9ation"},"content":{"rendered":"<div readability=\"34\">\n<p>Marrakech \u2013 L\u2019Organisation de l\u2019action maghr\u00e9bine (OAM) vient r\u00e9cemment de publier un nouvel ouvrage collectif intitul\u00e9 \u00ab\u00a0Trente ans apr\u00e8s la cr\u00e9ation de l\u2019Union du Maghreb : Enjeux et d\u00e9fis\u00a0\u00bb.<\/p>\n<\/div>\n<div readability=\"121\">\n<p>Cette \u0153uvre de 200 pages (format moyen), dont la coordination des cahiers scientifiques a \u00e9t\u00e9 confi\u00e9e \u00e0 l\u2019enseignant-chercheur et pr\u00e9sident de l\u2019OAM, Pr. Driss Lagrini, regroupe les expos\u00e9s et les interventions de participants \u00e0 un colloque organis\u00e9 les 16 et 17 f\u00e9vrier dernier\u00a0\u00e0 Marrakech,\u00a0par l\u2019OAM en partenariat avec la Fondation Hans Seidel \u00e0 l\u2019occasion du 30\u00e8 anniversaire de la cr\u00e9ation de l\u2019Union du Maghreb.<\/p>\n<p>Cet ouvrage comporte 12 chapitres en langues fran\u00e7aise et arabe traitant la question sous diff\u00e9rents angles.<\/p>\n<p>L\u2019universitaire et ancien ministre tunisien, Khaled Chaoukat, a abord\u00e9 la dimension maghr\u00e9bine dans les constitutions tunisiennes \u00e0 travers les ambitions de l\u2019\u00e9lite et les engagements de l\u2019Etat alors que le penseur marocain Mohamed Mostapha Kabbaj a mis en exergue les r\u00e9percussions de la situation actuelle de l\u2019UMA sur les relations euromaghr\u00e9bines.<\/p>\n<p>Le sociologue libyen, Ali Al Houat a trait\u00e9 la question des universit\u00e9s maghr\u00e9bines : la r\u00e9alit\u00e9 et les perspectives d\u2019avenir, tandis que l\u2019enseignant universitaire marocain, Dr. Mohamed Nachtaoui, a mis l\u2019accent sur le co\u00fbt de l\u2019absence de l\u2019int\u00e9gration maghr\u00e9bine.<\/p>\n<p>Le pr\u00e9sident du Centre international des \u00e9tudes strat\u00e9giques et de gouvernance globale (Maroc), Mohamed Harakat, a abord\u00e9 le r\u00f4le de la soci\u00e9t\u00e9 civile dans l\u2019\u00e9dification de l\u2019UMA, alors que l\u2019universitaire marocain (Facult\u00e9 de Droit \u00e0 Sal\u00e9) et ancien membre du Conseil constitutionnel, Dr. Sebhallah El Rhazi, a trait\u00e9 les obstacles et les perspectives de la mise en \u0153uvre de l\u2019UMA.<\/p>\n<p>L\u2019enseignante \u00e0 la Facult\u00e9 de Droit de Tanger, Saida El Othmani, a analys\u00e9 les transformations de l\u2019UMA vers l\u2019Union du Grand Maghreb tandis que l\u2019avocat tunisien et enseignant de Droit, Dr. Mahmoud Hassan, a questionn\u00e9 le syst\u00e8me juridique pour le parach\u00e8vement de l\u2019\u00e9dification du Maghreb.<\/p>\n<p>L\u2019intervention de l\u2019avocat et enseignant chercheur mauritanien, Dr. Mohamed Ouled Dah a abord\u00e9 de son c\u00f4t\u00e9, les composantes et les m\u00e9canismes de compl\u00e9mentarit\u00e9 maghr\u00e9bine, alors que l\u2019enseignant de l\u2019Histoire \u00e0 la Facult\u00e9 des lettres de Marrakech, Dr. Mustapha Fnitir, a ax\u00e9 son intervention sur l\u2019approche d\u2019Abdallah Ibrahim pour l\u2019Union maghr\u00e9bine.<\/p>\n<p>L\u2019enseignant de l\u2019\u00e9conomie \u00e0 la Facult\u00e9 des Sciences \u00e9conomiques, juridiques et sociales de Marrakech, Said Taghbalouti et le chercheur en \u00e9conomie, Dr. Ouali Abderrazak, ont abord\u00e9 de leur part, la question de la centralisation et de la d\u00e9centralisation et l\u2019UMA.<\/p>\n<p>L\u2019intervention du chercheur et acteur politique tunisien, Hassan Belkacem, a trait\u00e9 les fondements historiques et civilisationnels de l\u2019Union des pays maghr\u00e9bins, alors que le doctorant Zouheir Laamim, a mis l\u2019accent sur la question de la compl\u00e9mentarit\u00e9 \u00e9conomique maghr\u00e9bine et les processus de mise en \u0153uvre.<\/p>\n<p>Cet ouvrage paru aux \u00e9ditions de l\u2019Imprimerie et papeterie nationale est le deuxi\u00e8me du genre publi\u00e9 par l\u2019OAM apr\u00e8s un premier ouvrage collective sur la migration dans le bassin m\u00e9diterran\u00e9en et les droits de l\u2019Homme.<\/p>\n<p>L\u2019OAM est une association qui \u0153uvre \u00e0 la r\u00e9ouverture des fronti\u00e8res maroco-alg\u00e9riennes, pour un parlement maghr\u00e9bin avec des pouvoirs \u00e9largis, un march\u00e9 commun et une monnaie maghr\u00e9bine unique et la mise en \u0153uvre des conventions conclues entre les pays maghr\u00e9bins.<\/p>\n<p>Pour rappel, l\u2019Institut arabe de la d\u00e9mocratie (Tunisie) a octroy\u00e9 le Prix Mohamed Mzali pour l\u2019action d\u00e9mocratique et compl\u00e9mentarit\u00e9 maghr\u00e9bine au titre de l\u2019ann\u00e9e 2019, \u00e0 l\u2019OAM en reconnaissance de ses efforts dans le domaine de la sensibilisation \u00e0 l\u2019importance de l\u2019\u00e9dification du Maghreb en tant que choix strat\u00e9gique.<\/p>\n<\/div>\n<p>Auteur: Meriem IGASS<br \/>\n<a href=\"http:\/\/www.mapmarrakech.ma\/fr\/oam\/\">Cliquez ici pour lire l&rsquo;article depuis sa source.<\/a><\/p>\n","protected":false},"excerpt":{"rendered":"<p>Marrakech \u2013 L\u2019Organisation de l\u2019action maghr\u00e9bine (OAM) vient r\u00e9cemment de publier un nouvel ouvrage collectif intitul\u00e9 \u00ab\u00a0Trente ans apr\u00e8s la cr\u00e9ation de l\u2019Union du Maghreb : Enjeux et d\u00e9fis\u00a0\u00bb. Cette \u0153uvre de 200 pages (format moyen), dont la coordination des cahiers scientifiques a \u00e9t\u00e9 confi\u00e9e \u00e0 l\u2019enseignant-chercheur et pr\u00e9sident de l\u2019OAM, Pr. Driss Lagrini, regroupe [&hellip;]<\/p>\n","protected":false},"author":1788,"featured_media":0,"comment_status":"closed","ping_status":"closed","sticky":false,"template":"","format":"standard","meta":{"fifu_image_url":"","fifu_image_alt":"","footnotes":""},"categories":[54,76],"tags":[],"class_list":["post-67647","post","type-post","status-publish","format-standard","hentry","category-maroc","category-regions"],"_links":{"self":[{"href":"https:\/\/linitiative.ca\/International\/wp-json\/wp\/v2\/posts\/67647","targetHints":{"allow":["GET"]}}],"collection":[{"href":"https:\/\/linitiative.ca\/International\/wp-json\/wp\/v2\/posts"}],"about":[{"href":"https:\/\/linitiative.ca\/International\/wp-json\/wp\/v2\/types\/post"}],"author":[{"embeddable":true,"href":"https:\/\/linitiative.ca\/International\/wp-json\/wp\/v2\/users\/1788"}],"replies":[{"embeddable":true,"href":"https:\/\/linitiative.ca\/International\/wp-json\/wp\/v2\/comments?post=67647"}],"version-history":[{"count":0,"href":"https:\/\/linitiative.ca\/International\/wp-json\/wp\/v2\/posts\/67647\/revisions"}],"wp:attachment":[{"href":"https:\/\/linitiative.ca\/International\/wp-json\/wp\/v2\/media?parent=67647"}],"wp:term":[{"taxonomy":"category","embeddable":true,"href":"https:\/\/linitiative.ca\/International\/wp-json\/wp\/v2\/categories?post=67647"},{"taxonomy":"post_tag","embeddable":true,"href":"https:\/\/linitiative.ca\/International\/wp-json\/wp\/v2\/tags?post=67647"}],"curies":[{"name":"wp","href":"https:\/\/api.w.org\/{rel}","templated":true}]}}