{"id":67648,"date":"2019-11-16T07:41:16","date_gmt":"2019-11-16T12:41:16","guid":{"rendered":"https:\/\/linitiative.ca\/International\/competition-nationale-innov-maroc-remise-des-prix\/"},"modified":"2019-11-16T07:41:16","modified_gmt":"2019-11-16T12:41:16","slug":"competition-nationale-innov-maroc-remise-des-prix","status":"publish","type":"post","link":"https:\/\/linitiative.ca\/International\/competition-nationale-innov-maroc-remise-des-prix\/","title":{"rendered":"Comp\u00e9tition nationale \u00ab\u00a0INNOV-Maroc\u00a0\u00bb: Remise des prix"},"content":{"rendered":"<div readability=\"40\">\n<p>Essaouira \u2013 La c\u00e9r\u00e9monie de remise des prix aux laur\u00e9ats de la 1\u00e8re \u00e9dition de la comp\u00e9tition nationale \u00ab\u00a0INNOV-Maroc\u00a0\u00bb, \u00e9tape d\u2019Essaouira, a eu lieu vendredi soir, \u00e0 la Cit\u00e9 des Aliz\u00e9s en pr\u00e9sence du pr\u00e9sident-fondateur de l\u2019Association Essaouira Mogador, M. Andr\u00e9 Azoulay et du wali coordinateur national de l\u2019Initiative nationale pour le d\u00e9veloppement humain (INDH), M. Mohamed Dardouri.<\/p>\n<\/div>\n<div readability=\"130\">\n<p>Lors de cette finale, qui s\u2019est d\u00e9roul\u00e9e en pr\u00e9sence aussi du gouverneur de la province d\u2019Essaouira, Adil El Maliki, un comit\u00e9 compos\u00e9 des repr\u00e9sentants des organismes (FRDISI, INDH, BMCE, ETIL, OMPIC, DAS) a s\u00e9lectionn\u00e9 5 id\u00e9es gagnantes de projets innovants parmi 10 projets, qui \u00e9taient en lice.<\/p>\n<p>Le premier projet s\u00e9lectionn\u00e9 baptis\u00e9 \u00ab\u00a0Seaskin\u00a0\u00bb port\u00e9 par la jeune Nawal Alaoui, consistait en le recyclage des peaux de poissons pour la fabrication d\u2019accessoires de luxe, alors que le deuxi\u00e8me projet (Moga Escargo) port\u00e9 par Itsmail Amal, concerne la production, la transformation et la commercialisation des escargots.<\/p>\n<p>Le troisi\u00e8me projet port\u00e9 par le jeune Radouane Talbaoui, porte sur l\u2019innovation dans la joaillerie (bijoux) et l\u2019art de la d\u00e9coration par le bois de thuya tandis que le 4\u00e8me projet concerne la commercialisation de produits d\u00e9riv\u00e9s du caroubier.<\/p>\n<p>Le cinqui\u00e8me projet port\u00e9 la jeune Karima Benyamna, consiste en la fabrication d\u2019un appareil de collecte de figue de barbarie qui a la capacit\u00e9 d\u2019enlever les \u00e9pines de ces fruits au moment de la collecte.<\/p>\n<p>Ces 5 gagnants b\u00e9n\u00e9ficieront de la cr\u00e9ation et la concr\u00e9tisation de leurs Startups, ainsi que l\u2019h\u00e9bergement, le coaching et l\u2019accompagnement pendant deux ans.<\/p>\n<p>Intervenant \u00e0 cette occasion, M. Andr\u00e9 Azoulay a dit toute sa fiert\u00e9 de cette jeunesse porteuse de projets qui t\u00e9moignent de son esprit d\u2019innovation et de cr\u00e9ativit\u00e9.<\/p>\n<p>\u00ab\u00a0Aujourd\u2019hui nous sommes tous gagnants, et fiers de cette jeunesse, qui incarne la vraie image du Maroc que nous esp\u00e9rons l\u00e9guer\u00a0\u00bb, a-t-il ajout\u00e9.<\/p>\n<p>M. Dardouri a soulign\u00e9 pour sa part, que la troisi\u00e8me phase de l\u2019INDH lanc\u00e9e par SM le Roi Mohammed VI, commence \u00e0 donner ses fruits, relevant que l\u2019INDH a adopt\u00e9 une nouvelle approche visant \u00e0 accompagner les jeunes avant la conception et apr\u00e8s la cr\u00e9ation de leurs projets.<\/p>\n<p>Concernant cette comp\u00e9tition, M. Dardouri a not\u00e9 que ce programme vise \u00e0 int\u00e9grer les jeunes dans le tissu \u00e9conomique et \u00e0 les aider \u00e0 \u00e9laborer des id\u00e9es innovantes de nature \u00e0 contribuer dans le d\u00e9veloppement de leurs pays.<\/p>\n<p>Cette c\u00e9r\u00e9monie de remise de prix a \u00e9t\u00e9 aussi marqu\u00e9e par des hommages rendus \u00e0 deux figures ayant contribu\u00e9 au rayonnement de cette province.<\/p>\n<p>Il s\u2019agit de Bouchra Mabrouki, championne africaine de l\u2019escrime et de l\u2019enfant Malak Belarbi, qui a remport\u00e9 la premi\u00e8re place du concours de calcul arithm\u00e9tique mental en Turquie en 2018.<\/p>\n<p>Organis\u00e9e par la Fondation de Recherche, de D\u00e9veloppement et d\u2019Innovation en Sciences et Ing\u00e9nierie (FRDISI), en partenariat avec Essaouira Innovation Lab et l\u2019INDH de la province d\u2019Essaouira, cette comp\u00e9tition nationale permet aux porteurs de projets et d\u2019id\u00e9es de d\u00e9montrer le potentiel de leurs id\u00e9es innovantes devant un jury d\u2019experts marocains, b\u00e9n\u00e9ficier d\u2019avis exp\u00e9riment\u00e9s de la formation, de l\u2019accompagnement, de l\u2019innovation, et de l\u2019expertise, retenir l\u2019attention des investisseurs et faire passer ces id\u00e9es \u00e0 un niveau sup\u00e9rieur en cr\u00e9ant leurs propres startups.<\/p>\n<p>La participation a \u00e9t\u00e9 ouverte \u00e0 toutes les personnes au niveau de la province d\u2019Essaouira ayant une id\u00e9e, une initiative, un produit ou service d\u2019aspect technique et d\u2019innovation r\u00e9pondant \u00e0 un d\u00e9fi social ou une probl\u00e9matique de d\u00e9veloppement durable ou d\u2019acc\u00e8s aux services dans la province d\u2019Essaouira.<\/p>\n<p>Lanc\u00e9e en octobre dernier, \u00e0 l\u2019\u00c9cole Sup\u00e9rieure de Technologie d\u2019Essaouira, INNOV-Maroc (\u00e9tape Essaouira) a d\u00e9but\u00e9 par une caravane de sensibilisation et de promotion du concours au niveau de plusieurs collectivit\u00e9s territoriales de la Province d\u2019Essaouira pour aller \u00e0 la rencontre des porteurs des projets, leur pr\u00e9senter ce programme et les aider \u00e0 participer \u00e0 cette comp\u00e9tition.<\/p>\n<p>Quelque 138 projets ont \u00e9t\u00e9 d\u00e9pos\u00e9s sur la plateforme de candidature. La commission a choisi lors de cette phase 31 id\u00e9es de projets avant de proc\u00e9der par la suite \u00e0 la s\u00e9lection de 10 id\u00e9es pour la finale.<\/p>\n<\/div>\n<p>Auteur: Meriem IGASS<br \/>\n<a href=\"http:\/\/www.mapmarrakech.ma\/fr\/prix\/\">Cliquez ici pour lire l&rsquo;article depuis sa source.<\/a><\/p>\n","protected":false},"excerpt":{"rendered":"<p>Essaouira \u2013 La c\u00e9r\u00e9monie de remise des prix aux laur\u00e9ats de la 1\u00e8re \u00e9dition de la comp\u00e9tition nationale \u00ab\u00a0INNOV-Maroc\u00a0\u00bb, \u00e9tape d\u2019Essaouira, a eu lieu vendredi soir, \u00e0 la Cit\u00e9 des Aliz\u00e9s en pr\u00e9sence du pr\u00e9sident-fondateur de l\u2019Association Essaouira Mogador, M. Andr\u00e9 Azoulay et du wali coordinateur national de l\u2019Initiative nationale pour le d\u00e9veloppement humain (INDH), [&hellip;]<\/p>\n","protected":false},"author":1788,"featured_media":0,"comment_status":"closed","ping_status":"closed","sticky":false,"template":"","format":"standard","meta":{"fifu_image_url":"","fifu_image_alt":"","footnotes":""},"categories":[54,76],"tags":[],"class_list":["post-67648","post","type-post","status-publish","format-standard","hentry","category-maroc","category-regions"],"_links":{"self":[{"href":"https:\/\/linitiative.ca\/International\/wp-json\/wp\/v2\/posts\/67648","targetHints":{"allow":["GET"]}}],"collection":[{"href":"https:\/\/linitiative.ca\/International\/wp-json\/wp\/v2\/posts"}],"about":[{"href":"https:\/\/linitiative.ca\/International\/wp-json\/wp\/v2\/types\/post"}],"author":[{"embeddable":true,"href":"https:\/\/linitiative.ca\/International\/wp-json\/wp\/v2\/users\/1788"}],"replies":[{"embeddable":true,"href":"https:\/\/linitiative.ca\/International\/wp-json\/wp\/v2\/comments?post=67648"}],"version-history":[{"count":0,"href":"https:\/\/linitiative.ca\/International\/wp-json\/wp\/v2\/posts\/67648\/revisions"}],"wp:attachment":[{"href":"https:\/\/linitiative.ca\/International\/wp-json\/wp\/v2\/media?parent=67648"}],"wp:term":[{"taxonomy":"category","embeddable":true,"href":"https:\/\/linitiative.ca\/International\/wp-json\/wp\/v2\/categories?post=67648"},{"taxonomy":"post_tag","embeddable":true,"href":"https:\/\/linitiative.ca\/International\/wp-json\/wp\/v2\/tags?post=67648"}],"curies":[{"name":"wp","href":"https:\/\/api.w.org\/{rel}","templated":true}]}}