{"id":67650,"date":"2019-11-16T11:45:16","date_gmt":"2019-11-16T16:45:16","guid":{"rendered":"https:\/\/linitiative.ca\/International\/la-jeunesse-est-devenue-un-acteur-a-part-entiere\/"},"modified":"2019-11-16T11:45:16","modified_gmt":"2019-11-16T16:45:16","slug":"la-jeunesse-est-devenue-un-acteur-a-part-entiere","status":"publish","type":"post","link":"https:\/\/linitiative.ca\/International\/la-jeunesse-est-devenue-un-acteur-a-part-entiere\/","title":{"rendered":"La jeunesse est devenue \u00ab\u00a0un acteur \u00e0 part enti\u00e8re\u00a0\u00bb"},"content":{"rendered":"<div readability=\"40\">\n<p>Essaouira \u2013 Dans le Maroc actuel, terre de tous les possibles, la jeunesse est devenue \u00ab\u00a0un acteur \u00e0 part enti\u00e8re\u00a0\u00bb, a soulign\u00e9, samedi \u00e0 Essaouira, M. Ahmed Ghayet, pr\u00e9sident de l\u2019Association \u00ab\u00a0Marocains Pluriels\u00a0\u00bb.<\/p>\n<\/div>\n<div readability=\"145\">\n<p>\u00ab\u00a0Le Maroc, sous la conduite \u00e9clair\u00e9e de Sa Majest\u00e9 le Roi Mohammed VI, accorde un int\u00e9r\u00eat tout particulier \u00e0 la jeunesse, en lui offrant l\u2019opportunit\u00e9 de s\u2019exprimer en toute libert\u00e9, en l\u2019\u00e9coutant et en l\u2019impliquant davantage dans les diff\u00e9rentes actions visant \u00e0 promouvoir les valeurs humaines\u00a0\u00bb, a affirm\u00e9 M. Ghayet dans un entretien \u00e0 la MAP, en marge des travaux de la 5\u00e8 \u00e9dition du Forum Euro-m\u00e9diterran\u00e9en des Jeunes Leaders (15-17 novembre \u00e0 Essaouira).<\/p>\n<p>Et de poursuivre que le Souverain \u00ab\u00a0ne cesse d\u2019ouvrir la voie\u00a0\u00bb \u00e0 la jeunesse, notant que la Haute Sollicitude Royale envers la jeunesse et toutes les questions les int\u00e9ressant est \u00ab\u00a0une constante au Maroc\u00a0\u00bb.<\/p>\n<p>Apr\u00e8s avoir rappel\u00e9 son parcours personnel et son engagement militant dans les rangs des jeunes aussi bien en France qu\u2019au Maroc, M. Ghayet a tenu \u00e0 pr\u00e9ciser que cet int\u00e9r\u00eat pour la jeunesse marocaine trouve son fondement dans cette prise de conscience dans le Royaume du r\u00f4le que cette frange de la soci\u00e9t\u00e9 peut jouer pour un Maroc \u00e0 la fois digne et fier de ses enfants.<\/p>\n<p>\u00ab\u00a0Justement, tout cet int\u00e9r\u00eat a pris corps avec l\u2019approche pragmatique et la vision sage et clairvoyante de Sa Majest\u00e9 le Roi Mohammed VI, r\u00e9serv\u00e9es aux jeunes\u00a0\u00bb, a expliqu\u00e9 M. Ghayet, soutenant que le Souverain a toujours manifest\u00e9 Son int\u00e9r\u00eat pour les aspirations des jeunes et leurs points de vue, tout en multipliant les occasions pour les mettre en avant.<\/p>\n<p>Depuis Son accession au Tr\u00f4ne de Ses Glorieux anc\u00eatres en 1999, SM le Roi, de par Ses multiples discours et actions, a pouss\u00e9 toute la soci\u00e9t\u00e9 marocaine \u00e0 prendre conscience de ses jeunes et \u00e0 les prendre en compte.<\/p>\n<p>\u00ab\u00a0Notre Souverain a une vision pour la jeunesse de Son pays pour en faire un acteur primordial de la soci\u00e9t\u00e9\u00a0\u00bb, s\u2019est-il f\u00e9licit\u00e9.<\/p>\n<p>\u00ab\u00a0Pendant longtemps au Maroc, sous pr\u00e9texte de parler de la jeunesse on parlait \u00e0 la place de la jeunesse. Or, depuis le d\u00e9but du r\u00e8gne de SM le Roi Mohammed VI, elle s\u2019exprime elle-m\u00eame et est devenue un acteur \u00e0 part enti\u00e8re\u00a0\u00bb, a-t-il poursuivi, faisant observer que les jeunes s\u2019engagent, se prennent en mains et les \u00ab\u00a0coups de pouce\u00a0\u00bb du Souverain pour la nouvelle sc\u00e8ne musicale marocaine, pour un cin\u00e9ma nouveau, pour la naissance d\u2019une v\u00e9ritable p\u00e9pini\u00e8re d\u2019associations de jeunes dans les quartiers, ont \u00e9t\u00e9 essentiels.<\/p>\n<p>\u00ab\u00a0Nos jeunes sont avides de dignit\u00e9, de reconnaissance, de justice sociale, mais c\u2019est en retroussant leurs manches qu\u2019ils les recherchent : leur ambition est de contribuer au progr\u00e8s du Maroc pour eux m\u00eames bien-s\u00fbr, mais aussi pour leurs parents\u00a0\u00bb, a-t-il expliqu\u00e9, relevant qu&rsquo;\u00a0\u00bbils \u0153uvrent pour un projet de soci\u00e9t\u00e9 o\u00f9 ils auront toute leur place\u00a0\u00bb.<\/p>\n<p>Sur le terrain, aujourd\u2019hui, la majorit\u00e9 de la jeunesse s\u2019implique, innove et avance, s\u2019est-il r\u00e9joui. Bien \u00e9videmment, les difficult\u00e9s et les obstacles existent mais des centaines d\u2019associations telles \u00ab\u00a0Par del\u00e0 les Remparts, \u00ab\u00a0Marock\u2019jeunes\u00a0\u00bb, \u00ab\u00a0Les 109\u00a0\u00bb, \u00ab\u00a0Hip-Hop Family\u00a0\u00bb, \u00ab\u00a0Moga\u2019jeunes\u00a0\u00bb et \u00ab\u00a0Oriental Leaders\u00a0\u00bb \u00ab\u00a0tirent notre jeunesse vers le haut malgr\u00e9 les in\u00e9vitables r\u00e9ticences ou les emb\u00fbches rencontr\u00e9es\u00a0\u00bb, a not\u00e9 M. Ghayet.<\/p>\n<p>\u00ab\u00a0La classe politique, les partis et les \u00e9lus doivent s\u2019inspirer des discours Royaux afin de porter les revendications de nos jeunes pour les faire aboutir, car une chose est d\u00e9sormais acquise dans notre pays : la jeunesse a pris la parole et s\u2019exprime elle-m\u00eame sur les sujets qui la concernent\u00a0\u00bb, a-t-il dit.<\/p>\n<p>Cette jeunesse \u00ab\u00a0n\u2019h\u00e9site gu\u00e8re \u00e0 investir les espaces d\u2019expression de plus en plus larges \u00e0 l\u2019image de clubs agoras, d\u00e9bats, Web : blogs, r\u00e9seaux sociaux, vid\u00e9os\u2026 le Caf\u00e9 Politis, les \u00e9missions libre antenne des radios\u2026etc\u00a0\u00bb, a-t-il encha\u00een\u00e9.<\/p>\n<p>\u00ab\u00a0Il faut rebondir sur toute cette \u00e9nergie positive pour faire de la jeunesse le meilleur atout de notre devenir\u00a0\u00bb, a estim\u00e9 M. Ghayet, se f\u00e9licitant de la tenue \u00e0 Essaouira du Forum Euro-Med des Jeunes Leaders.<\/p>\n<p>Cette ann\u00e9e, \u00ab\u00a0nous avons voulu le placer sous le signe de l\u2019engagement et de la citoyennet\u00e9, les 200 jeunes pr\u00e9sents \u00e0 travers des tables rondes, des ateliers et des parcours racont\u00e9s vont toucher du doigt l\u2019importance et la vitalit\u00e9 de ces deux valeurs\u00a0\u00bb, a-t-il conclu.<\/p>\n<\/div>\n<p>Auteur: Meriem IGASS<br \/>\n<a href=\"http:\/\/www.mapmarrakech.ma\/fr\/jeunesse-2\/\">Cliquez ici pour lire l&rsquo;article depuis sa source.<\/a><\/p>\n","protected":false},"excerpt":{"rendered":"<p>Essaouira \u2013 Dans le Maroc actuel, terre de tous les possibles, la jeunesse est devenue \u00ab\u00a0un acteur \u00e0 part enti\u00e8re\u00a0\u00bb, a soulign\u00e9, samedi \u00e0 Essaouira, M. Ahmed Ghayet, pr\u00e9sident de l\u2019Association \u00ab\u00a0Marocains Pluriels\u00a0\u00bb. \u00ab\u00a0Le Maroc, sous la conduite \u00e9clair\u00e9e de Sa Majest\u00e9 le Roi Mohammed VI, accorde un int\u00e9r\u00eat tout particulier \u00e0 la jeunesse, en [&hellip;]<\/p>\n","protected":false},"author":1788,"featured_media":0,"comment_status":"closed","ping_status":"closed","sticky":false,"template":"","format":"standard","meta":{"fifu_image_url":"","fifu_image_alt":"","footnotes":""},"categories":[54,76],"tags":[],"class_list":["post-67650","post","type-post","status-publish","format-standard","hentry","category-maroc","category-regions"],"_links":{"self":[{"href":"https:\/\/linitiative.ca\/International\/wp-json\/wp\/v2\/posts\/67650","targetHints":{"allow":["GET"]}}],"collection":[{"href":"https:\/\/linitiative.ca\/International\/wp-json\/wp\/v2\/posts"}],"about":[{"href":"https:\/\/linitiative.ca\/International\/wp-json\/wp\/v2\/types\/post"}],"author":[{"embeddable":true,"href":"https:\/\/linitiative.ca\/International\/wp-json\/wp\/v2\/users\/1788"}],"replies":[{"embeddable":true,"href":"https:\/\/linitiative.ca\/International\/wp-json\/wp\/v2\/comments?post=67650"}],"version-history":[{"count":0,"href":"https:\/\/linitiative.ca\/International\/wp-json\/wp\/v2\/posts\/67650\/revisions"}],"wp:attachment":[{"href":"https:\/\/linitiative.ca\/International\/wp-json\/wp\/v2\/media?parent=67650"}],"wp:term":[{"taxonomy":"category","embeddable":true,"href":"https:\/\/linitiative.ca\/International\/wp-json\/wp\/v2\/categories?post=67650"},{"taxonomy":"post_tag","embeddable":true,"href":"https:\/\/linitiative.ca\/International\/wp-json\/wp\/v2\/tags?post=67650"}],"curies":[{"name":"wp","href":"https:\/\/api.w.org\/{rel}","templated":true}]}}