{"id":67664,"date":"2019-11-16T15:19:05","date_gmt":"2019-11-16T20:19:05","guid":{"rendered":"https:\/\/linitiative.ca\/International\/traite-des-personnes-protection-des-victimes\/"},"modified":"2019-11-16T15:19:05","modified_gmt":"2019-11-16T20:19:05","slug":"traite-des-personnes-protection-des-victimes","status":"publish","type":"post","link":"https:\/\/linitiative.ca\/International\/traite-des-personnes-protection-des-victimes\/","title":{"rendered":"Traite des personnes :  Protection des victimes"},"content":{"rendered":"<p>Une journ\u00e9e d\u2019information et de sensibilisation sur la traite des personnes a \u00e9t\u00e9 organis\u00e9e, jeudi dernier \u00e0 Annaba, avec la participation des repr\u00e9sentants du mouvement associatif, de magistrats, du Croissant-Rouge, de la Gendarmerie et de la S\u00fbret\u00e9 nationales, ainsi que des douanes.<br \/>Le pr\u00e9sident du comit\u00e9 national de pr\u00e9vention et de lutte contre la traite des personnes a indiqu\u00e9, dans un message lu en son nom, que des efforts sont d\u00e9ploy\u00e9s contre ce crime, par le biais d\u2019une approche qui s\u2019appuie sur la coop\u00e9ration internationale. Il insiste sur la formation des agents charg\u00e9s de la protection des victimes de ce fl\u00e9au et leur prise en charge au double plan psychologique et mat\u00e9riel. La repr\u00e9sentante du minist\u00e8re de la Justice, Sara Bouzana Bousnane, a expliqu\u00e9 que la traite des personnes est un crime et un d\u00e9fi auquel sont confront\u00e9es les soci\u00e9t\u00e9s.<br \/>\u00a0La traite des personnes est un fl\u00e9au dangereux, au m\u00eame titre que la vente ill\u00e9gale des armes et de la drogue. Ce qui pousse la communaut\u00e9 internationale \u00e0 combattre ce ph\u00e9nom\u00e8ne. La repr\u00e9sentante de la DGSN, Mme Kheira Messaoudene, a \u00e9voqu\u00e9 elle l\u2019existence de 50 brigades qui couvrent le territoire national, en plus d\u2019une autre charg\u00e9e de l\u2019investigation avec la police des fronti\u00e8res.<br \/>B. Guetmi<br \/>\u00a0<\/p>\n<p>Auteur: elmoudjahid<br \/>\n<a href=\"http:\/\/www.elmoudjahid.com\/fr\/actualites\/144597\">Cliquez ici pour lire l&rsquo;article depuis sa source.<\/a><\/p>\n","protected":false},"excerpt":{"rendered":"<p>Une journ\u00e9e d\u2019information et de sensibilisation sur la traite des personnes a \u00e9t\u00e9 organis\u00e9e, jeudi dernier \u00e0 Annaba, avec la participation des repr\u00e9sentants du mouvement associatif, de magistrats, du Croissant-Rouge, de la Gendarmerie et de la S\u00fbret\u00e9 nationales, ainsi que des douanes.Le pr\u00e9sident du comit\u00e9 national de pr\u00e9vention et de lutte contre la traite des [&hellip;]<\/p>\n","protected":false},"author":1744,"featured_media":0,"comment_status":"closed","ping_status":"closed","sticky":false,"template":"","format":"standard","meta":{"fifu_image_url":"","fifu_image_alt":"","footnotes":""},"categories":[73,53],"tags":[],"class_list":["post-67664","post","type-post","status-publish","format-standard","hentry","category-actualite","category-algerie"],"_links":{"self":[{"href":"https:\/\/linitiative.ca\/International\/wp-json\/wp\/v2\/posts\/67664","targetHints":{"allow":["GET"]}}],"collection":[{"href":"https:\/\/linitiative.ca\/International\/wp-json\/wp\/v2\/posts"}],"about":[{"href":"https:\/\/linitiative.ca\/International\/wp-json\/wp\/v2\/types\/post"}],"author":[{"embeddable":true,"href":"https:\/\/linitiative.ca\/International\/wp-json\/wp\/v2\/users\/1744"}],"replies":[{"embeddable":true,"href":"https:\/\/linitiative.ca\/International\/wp-json\/wp\/v2\/comments?post=67664"}],"version-history":[{"count":0,"href":"https:\/\/linitiative.ca\/International\/wp-json\/wp\/v2\/posts\/67664\/revisions"}],"wp:attachment":[{"href":"https:\/\/linitiative.ca\/International\/wp-json\/wp\/v2\/media?parent=67664"}],"wp:term":[{"taxonomy":"category","embeddable":true,"href":"https:\/\/linitiative.ca\/International\/wp-json\/wp\/v2\/categories?post=67664"},{"taxonomy":"post_tag","embeddable":true,"href":"https:\/\/linitiative.ca\/International\/wp-json\/wp\/v2\/tags?post=67664"}],"curies":[{"name":"wp","href":"https:\/\/api.w.org\/{rel}","templated":true}]}}