{"id":67666,"date":"2019-11-16T15:19:09","date_gmt":"2019-11-16T20:19:09","guid":{"rendered":"https:\/\/linitiative.ca\/International\/presidentielle-du-12-decembre-la-campagne-est-lancee\/"},"modified":"2019-11-16T15:19:09","modified_gmt":"2019-11-16T20:19:09","slug":"presidentielle-du-12-decembre-la-campagne-est-lancee","status":"publish","type":"post","link":"https:\/\/linitiative.ca\/International\/presidentielle-du-12-decembre-la-campagne-est-lancee\/","title":{"rendered":"Pr\u00e9sidentielle du 12 d\u00e9cembre : La campagne est lanc\u00e9e !"},"content":{"rendered":"<p>Des dispositions qui visent \u00e0 instaurer un climat d\u2019une saine comp\u00e9tition, lors de la campagne \u00e9lectorale pour la pr\u00e9sidentielle qui d\u00e9bute aujourd\u2019hui.<br \/>\u00c0 l\u2019avenir, il est attendu de voir la charte se hisser en un document r\u00e9f\u00e9rentiel en mati\u00e8re, non pas uniquement des rendez-vous \u00e9lectoraux, mais aussi de l\u2019exercice politique au sens le plus large du terme. Dans son intervention, le pr\u00e9sident de l\u2019Anie, M. Mohamed Charfi, a qualifi\u00e9 la Charte \u00abd\u2019acquis historique\u00bb devant contribuer efficacement \u00e0 consolider les fondements de la nouvelle Alg\u00e9rie.\u00a0 \u00abUne Alg\u00e9rie dot\u00e9e d\u2019un syst\u00e8me de repr\u00e9sentation d\u00e9mocratique, o\u00f9 le choix libre et souverain du peuple dans l\u2019\u00e9lection de son dirigeant sera consacr\u00e9 conform\u00e9ment, d\u2019une part, aux v\u0153ux des artisans de la glorieuse R\u00e9volution de Novembre qui se sont soulev\u00e9s pour lib\u00e9rer le pays du joug du colonialisme, et, d\u2019autre part, \u00e0 l\u2019aspiration vivement revendiqu\u00e9e dans le sillage du mouvement pacifique qu\u2019a v\u00e9cu le pays, ces derniers mois\u00bb, a encore soutenu M. Charfi. Il rappelle, en outre, que la Charte, initi\u00e9e par l\u2019ANIE, conform\u00e9ment aux dispositions d\u2019une loi organique, a \u00e9t\u00e9 \u00e9labor\u00e9e apr\u00e8s des concertations autour du principe et du contenu. Il a aussi fait savoir que le recours \u00e0 l\u2019\u00e9laboration de ce genre de document ne constitue pas une\u00a0\u00abinvention\u00bb, tant des exemples similaires \u00e0 ce guide de moralisation de la pratique \u00e9lectorale ont d\u00e9j\u00e0 \u00e9t\u00e9 adopt\u00e9s dans une vingtaine de pays depuis un quart de si\u00e8cle. Toutefois, a-t-il relev\u00e9, ce qui distingue la Charte, premi\u00e8re du genre en Alg\u00e9rie, est son caract\u00e8re \u00e0 la fois consensuel et astreignant autant pour les membres de l\u2019Anie que pour les candidats, ainsi que les m\u00e9dias nationaux public et priv\u00e9s, tous supports confondus. L\u2019approbation de son contenu par les concern\u00e9s t\u00e9moigne \u00abde l\u2019engagement de tous dans le processus de contribution \u00e0 l\u2019\u00e9mergence de l\u2019\u00c9tat consensuel fond\u00e9 sur le libre choix pour tous, en toutes circonstances et chaque fois que n\u00e9cessaire\u00bb, a-t-il encore insist\u00e9.<br \/>Il a tenu, \u00e0 ce propos, \u00e0 rappeler que le r\u00f4le de l\u2019Anie est d\u2019\u0153uvrer \u00e0 la cons\u00e9cration des principes de la d\u00e9mocratie constitutionnelle, mettant ainsi en relief le fait que l\u2019autorit\u00e9 qu\u2019il pr\u00e9side aspire, \u00e0 travers cette initiative, \u00ab\u00e0 concr\u00e9tiser la pratique consensuelle et l\u2019utiliser comme outil pour atteindre cet objectif\u00bb.<\/p>\n<p><strong>Les candidats saluent le contenu de la Charte et s\u2019engagent \u00e0 respecter son contenu<\/strong><br \/>\u00a0<br \/>Dans leurs d\u00e9clarations, les candidats ont \u00e9t\u00e9 unanimes \u00e0 se f\u00e9liciter de l\u2019\u00e9laboration de ce document, tout en r\u00e9it\u00e9rant leur engagement \u00e0 respecter scrupuleusement ses dispositions. \u00abDepuis sa cr\u00e9ation en 2012, le Front-El-Moustakbal a toujours inscrit la moralisation de la vie politique parmi les principaux objectifs de son action\u00bb, a indiqu\u00e9 Abdelaziz Bela\u00efd, pr\u00e9sident de cette formation. \u00abLa signature de la Charte est \u00e0 la fois un moment grandiose et une action historique. Il s\u2019agit d\u2019un document judicieux et d\u2019un acquis historique pour l\u2019\u00c9tat et pour le peuple\u00bb, affirme, de son c\u00f4t\u00e9, Ali Benflis, pr\u00e9sident du parti Talai\u2019e El-Hourriyet.<br \/>\u00ab\u00c0 travers cette Charte, l\u2019Alg\u00e9rie est r\u00e9solument engag\u00e9e dans l\u2019\u00e9dification d\u2019une r\u00e9elle d\u00e9mocratie. Nous sommes engag\u00e9s \u00e0 mener une campagne \u00e9lectorale propre\u00bb, dit, pour sa part, Abdelkader Bengrina, pr\u00e9sident du mouvement El-Bina. \u00abLe document constitue le premier jalon d\u2019une Alg\u00e9rie d\u00e9mocratique et int\u00e8gre, et son contenu augure de l\u2019instauration d\u2019une nouvelle R\u00e9publique \u00e0 laquelle aspirent les Alg\u00e9riens\u00bb, a aussi d\u00e9clar\u00e9 Abdelmadjid Tebboune, candidat ind\u00e9pendant.<br \/>\u00abLa Charte est un v\u00e9ritable contrat moral entre les candidats et le peuple, et ses dispositions signent la naissance d\u2019une nouvelle culture bas\u00e9e sur l\u2019int\u00e9grit\u00e9 et une comp\u00e9tition loyale\u00bb, indique Azzeddine Mihoubi, SG par int\u00e9rim du RND. La c\u00e9r\u00e9monie de la signature de cette charte a eu lieu, en pr\u00e9sence de l\u2019ambassadeur coordonnateur r\u00e9sident des Activit\u00e9s op\u00e9rationnelles du Syst\u00e8me des Nations unies pour le d\u00e9veloppement, de l\u2019ambassadeure de la R\u00e9publique d\u2019Indon\u00e9sie, repr\u00e9sentante de l\u2019Organisation de la coop\u00e9ration islamique, de l\u2019ambassadeur du Cameroun, repr\u00e9sentant du Groupe africain, de l\u2019ambassadeur du Sultanat d\u2019Oman, repr\u00e9sentant de la Ligue arabe, de l\u2019ambassadeur de la Syrie, vice-doyen du corps diplomatique, ainsi que du pr\u00e9sident de l\u2019Autorit\u00e9 de r\u00e9gulation de l\u2019audiovisuel. Apr\u00e8s les candidats, la Charte a \u00e9t\u00e9 sign\u00e9e, dans l\u2019apr\u00e8s- midi, par les responsables des m\u00e9dias nationaux publics et priv\u00e9s, lors d\u2019une c\u00e9r\u00e9monie tenue sous l\u2019\u00e9gide du pr\u00e9sident de l\u2019Anie, ayant notamment exprim\u00e9 sa \u00abconfiance enti\u00e8re en les capacit\u00e9s professionnelles des m\u00e9dias\u00bb et qu\u2019il a qualifi\u00e9 de \u00abv\u00e9ritables alli\u00e9s\u00bb.<br \/><strong>Karim Aoudia<\/strong><\/p>\n<p>Auteur: elmoudjahid<br \/>\n<a href=\"http:\/\/www.elmoudjahid.com\/fr\/actualites\/144599\">Cliquez ici pour lire l&rsquo;article depuis sa source.<\/a><\/p>\n","protected":false},"excerpt":{"rendered":"<p>Des dispositions qui visent \u00e0 instaurer un climat d\u2019une saine comp\u00e9tition, lors de la campagne \u00e9lectorale pour la pr\u00e9sidentielle qui d\u00e9bute aujourd\u2019hui.\u00c0 l\u2019avenir, il est attendu de voir la charte se hisser en un document r\u00e9f\u00e9rentiel en mati\u00e8re, non pas uniquement des rendez-vous \u00e9lectoraux, mais aussi de l\u2019exercice politique au sens le plus large du [&hellip;]<\/p>\n","protected":false},"author":1744,"featured_media":0,"comment_status":"closed","ping_status":"closed","sticky":false,"template":"","format":"standard","meta":{"fifu_image_url":"","fifu_image_alt":"","footnotes":""},"categories":[73,53],"tags":[],"class_list":["post-67666","post","type-post","status-publish","format-standard","hentry","category-actualite","category-algerie"],"_links":{"self":[{"href":"https:\/\/linitiative.ca\/International\/wp-json\/wp\/v2\/posts\/67666","targetHints":{"allow":["GET"]}}],"collection":[{"href":"https:\/\/linitiative.ca\/International\/wp-json\/wp\/v2\/posts"}],"about":[{"href":"https:\/\/linitiative.ca\/International\/wp-json\/wp\/v2\/types\/post"}],"author":[{"embeddable":true,"href":"https:\/\/linitiative.ca\/International\/wp-json\/wp\/v2\/users\/1744"}],"replies":[{"embeddable":true,"href":"https:\/\/linitiative.ca\/International\/wp-json\/wp\/v2\/comments?post=67666"}],"version-history":[{"count":0,"href":"https:\/\/linitiative.ca\/International\/wp-json\/wp\/v2\/posts\/67666\/revisions"}],"wp:attachment":[{"href":"https:\/\/linitiative.ca\/International\/wp-json\/wp\/v2\/media?parent=67666"}],"wp:term":[{"taxonomy":"category","embeddable":true,"href":"https:\/\/linitiative.ca\/International\/wp-json\/wp\/v2\/categories?post=67666"},{"taxonomy":"post_tag","embeddable":true,"href":"https:\/\/linitiative.ca\/International\/wp-json\/wp\/v2\/tags?post=67666"}],"curies":[{"name":"wp","href":"https:\/\/api.w.org\/{rel}","templated":true}]}}