{"id":67667,"date":"2019-11-16T15:19:10","date_gmt":"2019-11-16T20:19:10","guid":{"rendered":"https:\/\/linitiative.ca\/International\/les-candidats-sur-le-terrain\/"},"modified":"2019-11-16T15:19:10","modified_gmt":"2019-11-16T20:19:10","slug":"les-candidats-sur-le-terrain","status":"publish","type":"post","link":"https:\/\/linitiative.ca\/International\/les-candidats-sur-le-terrain\/","title":{"rendered":"Les candidats sur le terrain"},"content":{"rendered":"<p>La campagne \u00e9lectorale pour l\u2019\u00e9lection pr\u00e9sidentielle du 12 d\u00e9cembre d\u00e9bute officiellement aujourd\u2019hui. Elle met en lice, cinq candidats dont les dossiers ont \u00e9t\u00e9 accept\u00e9s par l\u2019Autorit\u00e9 nationale ind\u00e9pendante des \u00e9lections (ANIE) et valid\u00e9s par le Conseil constitutionnel, conform\u00e9ment aux dispositions de l\u2019article 141 de la loi organique relative au r\u00e9gime \u00e9lectoral.<br \/>Les cinq candidats \u00e0 la pr\u00e9sidentielle, partent d\u00e8s aujourd\u2019hui, \u00e0 la rencontre des \u00e9lecteurs dans une campagne qui s\u2019annonce assez ardue au regard du contexte politique, \u00e9conomique et social in\u00e9dit depuis le d\u00e9clenchement du Hirak pacifique le 22 f\u00e9vrier dernier.<br \/>Les candidats vont faire face \u00e0 une opinion publique qui attend la mat\u00e9rialisation de ses aspirations. Les Alg\u00e9riens qui ont marqu\u00e9 ce vendredi, le 39e acte de la mobilisation revendiquent, \u00e0 travers les slogans scand\u00e9s plus de libert\u00e9s politiques, de droit \u00e0 la participation \u00e0 la vie politique, de d\u00e9fense de leurs droits et acquis sociaux et \u00e9conomiques. Les candidats vont donc tout mettre en \u0153uvre pour \u00eatre \u00e0 la hauteur des attentes.<br \/>Ils sont donc , l\u2019ancien chef de gouvernement et pr\u00e9sident du parti Talaie el Hourriet, Ali Benflis, l\u2019ancien Premier ministre, Abdelmadjid Tebboune, l\u2019ancien ministre de la Culture et actuel secr\u00e9taire g\u00e9n\u00e9ral par int\u00e9rim du Rassemblement national d\u00e9mocratique (RND), Azzedine Mihoubi, l\u2019ancien ministre de Tourisme et pr\u00e9sident du Mouvement el-Bina, Abdelkader Bengrina, et le pr\u00e9sident du parti Front Al-Moustakbel, Abdelaziz Belaid.<br \/>Une premi\u00e8re lecture des principaux axes des programmes \u00e9lectoraux, r\u00e9v\u00e8le l\u2019int\u00e9r\u00eat qu\u2019accordent les candidats \u00e0 la question \u00e9conomique. \u00abC\u2019est ce qui est r\u00e9ellement \u2018\u2019programmatique\u2019\u2019 dans l\u2019offre \u00e9lectorale\u00bb observe un commentateur politique. En effet, le redressement de la situation \u00e9conomique, la r\u00e9duction du ch\u00f4mage, l\u2019am\u00e9lioration du pouvoir d\u2019achat, sont bien \u00e9videment les principaux th\u00e8mes qui int\u00e9ressent le citoyen lambda. Tous les candidats surfent sur ces sujet-l\u00e0, et chacun entend entamer une action politique sur la r\u00e9alit\u00e9 \u00e9conomique, dans \u00abl\u2019int\u00e9r\u00eat du citoyen\u00bb.<br \/>Le volet politique n\u2019a gu\u00e8re \u00e9t\u00e9 absent des interventions m\u00e9diatiques des candidats m\u00eame lors de la pr\u00e9campagne : \u00abc\u2019est la conjoncture actuelle qui impose aux acteurs de cadrer la r\u00e9alit\u00e9 et d\u2019adapter leurs discours aux attentes des \u00e9lecteurs\u00bb convergent l\u00e0 aussi, plusieurs politologues.<\/p>\n<p><strong>La campagne \u00e9lectorale :\u00a0 un espace de d\u00e9lib\u00e9ration<\/strong><\/p>\n<p>En effet, le choix des mots pour expliquer les diff\u00e9rents th\u00e8mes, refl\u00e8te aussi la diversit\u00e9 des options \u00e0 choisir, et des priorit\u00e9s que chaque candidat veut mettre en avant. Ces derniers devraient miser sur une strat\u00e9gie de communication efficace en vue de convaincre l&rsquo;\u00e9lectorat, et celle-ci commence \u00e0 premi\u00e8re vue par le slogan affich\u00e9 pour cette campagne.<br \/>\u00a0\u00abEnsemble construisons la nouvelle Alg\u00e9rie\u00bb est le slogan qu\u2019a choisi le candidat Abdelkader Bengrina pour aborder sa campagne, alors qu\u2019Abdelmadjid Tebboune se pr\u00e9parer de mener sa campagne sous le slogan \u00abEngag\u00e9s pour le changement, capables de le r\u00e9aliser\u00bb.<br \/>Pour sa part, Ali Benflis m\u00e8nera sa course \u00e9lectorale sous le slogan \u00abNotre serment pour l\u2019Alg\u00e9rie\u00bb en visant \u00abune transition globale\u00bb pour la \u00abmodernisation politique, \u00e9conomique et sociale du pays\u00bb. \u00abLe peuple d\u00e9cide\u00bb est le slogan choisi par l\u2019\u00e9quipe de campagne du candidat Belaid Abdelaziz. A travers ces diff\u00e9rents slogans, les candidats cherchent un effet de cadrage pour focaliser l\u2019attention des \u00e9lecteurs sur des th\u00e8mes privil\u00e9gi\u00e9s. C\u2019est dans ce sillage que l\u2019on con\u00e7oit la communication politique comme un exercice de l\u00e9gitimit\u00e9. Selon les sp\u00e9cialistes \u00abc\u2019est le discours politique qui peut \u00eatre vu comme l\u2019illustration de la comp\u00e9tence de l\u2019acteur politique dans la construction du sens, de sa capacit\u00e9 \u00e0 exploiter la r\u00e9alit\u00e9 sociale pour concevoir une signification et de d\u00e9finir les th\u00e8mes \u00e0 inscrire dans l\u2019agenda publique\u00bb. En mati\u00e8re de communication, il est reproch\u00e9 aux politiciens d\u2019\u00eatre trop loin des citoyens, mais par l\u2019entremise des nouveaux m\u00e9dias, et des r\u00e9seaux sociaux ils se trouvent aujourd\u2019hui rapproch\u00e9s.<br \/>Le constat est que pendant trois semaines les candidats seront tenus de clarifier, d\u2019expliquer, de d\u00e9tailler leurs offres \u00e9lectorales \u00abloin des promesses flatteuses, les \u00e9lecteurs attendent un r\u00e9el changement pour sortir le pays de l\u2019impasse\u00bb.<br \/>La campagne serait \u00e9galement un espace de d\u00e9lib\u00e9ration entre candidats et \u00e9lecteurs, dans l\u2019objectif de mettre sur pied un projet de \u00abconsensus national et populaire\u00bb qui ouvre la voie \u00e0 une d\u00e9mocratie libre et \u00e0 la justice sociale.<br \/>A signaler que la \u00abcharte d\u2019\u00e9thique des pratiques \u00e9lectorales\u00bb a \u00e9t\u00e9 sign\u00e9e hier, \u00e0 Alger. Cette charte \u00e9labor\u00e9e par l\u2019Autorit\u00e9 nationale ind\u00e9pendante des \u00e9lections (Anie) \u00abexpose les principes directeurs et les pratiques particuli\u00e8res qui forment le cadre du comportement moral attendu des acteurs et personnes participant au processus \u00e9lectoral\u00bb.<br \/>Tahar Kaidi<\/p>\n<p>Auteur: elmoudjahid<br \/>\n<a href=\"http:\/\/www.elmoudjahid.com\/fr\/actualites\/144600\">Cliquez ici pour lire l&rsquo;article depuis sa source.<\/a><\/p>\n","protected":false},"excerpt":{"rendered":"<p>La campagne \u00e9lectorale pour l\u2019\u00e9lection pr\u00e9sidentielle du 12 d\u00e9cembre d\u00e9bute officiellement aujourd\u2019hui. Elle met en lice, cinq candidats dont les dossiers ont \u00e9t\u00e9 accept\u00e9s par l\u2019Autorit\u00e9 nationale ind\u00e9pendante des \u00e9lections (ANIE) et valid\u00e9s par le Conseil constitutionnel, conform\u00e9ment aux dispositions de l\u2019article 141 de la loi organique relative au r\u00e9gime \u00e9lectoral.Les cinq candidats \u00e0 la [&hellip;]<\/p>\n","protected":false},"author":1744,"featured_media":0,"comment_status":"closed","ping_status":"closed","sticky":false,"template":"","format":"standard","meta":{"fifu_image_url":"","fifu_image_alt":"","footnotes":""},"categories":[73,53],"tags":[],"class_list":["post-67667","post","type-post","status-publish","format-standard","hentry","category-actualite","category-algerie"],"_links":{"self":[{"href":"https:\/\/linitiative.ca\/International\/wp-json\/wp\/v2\/posts\/67667","targetHints":{"allow":["GET"]}}],"collection":[{"href":"https:\/\/linitiative.ca\/International\/wp-json\/wp\/v2\/posts"}],"about":[{"href":"https:\/\/linitiative.ca\/International\/wp-json\/wp\/v2\/types\/post"}],"author":[{"embeddable":true,"href":"https:\/\/linitiative.ca\/International\/wp-json\/wp\/v2\/users\/1744"}],"replies":[{"embeddable":true,"href":"https:\/\/linitiative.ca\/International\/wp-json\/wp\/v2\/comments?post=67667"}],"version-history":[{"count":0,"href":"https:\/\/linitiative.ca\/International\/wp-json\/wp\/v2\/posts\/67667\/revisions"}],"wp:attachment":[{"href":"https:\/\/linitiative.ca\/International\/wp-json\/wp\/v2\/media?parent=67667"}],"wp:term":[{"taxonomy":"category","embeddable":true,"href":"https:\/\/linitiative.ca\/International\/wp-json\/wp\/v2\/categories?post=67667"},{"taxonomy":"post_tag","embeddable":true,"href":"https:\/\/linitiative.ca\/International\/wp-json\/wp\/v2\/tags?post=67667"}],"curies":[{"name":"wp","href":"https:\/\/api.w.org\/{rel}","templated":true}]}}