{"id":67678,"date":"2019-11-16T12:15:00","date_gmt":"2019-11-16T17:15:00","guid":{"rendered":"https:\/\/linitiative.ca\/International\/france-24-le-drian-et-tebboune\/"},"modified":"2019-11-16T12:15:00","modified_gmt":"2019-11-16T17:15:00","slug":"france-24-le-drian-et-tebboune","status":"publish","type":"post","link":"https:\/\/linitiative.ca\/International\/france-24-le-drian-et-tebboune\/","title":{"rendered":"France 24, Le Drian et Tebboune ..!"},"content":{"rendered":"<p><br id=\"sep_para_1\" class=\"sep_para access\"\/><\/p>\n<div id=\"para_1\" class=\"para_34014831 resize\">\n<div class=\"photo shadow left\"><a href=\"javascript:void(0)\" rel=\"https:\/\/www.reflexiondz.net\/photo\/art\/grande\/39601984-34014831.jpg?v=1573925573&#038;ibox\" title=\"France 24, Le Drian et Tebboune ..!\"><img decoding=\"async\" class=\"responsive c9\" src=\"https:\/\/www.reflexiondz.net\/photo\/art\/grande\/39601984-34014831.jpg?v=1573925573\" alt=\"France 24, Le Drian et Tebboune ..!\" title=\"France 24, Le Drian et Tebboune ..!\"\/><img decoding=\"async\" class=\"not-responsive\" src=\"https:\/\/www.reflexiondz.net\/photo\/art\/default\/39601984-34014831.jpg?v=1573925574\" alt=\"France 24, Le Drian et Tebboune ..!\" title=\"France 24, Le Drian et Tebboune ..!\"\/><\/a><\/div>\n<div class=\"texte access firstletter\">Lors d&rsquo;un passage t\u00e9l\u00e9vis\u00e9, l&rsquo;ancien Premier ministre et candidat \u00e0 la pr\u00e9sidentielle Abdelmadjid Tebboune, a accus\u00e9 le ministre fran\u00e7ais des Affaires \u00e9trang\u00e8res, Le Drian, d\u2019ing\u00e9rence, affirmant qu\u2019il n\u2019accepterait en aucun cas qu\u2019un \u00c9tat \u00e9tranger s\u2019immisce dans les affaires internes du pays , et d\u2019un ton offensif qui n\u2019est pas pass\u00e9 inaper\u00e7u par les medias fran\u00e7ais , Tebboune lan\u00e7a \u00e0 l\u2019adresse du chef de la diplomatie fran\u00e7aise : \u00abOccupez-vous de votre pays et des gilets jaunes, mais pas de l\u2019Alg\u00e9rie \u00bb.<br \/>Tebboune qui fait de la diplomatie fran\u00e7aise son cheval de bataille pour la campagne \u00e9lectorale, n\u2019a pas \u00e9pargn\u00e9 son m\u00e9dia sp\u00e9cialiste des questions maghr\u00e9bines. Critiquant la couverture m\u00e9diatique de certains medias fran\u00e7ais en Alg\u00e9rie, le pr\u00e9sidentiable Tebboune clash France 24 : \u00abJe vois une cha\u00eene de t\u00e9l\u00e9vision publique fran\u00e7aise [France 24] qui ne voit l&rsquo;Alg\u00e9rie qu&rsquo;\u00e0 partir de la place de la Grande Poste et de la place Audin (lieux du Hirak).\u00bb<br \/>Tandis que Le Drian, garde silence, la chaine France 24, par le biais de son directeur Marc Saikali, r\u00e9pond aux d\u00e9clarations \u00ab incendiaires \u00bb de Tebboune, en lui signifiant : \u2018\u2019 France 24 est une grande cha\u00eene d\u2019information internationale et que sa ligne \u00e9ditoriale est libre, ind\u00e9pendante et objective \u2018\u2019. Une gu\u00e9guerre m\u00e9diatique entre France 24 et le candidat Tebboune qui n\u2019a pas encore fait r\u00e9agir le ministre fran\u00e7ais, Jean Yves le Drian, un silence officiel interpr\u00e9t\u00e9 par d\u2019autres medias comme \u00ab un refus \u00bb de la diplomatie fran\u00e7aise de faire pol\u00e9mique sur l\u2019\u00e9lection pr\u00e9sidentielle alg\u00e9rienne.<br \/>L\u2019intervention de Tebboune qui est arriv\u00e9e tard, mais mieux vaut tard que jamais, est une r\u00e9ponse aux derni\u00e8res d\u00e9clarations du ministre fran\u00e7ais, le Drian, qui avait indiqu\u00e9 que la France \u00e9tait \u00abconfiante\u00bb dans la poursuite de la \u00abtransition d\u00e9mocratique\u00bb en Alg\u00e9rie. Une transition bien s\u00fbr qui est rejet\u00e9e par Tebboune et l\u2019ensemble des candidats \u00e0 l\u2019\u00e9lection pr\u00e9sidentielle, convaincus que la pr\u00e9sidentielle est la seule issue pour la sortie de crise, soutenant ainsi le discours du g\u00e9n\u00e9ral de corps d&rsquo;arm\u00e9e Ahmed Ga\u00efd Salah, qui avait soutenu que ce qui se passe en Alg\u00e9rie \u00e9tait une affaire interne qui concernait les Alg\u00e9riens, et seulement les Alg\u00e9riens.<br \/>Ainsi, le nouveau discours politique des candidats \u00e0 la pr\u00e9sidentielle verse pour la premi\u00e8re fois dans les annales de l\u2019histoire de la campagne \u00e9lectorale alg\u00e9rienne dans le refus de l\u2019ing\u00e9rence \u00e9trang\u00e8re et particuli\u00e8rement de la France qui avait son mot \u00e0 dire dans le choix des pr\u00e9sidents alg\u00e9riens et m\u00eame des premiers ministres du temps du pr\u00e9sident d\u00e9chu Bouteflika !<\/div>\n<\/div>\n<p>Auteur: Belkacem. B<br \/>\n<a href=\"https:\/\/www.reflexiondz.net\/France-24-Le-Drian-et-Tebboune-_a58845.html\">Cliquez ici pour lire l&rsquo;article depuis sa source.<\/a><\/p>\n","protected":false},"excerpt":{"rendered":"<p>Lors d&rsquo;un passage t\u00e9l\u00e9vis\u00e9, l&rsquo;ancien Premier ministre et candidat \u00e0 la pr\u00e9sidentielle Abdelmadjid Tebboune, a accus\u00e9 le ministre fran\u00e7ais des Affaires \u00e9trang\u00e8res, Le Drian, d\u2019ing\u00e9rence, affirmant qu\u2019il n\u2019accepterait en aucun cas qu\u2019un \u00c9tat \u00e9tranger s\u2019immisce dans les affaires internes du pays , et d\u2019un ton offensif qui n\u2019est pas pass\u00e9 inaper\u00e7u par les medias fran\u00e7ais [&hellip;]<\/p>\n","protected":false},"author":1740,"featured_media":0,"comment_status":"closed","ping_status":"closed","sticky":false,"template":"","format":"standard","meta":{"fifu_image_url":"","fifu_image_alt":"","footnotes":""},"categories":[53,76],"tags":[],"class_list":["post-67678","post","type-post","status-publish","format-standard","hentry","category-algerie","category-regions"],"_links":{"self":[{"href":"https:\/\/linitiative.ca\/International\/wp-json\/wp\/v2\/posts\/67678","targetHints":{"allow":["GET"]}}],"collection":[{"href":"https:\/\/linitiative.ca\/International\/wp-json\/wp\/v2\/posts"}],"about":[{"href":"https:\/\/linitiative.ca\/International\/wp-json\/wp\/v2\/types\/post"}],"author":[{"embeddable":true,"href":"https:\/\/linitiative.ca\/International\/wp-json\/wp\/v2\/users\/1740"}],"replies":[{"embeddable":true,"href":"https:\/\/linitiative.ca\/International\/wp-json\/wp\/v2\/comments?post=67678"}],"version-history":[{"count":0,"href":"https:\/\/linitiative.ca\/International\/wp-json\/wp\/v2\/posts\/67678\/revisions"}],"wp:attachment":[{"href":"https:\/\/linitiative.ca\/International\/wp-json\/wp\/v2\/media?parent=67678"}],"wp:term":[{"taxonomy":"category","embeddable":true,"href":"https:\/\/linitiative.ca\/International\/wp-json\/wp\/v2\/categories?post=67678"},{"taxonomy":"post_tag","embeddable":true,"href":"https:\/\/linitiative.ca\/International\/wp-json\/wp\/v2\/tags?post=67678"}],"curies":[{"name":"wp","href":"https:\/\/api.w.org\/{rel}","templated":true}]}}