{"id":67692,"date":"2019-11-16T05:00:00","date_gmt":"2019-11-16T10:00:00","guid":{"rendered":"https:\/\/linitiative.ca\/International\/plaidoyer-pour-une-uniformisation-des-boites-de-vitesses\/"},"modified":"2019-11-16T05:00:00","modified_gmt":"2019-11-16T10:00:00","slug":"plaidoyer-pour-une-uniformisation-des-boites-de-vitesses","status":"publish","type":"post","link":"https:\/\/linitiative.ca\/International\/plaidoyer-pour-une-uniformisation-des-boites-de-vitesses\/","title":{"rendered":"Plaidoyer pour une uniformisation des bo\u00eetes de vitesses !"},"content":{"rendered":"<p class=\"c3\">Une rime avec \u00ab hermine \u00bb ?<\/p>\n<p class=\"c3\"><strong>Vermine !<\/strong><\/p>\n<p class=\"c3\">Je suis d\u00e9sol\u00e9, mais y a moyen d\u2019en finir avec la justice \u00e0 deux vitesses ! Celle qui, dans une cour, condamne \u00e0 de la prison ferme pour port de drapeau amazigh. Et celle qui, dans une autre cour, pourtant distante de quelques m\u00e8tres, relaxe pour le m\u00eame chef d\u2019inculpation. Y a possibilit\u00e9 d\u2019uniformiser et d\u2019en finir avec ces \u00ab deux vitesses \u00bb. D\u2019abord, harmoniser le cahier des charges des usines de montage de voitures. On ne peut plus continuer avec des kits de bo\u00eetes de vitesses disparates. Deux vitesses. Trois vitesses. 5 vitesses. Ou carr\u00e9ment bo\u00eete automatique. \u00c7a fait d\u00e9sordre, tout \u00e7a ! Il faut oser une d\u00e9cision courageuse et qui restera dans les annales des pr\u00e9toires et salles des pas-perdus. Un seul mod\u00e8le de bo\u00eetes de vitesses, quelle que soit la juridiction ! Quel que soit le trottoir o\u00f9 elle d\u00e9livre ses oracles. La voil\u00e0, la solution ! Enfin\u2026 une partie de la solution. Parce qu\u2019il y a aussi l\u2019autre partie \u00e0 solutionner. Celle des appels. Et l\u00e0 aussi, les solutions existent. Comme d\u2019harmoniser les op\u00e9rateurs t\u00e9l\u00e9phoniques. Mais, bien s\u00fbr ! On ne peut plus continuer avec autant d\u2019op\u00e9rateurs. Mobilis ! Ooredoo ! Djezzy ! Et puis quoi encore ? Orange, peut-\u00eatre ? Il est normal qu\u2019ensuite, il y ait autant de t\u00e9lescopages et d\u2019incoh\u00e9rences territoriales dans les verdicts. Comme pour la bo\u00eete de vitesse unique, il faut un seul et unique op\u00e9rateur en t\u00e9l\u00e9phonie mobile. Attention ! Je ne suis l\u00e0 pour plaider la cause d\u2019un op\u00e9rateur au d\u00e9triment des autres. Ou pour faire dans le nationalisme \u00ab zoudj sourdi \u00bb en exigeant de ne retenir comme seul op\u00e9rateur que l\u2019historique, Mobilis. Non ! Retenez l\u2019entreprise qu\u2019il vous semblera bon de retenir. Mais faites-le ! Faites-le vite. Faites-le \u00e0 toute\u2026 vitesse, parce que l\u00e0, \u00e7a devient carr\u00e9ment ing\u00e9rable. Je fume du th\u00e9 et je reste \u00e9veill\u00e9, le cauchemar continue.<br \/><strong><em>H. L.<\/em><\/strong><\/p>\n<p class=\"c3\"><em>P. S. : Vous avez termin\u00e9 la lecture de la chronique ? Bien ! Refermez votre journal, jetez un \u0153il sur votre montre. Il est bient\u00f4t midi ? Vous avez encore du temps. Notre rendez-vous est \u00e0 partir de 13 heures, ce samedi, avenue Abane-Ramdane, \u00e0 la librairie Multilivres de Tizi-Ouzou. Je vous y attends pour une apr\u00e8s-midi de d\u00e9dicaces de mon recueil de nouvelles intitul\u00e9 L\u2019homme-carrefour et autres histoires d\u2019un pays impossible\u00a0 paru aux \u00e9ditions Frantz Fanon. A vous y voir !<br \/>Le Fumeur de Th\u00e9<\/em><\/p>\n<p>Auteur:<br \/>\n<a href=\"https:\/\/www.lesoirdalgerie.com\/pousse-avec-eux\/plaidoyer-pour-une-uniformisation-des-boites-de-vitesses-33619\">Cliquez ici pour lire l&rsquo;article depuis sa source.<\/a><\/p>\n","protected":false},"excerpt":{"rendered":"<p>Une rime avec \u00ab hermine \u00bb ? Vermine ! Je suis d\u00e9sol\u00e9, mais y a moyen d\u2019en finir avec la justice \u00e0 deux vitesses ! Celle qui, dans une cour, condamne \u00e0 de la prison ferme pour port de drapeau amazigh. Et celle qui, dans une autre cour, pourtant distante de quelques m\u00e8tres, relaxe pour [&hellip;]<\/p>\n","protected":false},"author":1741,"featured_media":0,"comment_status":"closed","ping_status":"closed","sticky":false,"template":"","format":"standard","meta":{"fifu_image_url":"","fifu_image_alt":"","footnotes":""},"categories":[73,53],"tags":[],"class_list":["post-67692","post","type-post","status-publish","format-standard","hentry","category-actualite","category-algerie"],"_links":{"self":[{"href":"https:\/\/linitiative.ca\/International\/wp-json\/wp\/v2\/posts\/67692","targetHints":{"allow":["GET"]}}],"collection":[{"href":"https:\/\/linitiative.ca\/International\/wp-json\/wp\/v2\/posts"}],"about":[{"href":"https:\/\/linitiative.ca\/International\/wp-json\/wp\/v2\/types\/post"}],"author":[{"embeddable":true,"href":"https:\/\/linitiative.ca\/International\/wp-json\/wp\/v2\/users\/1741"}],"replies":[{"embeddable":true,"href":"https:\/\/linitiative.ca\/International\/wp-json\/wp\/v2\/comments?post=67692"}],"version-history":[{"count":0,"href":"https:\/\/linitiative.ca\/International\/wp-json\/wp\/v2\/posts\/67692\/revisions"}],"wp:attachment":[{"href":"https:\/\/linitiative.ca\/International\/wp-json\/wp\/v2\/media?parent=67692"}],"wp:term":[{"taxonomy":"category","embeddable":true,"href":"https:\/\/linitiative.ca\/International\/wp-json\/wp\/v2\/categories?post=67692"},{"taxonomy":"post_tag","embeddable":true,"href":"https:\/\/linitiative.ca\/International\/wp-json\/wp\/v2\/tags?post=67692"}],"curies":[{"name":"wp","href":"https:\/\/api.w.org\/{rel}","templated":true}]}}