{"id":67707,"date":"2019-11-16T15:50:03","date_gmt":"2019-11-16T20:50:03","guid":{"rendered":"https:\/\/linitiative.ca\/International\/venezuela-guaido-mobilise-plusieurs-milliers-de-manifestants-contre-maduro\/"},"modified":"2019-11-16T15:50:03","modified_gmt":"2019-11-16T20:50:03","slug":"venezuela-guaido-mobilise-plusieurs-milliers-de-manifestants-contre-maduro","status":"publish","type":"post","link":"https:\/\/linitiative.ca\/International\/venezuela-guaido-mobilise-plusieurs-milliers-de-manifestants-contre-maduro\/","title":{"rendered":"Venezuela: Guaido mobilise plusieurs milliers de manifestants contre Maduro"},"content":{"rendered":"<div readability=\"32\">\n<p>Publi\u00e9 le 16.11.2019 \u00e0 21h50 par AFP<\/p>\n<\/div>\n<div readability=\"112\">\n<p>Quelques milliers de personnes ont manifest\u00e9 samedi \u00e0 Caracas contre Nicolas Maduro \u00e0 l\u2019appel de Juan Guaido, une mobilisation toutefois en demi-teinte pour l\u2019opposant v\u00e9n\u00e9zu\u00e9lien qui esp\u00e8re profiter des \u00e9v\u00e9nements en Bolivie pour \u00e9vincer le pr\u00e9sident socialiste.<\/p>\n<p>\u00ab\u00a0Nous n\u2019allons pas fl\u00e9chir, nous n\u2019allons pas flancher\u00a0\u00bb, a lanc\u00e9 \u00e0 la foule Juan Guaido.<\/p>\n<p>Le chef de file de l\u2019opposition v\u00e9n\u00e9zu\u00e9lienne tente de jouer \u00e0 fond sur le d\u00e9part du pr\u00e9sident bolivien Evo Morales, qui a d\u00e9missionn\u00e9 dimanche apr\u00e8s des manifestations parfois tr\u00e8s violentes de l\u2019opposition qui l\u2019accusait de \u00ab\u00a0fraude\u00a0\u00bb lors de la pr\u00e9sidentielle du 20 octobre.<\/p>\n<p>La Bolivie \u00ab\u00a0a obtenu sa libert\u00e9 gr\u00e2ce \u00e0 l\u2019union de toutes ses forces\u00a0\u00bb, a insist\u00e9 Juan Guaido, reconnu comme pr\u00e9sident par int\u00e9rim par une cinquantaine de pays, lors d\u2019un discours prononc\u00e9 face \u00e0 l\u2019ambassade de Bolivie.<\/p>\n<p>Le niveau de mobilisation populaire faisait figure de test pour le jeune dirigeant qui tente, en vain, d\u2019\u00e9vincer Nicolas Maduro de la pr\u00e9sidence depuis le mois de janvier.<\/p>\n<p>Les journalistes de l\u2019AFP ont estim\u00e9 \u00e0 environ 5.000 le nombre de manifestants dans les rues de Caracas, soit bien moins que les dizaines de milliers de personnes que Juan Guaido r\u00e9unissait en d\u00e9but d\u2019ann\u00e9e, juste apr\u00e8s s\u2019\u00eatre proclam\u00e9 pr\u00e9sident par int\u00e9rim le 23 janvier.<\/p>\n<p>La mobilisation de ce samedi est toutefois la plus forte depuis la grande manifestation du 1er mai organis\u00e9e le lendemain de son appel au soul\u00e8vement contre Nicolas Maduro, un appel qui avait fait long feu.<\/p>\n<p>Juan Guaido et l\u2019opposition v\u00e9n\u00e9zu\u00e9lienne accusent le successeur d\u2019Hugo Chavez de s\u2019\u00eatre maintenu au pouvoir \u00e0 la faveur de la pr\u00e9sidentielle \u00ab\u00a0frauduleuse\u00a0\u00bb de l\u2019ann\u00e9e derni\u00e8re et le qualifient d&rsquo;\u00a0\u00bbusurpateur\u00a0\u00bb.<\/p>\n<p>\u00ab\u00a0Nos attentes sont tr\u00e8s \u00e9lev\u00e9es. Nous ne voulons surtout pas que cette manifestation soit l\u2019une de celles o\u00f9 les politiciens montent sur une tribune pour dire deux ou trois trucs et que tout le monde rentre chez soi\u00a0\u00bb, a expliqu\u00e9 \u00e0 l\u2019AFP Omar Kienzler, un \u00e9tudiant en droit de 19 ans.<\/p>\n<p>Selon un sondage du cabinet Datanalisis r\u00e9alis\u00e9 entre le 18 et le 25 octobre, 32% des personnes interrog\u00e9es sont dispos\u00e9es \u00e0 manifester pour soutenir Juan Guaido, qui est \u00e9galement pr\u00e9sident du Parlement.<\/p>\n<p>Le Venezuela traverse la pire crise \u00e9conomique et sociale de son histoire r\u00e9cente. L\u2019inflation devrait y atteindre les 200.000% cette ann\u00e9e, selon le FMI. En province, les coupures de courant sont quotidiennes et les p\u00e9nuries de m\u00e9dicaments et d\u2019essence monnaie courante.<\/p>\n<p>L\u2019opposition v\u00e9n\u00e9zu\u00e9lienne met cette situation chaotique sur le dos de la \u00ab\u00a0corruption\u00a0\u00bb et de l&rsquo;\u00a0\u00bbincurie\u00a0\u00bb des dirigeants v\u00e9n\u00e9zu\u00e9liens.<\/p>\n<p>En face, le pr\u00e9sident socialiste avait \u00e9galement appel\u00e9 ses soutiens \u00e0 d\u00e9filer samedi dans la capitale v\u00e9n\u00e9zu\u00e9lienne en soutien \u00e0 Evo Morales, alli\u00e9 r\u00e9gional de Nicolas Maduro avec Cuba et le Nicaragua.<\/p>\n<p>Plusieurs milliers de chavistes habill\u00e9s en rouge ont suivi son appel, \u00e0 l\u2019image de David Perez, 41 ans, qui a dit manifester \u00ab\u00a0pour d\u00e9fendre Evo et le peuple bolivien\u00a0\u00bb.<\/p>\n<p>Nicolas Maduro, qui est devenu pr\u00e9sident \u00e0 la mort d\u2019Hugo Chavez en 2013, accuse r\u00e9guli\u00e8rement l\u2019opposition v\u00e9n\u00e9zu\u00e9lienne de vouloir le renverser au moyen d\u2019un \u00ab\u00a0coup d\u2019Etat\u00a0\u00bb soutenu par les Etats-Unis et la Colombie.<\/p>\n<\/div>\n<p>Auteur: AFP<br \/>\n<a href=\"https:\/\/www.journalducameroun.com\/venezuela-guaido-mobilise-plusieurs-milliers-de-manifestants-contre-maduro\/\">Cliquez ici pour lire l&rsquo;article depuis sa source.<\/a><\/p>\n","protected":false},"excerpt":{"rendered":"<p>Publi\u00e9 le 16.11.2019 \u00e0 21h50 par AFP Quelques milliers de personnes ont manifest\u00e9 samedi \u00e0 Caracas contre Nicolas Maduro \u00e0 l\u2019appel de Juan Guaido, une mobilisation toutefois en demi-teinte pour l\u2019opposant v\u00e9n\u00e9zu\u00e9lien qui esp\u00e8re profiter des \u00e9v\u00e9nements en Bolivie pour \u00e9vincer le pr\u00e9sident socialiste. \u00ab\u00a0Nous n\u2019allons pas fl\u00e9chir, nous n\u2019allons pas flancher\u00a0\u00bb, a lanc\u00e9 \u00e0 [&hellip;]<\/p>\n","protected":false},"author":1965,"featured_media":0,"comment_status":"closed","ping_status":"closed","sticky":false,"template":"","format":"standard","meta":{"fifu_image_url":"","fifu_image_alt":"","footnotes":""},"categories":[73,82],"tags":[],"class_list":["post-67707","post","type-post","status-publish","format-standard","hentry","category-actualite","category-cameroun"],"_links":{"self":[{"href":"https:\/\/linitiative.ca\/International\/wp-json\/wp\/v2\/posts\/67707","targetHints":{"allow":["GET"]}}],"collection":[{"href":"https:\/\/linitiative.ca\/International\/wp-json\/wp\/v2\/posts"}],"about":[{"href":"https:\/\/linitiative.ca\/International\/wp-json\/wp\/v2\/types\/post"}],"author":[{"embeddable":true,"href":"https:\/\/linitiative.ca\/International\/wp-json\/wp\/v2\/users\/1965"}],"replies":[{"embeddable":true,"href":"https:\/\/linitiative.ca\/International\/wp-json\/wp\/v2\/comments?post=67707"}],"version-history":[{"count":0,"href":"https:\/\/linitiative.ca\/International\/wp-json\/wp\/v2\/posts\/67707\/revisions"}],"wp:attachment":[{"href":"https:\/\/linitiative.ca\/International\/wp-json\/wp\/v2\/media?parent=67707"}],"wp:term":[{"taxonomy":"category","embeddable":true,"href":"https:\/\/linitiative.ca\/International\/wp-json\/wp\/v2\/categories?post=67707"},{"taxonomy":"post_tag","embeddable":true,"href":"https:\/\/linitiative.ca\/International\/wp-json\/wp\/v2\/tags?post=67707"}],"curies":[{"name":"wp","href":"https:\/\/api.w.org\/{rel}","templated":true}]}}