{"id":67708,"date":"2019-11-16T15:50:04","date_gmt":"2019-11-16T20:50:04","guid":{"rendered":"https:\/\/linitiative.ca\/International\/250-000-manifestants-a-prague-contre-le-premier-ministre-30-ans-apres-la-revolution-de-velours\/"},"modified":"2019-11-16T15:50:04","modified_gmt":"2019-11-16T20:50:04","slug":"250-000-manifestants-a-prague-contre-le-premier-ministre-30-ans-apres-la-revolution-de-velours","status":"publish","type":"post","link":"https:\/\/linitiative.ca\/International\/250-000-manifestants-a-prague-contre-le-premier-ministre-30-ans-apres-la-revolution-de-velours\/","title":{"rendered":"250.000 manifestants \u00e0 Prague contre le Premier ministre, 30 ans apr\u00e8s la R\u00e9volution de velours"},"content":{"rendered":"<div readability=\"32\">\n<p>Publi\u00e9 le 16.11.2019 \u00e0 21h50 par AFP<\/p>\n<\/div>\n<div readability=\"136\">\n<p>Environ 250.000 Tch\u00e8ques, selon le minist\u00e8re de l\u2019Int\u00e9rieur, ont investi samedi le centre de Prague pour demander le d\u00e9part du Premier ministre milliardaire Andrej Babis accus\u00e9 de corruption, la veille du 30e anniversaire de la R\u00e9volution de velours qui avait renvers\u00e9 le communisme dans l\u2019ancienne Tch\u00e9coslovaquie.<\/p>\n<p>Les manifestants ont brandi des drapeaux tch\u00e8ques et des banderoles appelant M. Babis \u00e0 se retirer. Ils ont scand\u00e9 \u00ab\u00a0honte!\u00a0\u00bb et \u00ab\u00a0d\u00e9mission!\u00a0\u00bb.<\/p>\n<p>Le ministre de l\u2019Int\u00e9rieur, Jan Hamacek, cit\u00e9 par l\u2019agence CTK, a estim\u00e9 \u00e0 environ 250.000 le nombre de personnes rassembl\u00e9es au parc Letna, dans le centre de Prague.<\/p>\n<p>La manifestation se tient la veille du trenti\u00e8me anniversaire de la R\u00e9volution de velours: des manifestations sans pr\u00e9c\u00e9dent et une gr\u00e8ve g\u00e9n\u00e9rale qui ont mis fin \u00e0 quatre d\u00e9cennies de totalitarisme impos\u00e9 par l\u2019Union sovi\u00e9tique dans ce qui \u00e9tait alors la Tch\u00e9coslovaquie.<\/p>\n<p>Ancien communiste, le populiste Babis est confront\u00e9 \u00e0 une s\u00e9rie d\u2019accusations de corruption et \u00e0 une enqu\u00eate de la Commission europ\u00e9enne sur un conflit d\u2019int\u00e9r\u00eats possible autour de son holding Agrofert regroupant diff\u00e9rentes activit\u00e9s dans ses vastes exploitations agricoles, dans les m\u00e9dias et dans le secteur chimique.<\/p>\n<p>Le chef du gouvernement tch\u00e8que rejette les accusations et son parti populiste ANO reste en t\u00eate des sondages avec environ 30% de soutien, ind\u00e9pendamment de ces controverses.<\/p>\n<p>M. Babis est aussi identifi\u00e9 comme agent dans des dossiers secrets de la police des ann\u00e9es 1980, ce que le milliardaire a fermement d\u00e9menti.<\/p>\n<p>\u2013 \u00ab\u00a0D\u00e9mocratie en danger\u00a0\u00bb \u2013<\/p>\n<p>Des habitants d\u2019une maison donnant sur le rassemblement ont d\u00e9ploy\u00e9 samedi une banderole clamant que \u00ab\u00a0la v\u00e9rit\u00e9 et l\u2019amour doivent pr\u00e9valoir sur les mensonges et la haine\u00a0\u00bb, la devise de l\u2019ancien dramaturge dissident anticommuniste puis pr\u00e9sident tch\u00e8que Vaclav Havel.<\/p>\n<p>Kristyna Kovarova, une \u00e9tudiante de 20 ans, originaire du village de Malenice, dans le sud du pays, a d\u00e9clar\u00e9 \u00e0 l\u2019AFP qu\u2019elle \u00e9tait \u00ab\u00a0venue se battre pour la d\u00e9mocratie\u00a0\u00bb.<\/p>\n<p>\u00ab\u00a0Je pense que la d\u00e9mocratie est en danger parce que de nombreuses personnes tentent de la modifier et d\u2019imposer leurs propres r\u00e8gles. Ce n\u2019est pas juste\u00a0\u00bb, a-t-elle insist\u00e9.<\/p>\n<p>\u00ab\u00a0Je n\u2019aime vraiment pas les mensonges de notre Premier ministre\u00a0\u00bb, a d\u00e9clar\u00e9 de son c\u00f4t\u00e9 Josef Plandor, venu de Zasova, dans l\u2019est de la R\u00e9publique tch\u00e8que.<\/p>\n<p>\u00ab\u00a0Son \u00e9norme conflit d\u2019int\u00e9r\u00eats, ses mensonges, ses fraudes, c\u2019est trop. Ce n\u2019est pas un homme honn\u00eate\u00a0\u00bb, a insist\u00e9 ce forestier de 43 ans.<\/p>\n<p>D\u2019origine slovaque, le chef du gouvernement, \u00e2g\u00e9 de 65 ans, a \u00e9t\u00e9 inculp\u00e9 l\u2019ann\u00e9e derni\u00e8re dans une affaire de fraude pr\u00e9sum\u00e9e aux subventions europ\u00e9ennes d\u2019une valeur de deux millions d\u2019euros concernant son complexe h\u00f4telier pr\u00e8s de Prague mais le parquet de Prague a abandonn\u00e9 les charges en septembre.<\/p>\n<p>\u2013 Gr\u00e8ve d\u2019\u00e9tudiants \u2013<\/p>\n<p>M. Babis, la cinqui\u00e8me fortune tch\u00e8que selon Forbes, dirige le mouvement populiste centriste ANO dans un gouvernement de coalition minoritaire avec les sociaux-d\u00e9mocrates, appuy\u00e9 au parlement par le parti communiste.<\/p>\n<p>ANO a remport\u00e9 les \u00e9lections l\u00e9gislatives de 2017 en promettant la lutte contre la corruption en R\u00e9publique tch\u00e8que, pays membre de l\u2019Union europ\u00e9enne et de l\u2019Otan, fort de 10,6 millions de d\u2019habitants.<\/p>\n<p>Le vendredi 17 novembre 1989, la police tch\u00e9coslovaque avait dispers\u00e9 brutalement une marche d\u2019\u00e9tudiants, ce qui avait d\u00e9clench\u00e9 leur gr\u00e8ve le lendemain, et la cr\u00e9ation d\u2019un mouvement d\u2019opposition qui avait n\u00e9goci\u00e9 l\u2019abandon du pouvoir par le Parti communiste.<\/p>\n<p>\u00c0 la fin de d\u00e9cembre 1989, Vaclav Havel, alors chef de l\u2019opposition, avait \u00e9t\u00e9 \u00e9lu pr\u00e9sident de la Tch\u00e9coslovaquie. Le pays s\u2019est ensuite divis\u00e9e pacifiquement en R\u00e9publique tch\u00e8que et en Slovaquie en 1993.<\/p>\n<\/div>\n<p>Auteur: AFP<br \/>\n<a href=\"https:\/\/www.journalducameroun.com\/250-000-manifestants-a-prague-contre-le-premier-ministre-30-ans-apres-la-revolution-de-velours\/\">Cliquez ici pour lire l&rsquo;article depuis sa source.<\/a><\/p>\n","protected":false},"excerpt":{"rendered":"<p>Publi\u00e9 le 16.11.2019 \u00e0 21h50 par AFP Environ 250.000 Tch\u00e8ques, selon le minist\u00e8re de l\u2019Int\u00e9rieur, ont investi samedi le centre de Prague pour demander le d\u00e9part du Premier ministre milliardaire Andrej Babis accus\u00e9 de corruption, la veille du 30e anniversaire de la R\u00e9volution de velours qui avait renvers\u00e9 le communisme dans l\u2019ancienne Tch\u00e9coslovaquie. Les manifestants [&hellip;]<\/p>\n","protected":false},"author":1965,"featured_media":0,"comment_status":"closed","ping_status":"closed","sticky":false,"template":"","format":"standard","meta":{"fifu_image_url":"","fifu_image_alt":"","footnotes":""},"categories":[73,82],"tags":[],"class_list":["post-67708","post","type-post","status-publish","format-standard","hentry","category-actualite","category-cameroun"],"_links":{"self":[{"href":"https:\/\/linitiative.ca\/International\/wp-json\/wp\/v2\/posts\/67708","targetHints":{"allow":["GET"]}}],"collection":[{"href":"https:\/\/linitiative.ca\/International\/wp-json\/wp\/v2\/posts"}],"about":[{"href":"https:\/\/linitiative.ca\/International\/wp-json\/wp\/v2\/types\/post"}],"author":[{"embeddable":true,"href":"https:\/\/linitiative.ca\/International\/wp-json\/wp\/v2\/users\/1965"}],"replies":[{"embeddable":true,"href":"https:\/\/linitiative.ca\/International\/wp-json\/wp\/v2\/comments?post=67708"}],"version-history":[{"count":0,"href":"https:\/\/linitiative.ca\/International\/wp-json\/wp\/v2\/posts\/67708\/revisions"}],"wp:attachment":[{"href":"https:\/\/linitiative.ca\/International\/wp-json\/wp\/v2\/media?parent=67708"}],"wp:term":[{"taxonomy":"category","embeddable":true,"href":"https:\/\/linitiative.ca\/International\/wp-json\/wp\/v2\/categories?post=67708"},{"taxonomy":"post_tag","embeddable":true,"href":"https:\/\/linitiative.ca\/International\/wp-json\/wp\/v2\/tags?post=67708"}],"curies":[{"name":"wp","href":"https:\/\/api.w.org\/{rel}","templated":true}]}}