{"id":67709,"date":"2019-11-16T16:18:04","date_gmt":"2019-11-16T21:18:04","guid":{"rendered":"https:\/\/linitiative.ca\/International\/cglu-monde-le-marocain-mohamed-boudra-elu-president-de-lorganisation-cites-et-gouvernements-locaux\/"},"modified":"2019-11-16T16:18:04","modified_gmt":"2019-11-16T21:18:04","slug":"cglu-monde-le-marocain-mohamed-boudra-elu-president-de-lorganisation-cites-et-gouvernements-locaux","status":"publish","type":"post","link":"https:\/\/linitiative.ca\/International\/cglu-monde-le-marocain-mohamed-boudra-elu-president-de-lorganisation-cites-et-gouvernements-locaux\/","title":{"rendered":"CGLU-Monde: le Marocain Mohamed Boudra \u00e9lu pr\u00e9sident de l\u2019Organisation Cit\u00e9s et gouvernements locaux"},"content":{"rendered":"<div readability=\"32\">\n<p>Publi\u00e9 le 16.11.2019 \u00e0 22h18 par APA News<\/p>\n<\/div>\n<div readability=\"68\">\n<p>Le Pr\u00e9sident de l\u2019Association marocaine des pr\u00e9sidents des conseils communaux (AMPCC), Mohamed Boudra, a \u00e9t\u00e9 \u00e9lu par consensus, vendredi \u00e0 Durban en Afrique du Sud, Pr\u00e9sident de l\u2019organisation Cit\u00e9s et Gouvernements Locaux Unis-Monde (CGLU-Monde), \u00e0 l\u2019issue du 6\u00e8me Sommet mondial triennal de cette organisation.Le principal rival de M. Boudra \u00e9tait le maire de la ville russe de Kazan, Ilsur Metshin, qui s\u2019est finalement retir\u00e9 de la comp\u00e9tition. Pour rappel, la pr\u00e9sidence sortante de l\u2019organisation CGLU-Monde \u00e9tait sud-africaine.<\/p>\n<p>Le choix port\u00e9 sur le Maroc pour pr\u00e9sider cette organisation mondiale, qui compte 240.000 villes et collectivit\u00e9s locales membres, est une reconnaissance des actions et chantiers de d\u00e9veloppement structurants multisectoriels initi\u00e9s par le Roi Mohammed VI, depuis deux d\u00e9cennies, en faveur de la d\u00e9centralisation, de la justice spatiale, de l\u2019\u00e9quit\u00e9 sociale, ainsi que de la promotion des valeurs de solidarit\u00e9 en mati\u00e8re de d\u00e9veloppement durable, dans toutes les r\u00e9gions du Royaume, et particuli\u00e8rement dans les provinces du nord du pays.<\/p>\n<p>A signaler qu\u2019avec pr\u00e8s de 3000 d\u00e9l\u00e9gu\u00e9s venus de diff\u00e9rentes r\u00e9gions du monde, le sommet mondial des Cit\u00e9s et Gouvernements Locaux Unis est consid\u00e9r\u00e9 comme le plus grand rassemblement mondial de dirigeants locaux et r\u00e9gionaux ainsi que des acteurs int\u00e9ress\u00e9s par les affaires locales.<\/p>\n<p>Lors de ce conclave, les \u00e9lus se notamment sont pench\u00e9s sur la d\u00e9finition de l\u2019agenda mondial des villes et des r\u00e9gions pour les ann\u00e9es \u00e0 venir et ont \u00e9galement jet\u00e9 la lumi\u00e8re sur l\u2019\u00e9volution de cette organisation mondiale, qui f\u00eate son 15\u00e8me anniversaire.<\/p>\n<\/div>\n<p>Auteur: APA News<br \/>\n<a href=\"https:\/\/www.journalducameroun.com\/cglu-monde-le-marocain-mohamed-boudra-elu-president-de-lorganisation-cites-et-gouvernements-locaux\/\">Cliquez ici pour lire l&rsquo;article depuis sa source.<\/a><\/p>\n","protected":false},"excerpt":{"rendered":"<p>Publi\u00e9 le 16.11.2019 \u00e0 22h18 par APA News Le Pr\u00e9sident de l\u2019Association marocaine des pr\u00e9sidents des conseils communaux (AMPCC), Mohamed Boudra, a \u00e9t\u00e9 \u00e9lu par consensus, vendredi \u00e0 Durban en Afrique du Sud, Pr\u00e9sident de l\u2019organisation Cit\u00e9s et Gouvernements Locaux Unis-Monde (CGLU-Monde), \u00e0 l\u2019issue du 6\u00e8me Sommet mondial triennal de cette organisation.Le principal rival de [&hellip;]<\/p>\n","protected":false},"author":1965,"featured_media":0,"comment_status":"closed","ping_status":"closed","sticky":false,"template":"","format":"standard","meta":{"fifu_image_url":"","fifu_image_alt":"","footnotes":""},"categories":[73,82],"tags":[],"class_list":["post-67709","post","type-post","status-publish","format-standard","hentry","category-actualite","category-cameroun"],"_links":{"self":[{"href":"https:\/\/linitiative.ca\/International\/wp-json\/wp\/v2\/posts\/67709","targetHints":{"allow":["GET"]}}],"collection":[{"href":"https:\/\/linitiative.ca\/International\/wp-json\/wp\/v2\/posts"}],"about":[{"href":"https:\/\/linitiative.ca\/International\/wp-json\/wp\/v2\/types\/post"}],"author":[{"embeddable":true,"href":"https:\/\/linitiative.ca\/International\/wp-json\/wp\/v2\/users\/1965"}],"replies":[{"embeddable":true,"href":"https:\/\/linitiative.ca\/International\/wp-json\/wp\/v2\/comments?post=67709"}],"version-history":[{"count":0,"href":"https:\/\/linitiative.ca\/International\/wp-json\/wp\/v2\/posts\/67709\/revisions"}],"wp:attachment":[{"href":"https:\/\/linitiative.ca\/International\/wp-json\/wp\/v2\/media?parent=67709"}],"wp:term":[{"taxonomy":"category","embeddable":true,"href":"https:\/\/linitiative.ca\/International\/wp-json\/wp\/v2\/categories?post=67709"},{"taxonomy":"post_tag","embeddable":true,"href":"https:\/\/linitiative.ca\/International\/wp-json\/wp\/v2\/tags?post=67709"}],"curies":[{"name":"wp","href":"https:\/\/api.w.org\/{rel}","templated":true}]}}