{"id":67711,"date":"2019-11-17T03:05:10","date_gmt":"2019-11-17T08:05:10","guid":{"rendered":"https:\/\/linitiative.ca\/International\/a-fleur-de-mondes-de-bouthaina-azami-a-la-villa-des-arts-de-rabat\/"},"modified":"2019-11-17T03:05:10","modified_gmt":"2019-11-17T08:05:10","slug":"a-fleur-de-mondes-de-bouthaina-azami-a-la-villa-des-arts-de-rabat","status":"publish","type":"post","link":"https:\/\/linitiative.ca\/International\/a-fleur-de-mondes-de-bouthaina-azami-a-la-villa-des-arts-de-rabat\/","title":{"rendered":"\u00abA fleur de mondes\u00bb de Bouthaina Azami \u00e0 la villa des arts de Rabat"},"content":{"rendered":"<header>\n<\/header>\n<div class=\"entry-content clearfix\" readability=\"41\"><img decoding=\"async\" class=\"post_layout_5_img\" src=\"http:\/\/aujourdhui.ma\/wp-content\/uploads\/2019\/11\/Peintre-Bouthaina-Azami.jpg?x29840\" alt=\"\u00abA fleur de mondes\u00bb de Bouthaina Azami \u00e0 la villa des arts de Rabat\"\/><\/p>\n<p class=\"p1\"><span class=\"s1\"><span class=\"c4\"><strong>L\u2019artiste-peintre et \u00e9crivaine Boutha\u00efna Azami d\u00e9voile son exposition \u00abA fleur de mondes\u00bb \u00e0 la Villa des arts de Rabat et ce jusqu\u2019au 30 d\u00e9cembre prochain.<\/strong><\/span><\/span> <span id=\"more-323493\"\/><\/p>\n<p class=\"p1\"><span class=\"s1\">Cette exposition fait d\u00e9couvrir au public une vingtaine d\u2019\u0153uvres artistiques aux couleurs intenses et aux \u00e9motions denses, con\u00e7ues dans un style tr\u00e8s distingu\u00e9 qui met en sc\u00e8ne des trag\u00e9dies humaines, particuli\u00e8rement \u00ables femmes et l\u2019esclavage\u00bb. Cette exposition est le fruit d\u2019un travail de plusieurs ann\u00e9es de recherche et d\u2019exp\u00e9rimentation dans le champ de la peinture, de la photographie et des arts plastiques et graphiques.<\/span><\/p>\n<\/div>\n<p>Auteur: ALM<br \/>\n<a href=\"http:\/\/aujourdhui.ma\/culture\/a-fleur-de-mondes-de-bouthaina-azami-a-la-villa-des-arts-de-rabat\">Cliquez ici pour lire l&rsquo;article depuis sa source.<\/a><\/p>\n","protected":false},"excerpt":{"rendered":"<p>L\u2019artiste-peintre et \u00e9crivaine Boutha\u00efna Azami d\u00e9voile son exposition \u00abA fleur de mondes\u00bb \u00e0 la Villa des arts de Rabat et ce jusqu\u2019au 30 d\u00e9cembre prochain. Cette exposition fait d\u00e9couvrir au public une vingtaine d\u2019\u0153uvres artistiques aux couleurs intenses et aux \u00e9motions denses, con\u00e7ues dans un style tr\u00e8s distingu\u00e9 qui met en sc\u00e8ne des trag\u00e9dies humaines, [&hellip;]<\/p>\n","protected":false},"author":1759,"featured_media":0,"comment_status":"closed","ping_status":"closed","sticky":false,"template":"","format":"standard","meta":{"fifu_image_url":"","fifu_image_alt":"","footnotes":""},"categories":[73,54],"tags":[],"class_list":["post-67711","post","type-post","status-publish","format-standard","hentry","category-actualite","category-maroc"],"_links":{"self":[{"href":"https:\/\/linitiative.ca\/International\/wp-json\/wp\/v2\/posts\/67711","targetHints":{"allow":["GET"]}}],"collection":[{"href":"https:\/\/linitiative.ca\/International\/wp-json\/wp\/v2\/posts"}],"about":[{"href":"https:\/\/linitiative.ca\/International\/wp-json\/wp\/v2\/types\/post"}],"author":[{"embeddable":true,"href":"https:\/\/linitiative.ca\/International\/wp-json\/wp\/v2\/users\/1759"}],"replies":[{"embeddable":true,"href":"https:\/\/linitiative.ca\/International\/wp-json\/wp\/v2\/comments?post=67711"}],"version-history":[{"count":0,"href":"https:\/\/linitiative.ca\/International\/wp-json\/wp\/v2\/posts\/67711\/revisions"}],"wp:attachment":[{"href":"https:\/\/linitiative.ca\/International\/wp-json\/wp\/v2\/media?parent=67711"}],"wp:term":[{"taxonomy":"category","embeddable":true,"href":"https:\/\/linitiative.ca\/International\/wp-json\/wp\/v2\/categories?post=67711"},{"taxonomy":"post_tag","embeddable":true,"href":"https:\/\/linitiative.ca\/International\/wp-json\/wp\/v2\/tags?post=67711"}],"curies":[{"name":"wp","href":"https:\/\/api.w.org\/{rel}","templated":true}]}}