{"id":67712,"date":"2019-11-17T03:09:45","date_gmt":"2019-11-17T08:09:45","guid":{"rendered":"https:\/\/linitiative.ca\/International\/meknes-2-mois-de-prison-avec-sursis-pour-un-harceleur-dune-femme-a-bord-dun-taxi\/"},"modified":"2019-11-17T03:09:45","modified_gmt":"2019-11-17T08:09:45","slug":"meknes-2-mois-de-prison-avec-sursis-pour-un-harceleur-dune-femme-a-bord-dun-taxi","status":"publish","type":"post","link":"https:\/\/linitiative.ca\/International\/meknes-2-mois-de-prison-avec-sursis-pour-un-harceleur-dune-femme-a-bord-dun-taxi\/","title":{"rendered":"Mekn\u00e8s : 2 mois de prison avec sursis pour un harceleur d\u2019une femme \u00e0 bord d\u2019un taxi"},"content":{"rendered":"<header>\n<\/header>\n<div class=\"entry-content clearfix\" readability=\"54\"><img decoding=\"async\" class=\"post_layout_5_img\" src=\"http:\/\/aujourdhui.ma\/wp-content\/uploads\/2019\/11\/Taxi-Meknes.jpg?x29840\" alt=\"Mekn\u00e8s : 2 mois de prison avec sursis pour un harceleur d\u2019une femme \u00e0 bord d\u2019un taxi\"\/><\/p>\n<p class=\"p1\"><span class=\"s1\"><span class=\"c4\"><strong>Deux mois de prison avec sursis assortie d\u2019une amende de 500 DH, tel a \u00e9t\u00e9 le verdict rendu par la chambre correctionnelle pr\u00e8s le tribunal de premi\u00e8re instance de Mekn\u00e8s contre un sexag\u00e9naire et ce pour harc\u00e8lement d\u2019une m\u00e8re de famille.<\/strong><\/span><\/span> <span id=\"more-323734\"\/><\/p>\n<p class=\"p1\"><span class=\"s1\">Celle-ci \u00e9tait \u00e0 bord d\u2019un grand taxi qui devait la conduire, en compagnie d\u2019autres voyageurs, depuis le boulevard Mohammed V, \u00e0 destination de chez elle au quartier Sidi Sa\u00efd quand cet homme qui se tenait \u00e0 c\u00f4t\u00e9 d\u2019elle a commenc\u00e9 \u00e0 la harceler en la touchant au niveau de la cuisse \u00e0 plusieurs reprises.<\/span><\/p>\n<p class=\"p1\"><span class=\"s1\">En lui demandant de s\u2019arr\u00eater, il a commenc\u00e9 \u00e0 se moquer d\u2019elle. Malheureusement, aucun des clients, ni m\u00eame le chauffeur, n\u2019est intervenu, ce qui l\u2019a encourag\u00e9 \u00e0 continuer \u00e0 lui faire des attouchements. C\u2019est ainsi qu\u2019elle a d\u00e9cid\u00e9 de ne pas descendre au quartier de Sidi Sa\u00efd, mais de continuer son chemin jusqu\u2019\u00e0 la gare routi\u00e8re pour le d\u00e9noncer \u00e0 la police qui est venue l\u2019arr\u00eater.<\/span><\/p>\n<\/div>\n<p>Auteur: Abderrafii ALOUMLIKI<br \/>\n<a href=\"http:\/\/aujourdhui.ma\/faits-divers\/meknes-2-mois-de-prison-avec-sursis-pour-un-harceleur-dune-femme-a-bord-dun-taxi\">Cliquez ici pour lire l&rsquo;article depuis sa source.<\/a><\/p>\n","protected":false},"excerpt":{"rendered":"<p>Deux mois de prison avec sursis assortie d\u2019une amende de 500 DH, tel a \u00e9t\u00e9 le verdict rendu par la chambre correctionnelle pr\u00e8s le tribunal de premi\u00e8re instance de Mekn\u00e8s contre un sexag\u00e9naire et ce pour harc\u00e8lement d\u2019une m\u00e8re de famille. Celle-ci \u00e9tait \u00e0 bord d\u2019un grand taxi qui devait la conduire, en compagnie d\u2019autres [&hellip;]<\/p>\n","protected":false},"author":1759,"featured_media":0,"comment_status":"closed","ping_status":"closed","sticky":false,"template":"","format":"standard","meta":{"fifu_image_url":"","fifu_image_alt":"","footnotes":""},"categories":[73,54],"tags":[],"class_list":["post-67712","post","type-post","status-publish","format-standard","hentry","category-actualite","category-maroc"],"_links":{"self":[{"href":"https:\/\/linitiative.ca\/International\/wp-json\/wp\/v2\/posts\/67712","targetHints":{"allow":["GET"]}}],"collection":[{"href":"https:\/\/linitiative.ca\/International\/wp-json\/wp\/v2\/posts"}],"about":[{"href":"https:\/\/linitiative.ca\/International\/wp-json\/wp\/v2\/types\/post"}],"author":[{"embeddable":true,"href":"https:\/\/linitiative.ca\/International\/wp-json\/wp\/v2\/users\/1759"}],"replies":[{"embeddable":true,"href":"https:\/\/linitiative.ca\/International\/wp-json\/wp\/v2\/comments?post=67712"}],"version-history":[{"count":0,"href":"https:\/\/linitiative.ca\/International\/wp-json\/wp\/v2\/posts\/67712\/revisions"}],"wp:attachment":[{"href":"https:\/\/linitiative.ca\/International\/wp-json\/wp\/v2\/media?parent=67712"}],"wp:term":[{"taxonomy":"category","embeddable":true,"href":"https:\/\/linitiative.ca\/International\/wp-json\/wp\/v2\/categories?post=67712"},{"taxonomy":"post_tag","embeddable":true,"href":"https:\/\/linitiative.ca\/International\/wp-json\/wp\/v2\/tags?post=67712"}],"curies":[{"name":"wp","href":"https:\/\/api.w.org\/{rel}","templated":true}]}}