{"id":67714,"date":"2019-11-17T03:12:35","date_gmt":"2019-11-17T08:12:35","guid":{"rendered":"https:\/\/linitiative.ca\/International\/16eme-festival-international-cinema-et-migration-24-films-en-lice\/"},"modified":"2019-11-17T03:12:35","modified_gmt":"2019-11-17T08:12:35","slug":"16eme-festival-international-cinema-et-migration-24-films-en-lice","status":"publish","type":"post","link":"https:\/\/linitiative.ca\/International\/16eme-festival-international-cinema-et-migration-24-films-en-lice\/","title":{"rendered":"16\u00e8me Festival international cin\u00e9ma et migration : 24 films en lice"},"content":{"rendered":"<p><img decoding=\"async\" class=\"post_layout_5_img\" src=\"http:\/\/aujourdhui.ma\/wp-content\/uploads\/2019\/11\/cine%CC%81ma.jpg?x29840\" alt=\"16\u00e8me Festival international cin\u00e9ma et migration : 24 films en lice\"\/><\/p>\n<p class=\"p1\"><span class=\"c4\"><strong><em>La plupart de ces productions seront projet\u00e9es pour la premi\u00e8re fois au Maroc et sur le continent africain<\/em><\/strong><\/span><span id=\"more-323672\"\/><\/p>\n<p class=\"p1\"><span class=\"s1\">Le Festival international cin\u00e9ma et migration revient \u00e0 Agadir du 9 au 14 d\u00e9cembre pour sa 16\u00e8me \u00e9dition en pr\u00e9sence d\u2019une pl\u00e9iade de cin\u00e9astes et d\u2019artistes venus du Maroc et d\u2019ailleurs.<\/span><\/p>\n<p class=\"p1\"><span class=\"s1\">Cette \u00e9dition s\u2019annonce exceptionnelle avec un programme riche en activit\u00e9s qui fait la part belle aux interactions entre les professionnels, les acad\u00e9miciens et le grand public \u00e0 travers des rencontres, des workshops, des master class, des projections et des tables rondes.<\/span><\/p>\n<p class=\"p1\"><span class=\"s1\"><em>\u00abD\u2019\u00e9dition en \u00e9dition, nous pla\u00e7ons la barre un peu plus haut. Cette ann\u00e9e nous avons une programmation riche pour permettre au grand public pr\u00e9sent \u00e0 Agadir, aux habitants des r\u00e9gions avoisinantes, aux \u00e9tudiants, aux p\u00e9pites du cin\u00e9ma, aux personnes aux besoins sp\u00e9cifiques de b\u00e9n\u00e9ficier de multiples activit\u00e9s et initiatives d\u00e9velopp\u00e9es \u00e0 leur attention par le festival\u00bb<\/em>, explique Driss Moubarak, pr\u00e9sident de l\u2019association l\u2019Initiative culturelle \u00e0 l\u2019origine de cet \u00e9v\u00e9nement.<\/span><\/p>\n<p class=\"p1\"><span class=\"s1\">Dans le cadre des deux comp\u00e9titions officielles du festival, neuf longs m\u00e9trages et quinze courts m\u00e9trages, tous produits entre 2018 et 2019, seront en lice pour cette \u00e9dition. La plupart de ces productions seront projet\u00e9es pour la premi\u00e8re fois au Maroc et sur le continent africain.<\/span><\/p>\n<p class=\"p1\"><span class=\"s1\">Le<span class=\"Apple-converted-space\">\u00a0<\/span> jury des longs m\u00e9trages sera confi\u00e9 au r\u00e9alisateur et ancien ministre malien de la culture, Cheick Oumar Sissoko, avec \u00e0 ses c\u00f4t\u00e9s la com\u00e9dienne tunisienne Fatma ben Sa\u00efdane, le r\u00e9alisateur marocain Isma\u00ebl Ferroukhi, le r\u00e9alisateur fran\u00e7ais Manuel Sanchez et la r\u00e9alisatrice italienne Annamaria Gallone. Tandis que le jury des courts m\u00e9trages sera pr\u00e9sid\u00e9 par le r\u00e9alisateur, producteur et sc\u00e9nariste marocain Abdeslam Kela\u00ef, et sera compos\u00e9 de la com\u00e9dienne marocaine Sa\u00e2dia Ladib, du r\u00e9alisateur et sc\u00e9nariste n\u00e9erlando-alg\u00e9rien Karim Tra\u00efdia, du r\u00e9alisateur et sc\u00e9nariste marocain Mohamed El Khoma\u00efs et de la com\u00e9dienne et auteure libanaise Darine Al Joundi.<\/span><\/p>\n<p class=\"p1\"><span class=\"s2\">Quant au pays invit\u00e9 d\u2019honneur, le choix des organisateurs s\u2019est port\u00e9 cette ann\u00e9e sur la Belgique, pays avec lequel le Royaume entretient des relations \u00e9troites et dont le paysage cin\u00e9matographique est incessamment enrichi par les contributions de talentueux r\u00e9alisateurs, com\u00e9diens, sc\u00e9naristes et producteurs d\u2019origine marocaine. Le Royaume, au r\u00e9pertoire cin\u00e9matographique riche et singulier, sera repr\u00e9sent\u00e9 \u00e0 Agadir par une importante d\u00e9l\u00e9gation conduite par le Belgo-marocain Nabil Ben Yadir.<\/span><\/p>\n<p class=\"p1\"><span class=\"s1\">C\u00f4t\u00e9 hommages, cette \u00e9dition 2019 d\u00e9roulera le tapis rouge devant les com\u00e9diens Asmaa Khamlichi et au Franco-marocain Karim Sa\u00efdi.<\/span><\/p>\n<p class=\"p1\"><span class=\"s1\">Pour rappel, ce festival est organis\u00e9 en partenariat avec la r\u00e9gion Souss-Massa, la wilaya, le conseil pr\u00e9fectoral d\u2019Agadir Ida-Outanane, le Centre cin\u00e9matographique marocain et le minist\u00e8re d\u00e9l\u00e9gu\u00e9 charg\u00e9 des Marocains r\u00e9sidant \u00e0 l\u2019\u00e9tranger.<\/span><\/p>\n<p>Auteur: Mohamed Laabid<br \/>\n<a href=\"http:\/\/aujourdhui.ma\/culture\/cinema\/16eme-festival-international-cinema-et-migration-24-films-en-lice\">Cliquez ici pour lire l&rsquo;article depuis sa source.<\/a><\/p>\n","protected":false},"excerpt":{"rendered":"<p>La plupart de ces productions seront projet\u00e9es pour la premi\u00e8re fois au Maroc et sur le continent africain Le Festival international cin\u00e9ma et migration revient \u00e0 Agadir du 9 au 14 d\u00e9cembre pour sa 16\u00e8me \u00e9dition en pr\u00e9sence d\u2019une pl\u00e9iade de cin\u00e9astes et d\u2019artistes venus du Maroc et d\u2019ailleurs. Cette \u00e9dition s\u2019annonce exceptionnelle avec un [&hellip;]<\/p>\n","protected":false},"author":1759,"featured_media":0,"comment_status":"closed","ping_status":"closed","sticky":false,"template":"","format":"standard","meta":{"fifu_image_url":"","fifu_image_alt":"","footnotes":""},"categories":[73,54],"tags":[],"class_list":["post-67714","post","type-post","status-publish","format-standard","hentry","category-actualite","category-maroc"],"_links":{"self":[{"href":"https:\/\/linitiative.ca\/International\/wp-json\/wp\/v2\/posts\/67714","targetHints":{"allow":["GET"]}}],"collection":[{"href":"https:\/\/linitiative.ca\/International\/wp-json\/wp\/v2\/posts"}],"about":[{"href":"https:\/\/linitiative.ca\/International\/wp-json\/wp\/v2\/types\/post"}],"author":[{"embeddable":true,"href":"https:\/\/linitiative.ca\/International\/wp-json\/wp\/v2\/users\/1759"}],"replies":[{"embeddable":true,"href":"https:\/\/linitiative.ca\/International\/wp-json\/wp\/v2\/comments?post=67714"}],"version-history":[{"count":0,"href":"https:\/\/linitiative.ca\/International\/wp-json\/wp\/v2\/posts\/67714\/revisions"}],"wp:attachment":[{"href":"https:\/\/linitiative.ca\/International\/wp-json\/wp\/v2\/media?parent=67714"}],"wp:term":[{"taxonomy":"category","embeddable":true,"href":"https:\/\/linitiative.ca\/International\/wp-json\/wp\/v2\/categories?post=67714"},{"taxonomy":"post_tag","embeddable":true,"href":"https:\/\/linitiative.ca\/International\/wp-json\/wp\/v2\/tags?post=67714"}],"curies":[{"name":"wp","href":"https:\/\/api.w.org\/{rel}","templated":true}]}}