{"id":67715,"date":"2019-11-17T05:36:51","date_gmt":"2019-11-17T10:36:51","guid":{"rendered":"https:\/\/linitiative.ca\/International\/le-pps-et-la-loi-de-finances-2020\/"},"modified":"2019-11-17T05:36:51","modified_gmt":"2019-11-17T10:36:51","slug":"le-pps-et-la-loi-de-finances-2020","status":"publish","type":"post","link":"https:\/\/linitiative.ca\/International\/le-pps-et-la-loi-de-finances-2020\/","title":{"rendered":"Le PPS et la Loi de Finances 2020"},"content":{"rendered":"<p class=\"has-text-color has-vivid-red-color c2\"><strong>Lablak: Le PLF20 d\u00e9\u00e7oit par son incapacit\u00e9 de r\u00e9pondre aux attentes des citoyens<\/strong><\/p>\n<p class=\"has-text-color has-vivid-cyan-blue-color\"><strong>A part certaines dispositions \u00abacceptables\u00bb, le Projet de Loi de Finances 2020 est \u00abincapable d\u2019apporter des r\u00e9ponses aux attentes et aux aspirations des citoyens\u00bb, qui esp\u00e9raient voir le remaniement gouvernemental se traduire par une am\u00e9lioration du rendement de ce gouvernement \u00abr\u00e9duit\u00bb, a affirm\u00e9 la pr\u00e9sidente du Groupement parlementaire du progr\u00e8s et du socialisme \u00e0 la Chambre des repr\u00e9sentants Aicha Lablak.<\/strong><\/p>\n<p>Intervenant lors de la s\u00e9ance pl\u00e9ni\u00e8re consacr\u00e9e mercredi 13 novembre par la Chambre \u00e0 \u00a0la discussion g\u00e9n\u00e9rale relative au Projet de loi de finances 2020, la d\u00e9put\u00e9e a d\u00e9plor\u00e9 dans ce cadre l\u2019absence dans le projet de toute tendance r\u00e9formiste du gouvernement, dont le chef n\u2019a pr\u00e9sent\u00e9 aucune d\u00e9claration gouvernementale devant le parlement, \u00e0 la suite du remaniement gouvernemental.<\/p>\n<p>Le PLF 2020 \u00e9vite en effet de pr\u00e9senter des r\u00e9ponses pratiques aux ph\u00e9nom\u00e8nes de l\u2019inqui\u00e9tude croissante au sein de la soci\u00e9t\u00e9, r\u00e9sultant d\u2019un ensemble des\u00a0 dysfonctionnements politiques, \u00e9conomiques et sociaux, explique-t-elle.<\/p>\n<p>Il est de ce fait \u00abloin de donner lieu \u00e0 de nouvelles orientations ou \u00e0 une nouvelle \u00e9tape\u00bb, comme il ne comporte concr\u00e8tement aucun \u00e9l\u00e9ment de r\u00e9ponses aux questions fondamentales que se posent les diff\u00e9rentes couches sociales dont en premier la question de la confiance soci\u00e9tale et institutionnelle, la question de la croissance \u00e9conomique, le probl\u00e8me de la cr\u00e9ation de l\u2019emploi ou encore celui de la r\u00e9partition sociale et spatiale \u00e9quitable de la richesse.<\/p>\n<p>Ce sont en fait tous ces questionnements et d\u2019autres qui avaient pouss\u00e9 le Parti du progr\u00e8s et du socialisme \u00e0 choisir en toute ind\u00e9pendance de quitter ce gouvernement, qui semble \u00eatre d\u00e9muni de toute \u00abvision strat\u00e9gique audacieuse\u00bb susceptible de lui permettre de satisfaire les besoins croissants des habitants dans les domaines de la sant\u00e9, de l\u2019enseignement, de la lutte contre l\u2019enclavement et la marginalisation des zones rurales et recul\u00e9es etc. Le gouvernement est aussi incapable de satisfaire les attentes sociales relatives au d\u00e9veloppement et \u00e0 la justice sociale et spatiale.<\/p>\n<p>C\u2019est ce qu\u2019illustrent notamment l\u2019impact limit\u00e9 de l\u2019investissement public sur le niveau de vie des habitants et l\u2019\u00e9chec des strat\u00e9gies sectorielles, qui ont co\u00fbt\u00e9 tr\u00e8s cher au pays.<\/p>\n<p class=\"has-text-color has-vivid-red-color\"><strong>L\u2019\u00e9chec du PMV et du PAI\u00a0:<\/strong><\/p>\n<p>Selon la pr\u00e9sidente des d\u00e9put\u00e9s (es) du PPS, le plan Maroc Vert a vu sa participation au Produit int\u00e9rieur brut chuter de 13% en 2017 \u00e0 2,1% en 2019. Quant au plan d\u2019acc\u00e9l\u00e9ration industrielle, qui devait selon ses initiateurs, constituer une locomotive du d\u00e9collage \u00e9conomique du pays, il a vu sa part osciller entre 3 et 3,5% seulement. Pire encore, il n\u2019a r\u00e9ussi \u00e0 cr\u00e9er au cours des derni\u00e8res ann\u00e9es que quelque 35.000 postes d\u2019emploi, sachant que le march\u00e9 d\u2019emploi accueille chaque ann\u00e9e environ 200.000 chercheurs d\u2019emploi.<\/p>\n<p>C\u2019est ce qui explique en partie, pourquoi les Marocains enregistrent dans la r\u00e9gion le taux d\u2019activit\u00e9 le plus faible en particulier dans les rangs des femmes dont leur taux d\u2019activit\u00e9 a baiss\u00e9 de 32% \u00e0 24%, pr\u00e9cise Lablak.<\/p>\n<p>C\u2019est pourquoi, il est indispensable de mettre en \u0153uvre les hautes orientations royales contenues dans les derniers discours du Souverain appelant le gouvernement et les \u00e9tablissements financiers \u00e0 \u0153uvrer pour contribuer \u00e0 la cr\u00e9ation des opportunit\u00e9s d\u2019insertion professionnelle et \u00e9conomique et \u00e0 la facilitation du financement des projets port\u00e9s par les diff\u00e9rentes couches sociales et en particulier les jeunes universitaires et les travailleurs du secteur informe. Ce qui requiert des banques une plus grande implication pour assumer leurs responsabilit\u00e9s dans l\u2019\u0153uvre du d\u00e9veloppement du pays et de ne plus se contenter d\u2019accumuler les b\u00e9n\u00e9ficies qui ont atteint quelque 11 milliards de Dirhams pour la seule ann\u00e9e de 2018, ajoute-t-elle.<\/p>\n<p class=\"has-text-color has-vivid-red-color\"><strong>Les amnisties fiscales consacrent la culture de l\u2019impunit\u00e9 dans la dur\u00e9e et portent un coup dur \u00e0 l\u2019Etat de droit<\/strong><\/p>\n<p>Commentant les dispositions du PLF 2020 intitul\u00e9es respectivement \u00abr\u00e9gulation spontan\u00e9e au titre des avoirs et des liquidit\u00e9s d\u00e9tenus \u00e0 l\u2019\u00e9tranger\u00bb et \u00abr\u00e9gulation spontan\u00e9e de la situation fiscale des assujettis \u00e0 l\u2019imp\u00f4t\u00bb, la pr\u00e9sidente du GPPS a indiqu\u00e9 que ce sont l\u00e0 des mesures \u00abinadmissibles\u00bb car elles \u00ab\u00a0vont \u00e0 l\u2019encontre des actions devant \u00eatre entreprises pour consolider l\u2019Etat de Droit et de la l\u00e9galit\u00e9 outre les pratiques d\u00e9mocratiques et \u00e9conomiques saines\u00bb. Une telle d\u00e9rive est de nature \u00e0 \u00abl\u00e9galiser des activit\u00e9s illicites\u00bb, \u00e0 \u00abconsacrer in\u00e9luctablement davantage la culture de l\u2019impunit\u00e9\u00bb et \u00e0 \u00abencourager davantage de pratiques d\u2019\u00e9vasion fiscale et de fuite des capitaux\u00bb, selon Lablak.<\/p>\n<p>Elle n\u2019a pas manqu\u00e9 aussi de faire \u00e9tat des inqui\u00e9tudes de son groupement relatives au transfert par le\u00a0gouvernement de certains Centres hospitaliers universitaires pour financer le budget de l\u2019Etat, une mesure qui risque de signer la mort de ce qui reste du service public social, a-t-elle martel\u00e9.<\/p>\n<p>Outre les projets d\u2019amendements qu\u2019il a pr\u00e9sent\u00e9s pour am\u00e9liorer le contenu du PLF 2020, note Lablak, le Groupement parlementaire du progr\u00e8s et du socialisme insiste sur l\u2019imp\u00e9ratif de proc\u00e9der, sans plus tarder, aux r\u00e9formes requises pour redonner espoir aux citoyennes et citoyens, cr\u00e9er de la richesse et de l\u2019emploi, booster le d\u00e9veloppement, r\u00e9aliser davantage de justice fiscale, sociale et spatiale et assurer aux habitants de meilleures conditions de vie dans la dignit\u00e9, la s\u00e9curit\u00e9 et la stabilit\u00e9 dans leur pays.<\/p>\n<p class=\"c3\"><strong>M\u2019Barek Tafsi<\/strong><\/p>\n<p>Auteur: M&rsquo;hammed rahal<br \/>\n<a href=\"http:\/\/albayane.press.ma\/le-pps-et-la-loi-de-finances-2020.html\">Cliquez ici pour lire l&rsquo;article depuis sa source.<\/a><\/p>\n","protected":false},"excerpt":{"rendered":"<p>Lablak: Le PLF20 d\u00e9\u00e7oit par son incapacit\u00e9 de r\u00e9pondre aux attentes des citoyens A part certaines dispositions \u00abacceptables\u00bb, le Projet de Loi de Finances 2020 est \u00abincapable d\u2019apporter des r\u00e9ponses aux attentes et aux aspirations des citoyens\u00bb, qui esp\u00e9raient voir le remaniement gouvernemental se traduire par une am\u00e9lioration du rendement de ce gouvernement \u00abr\u00e9duit\u00bb, a [&hellip;]<\/p>\n","protected":false},"author":1760,"featured_media":0,"comment_status":"closed","ping_status":"closed","sticky":false,"template":"","format":"standard","meta":{"fifu_image_url":"","fifu_image_alt":"","footnotes":""},"categories":[73,54],"tags":[],"class_list":["post-67715","post","type-post","status-publish","format-standard","hentry","category-actualite","category-maroc"],"_links":{"self":[{"href":"https:\/\/linitiative.ca\/International\/wp-json\/wp\/v2\/posts\/67715","targetHints":{"allow":["GET"]}}],"collection":[{"href":"https:\/\/linitiative.ca\/International\/wp-json\/wp\/v2\/posts"}],"about":[{"href":"https:\/\/linitiative.ca\/International\/wp-json\/wp\/v2\/types\/post"}],"author":[{"embeddable":true,"href":"https:\/\/linitiative.ca\/International\/wp-json\/wp\/v2\/users\/1760"}],"replies":[{"embeddable":true,"href":"https:\/\/linitiative.ca\/International\/wp-json\/wp\/v2\/comments?post=67715"}],"version-history":[{"count":0,"href":"https:\/\/linitiative.ca\/International\/wp-json\/wp\/v2\/posts\/67715\/revisions"}],"wp:attachment":[{"href":"https:\/\/linitiative.ca\/International\/wp-json\/wp\/v2\/media?parent=67715"}],"wp:term":[{"taxonomy":"category","embeddable":true,"href":"https:\/\/linitiative.ca\/International\/wp-json\/wp\/v2\/categories?post=67715"},{"taxonomy":"post_tag","embeddable":true,"href":"https:\/\/linitiative.ca\/International\/wp-json\/wp\/v2\/tags?post=67715"}],"curies":[{"name":"wp","href":"https:\/\/api.w.org\/{rel}","templated":true}]}}