{"id":67717,"date":"2019-11-17T06:11:22","date_gmt":"2019-11-17T11:11:22","guid":{"rendered":"https:\/\/linitiative.ca\/International\/les-deputes-du-pps-decortiquent-un-projet-obsolete\/"},"modified":"2019-11-17T06:11:22","modified_gmt":"2019-11-17T11:11:22","slug":"les-deputes-du-pps-decortiquent-un-projet-obsolete","status":"publish","type":"post","link":"https:\/\/linitiative.ca\/International\/les-deputes-du-pps-decortiquent-un-projet-obsolete\/","title":{"rendered":"Les d\u00e9put\u00e9s du PPS d\u00e9cortiquent un projet obsol\u00e8te"},"content":{"rendered":"<p class=\"has-text-color has-vivid-cyan-blue-color\"><strong>En plus des projets d\u2019amendements qu\u2019il a pr\u00e9sent\u00e9s pour enrichir le Projet de Loi de Finances 2020, le Groupement parlementaire du progr\u00e8s et du socialisme (GPPS) \u00e0 la Chambre des repr\u00e9sentants a fait preuve d\u2019une pr\u00e9sence aux d\u00e9bats sur le PLF2020, tout au long du processus de validation du texte en question.<\/strong><\/p>\n<p><strong>De l\u2019int\u00e9grit\u00e9 territoriale\u2026<\/strong><\/p>\n<p>Interrog\u00e9e au sujet du budget du minist\u00e8re des affaires \u00e9trang\u00e8res, de la coop\u00e9ration africaine et des Marocains r\u00e9sidents \u00e0 l\u2019\u00e9tranger, la d\u00e9put\u00e9e Touria Skalli a indiqu\u00e9 avoir soulign\u00e9 lors de sa discussion en commission que la prorogation d\u2019un an du mandat de la MINURSO est un changement positif pour le Maroc et la cause nationale, qui doit \u00eatre salu\u00e9 et mis \u00e0 profit pour consolider davantage le front int\u00e9rieur et plaider le bien fond\u00e9 de la cause nationale et du projet marocain d\u2019autonomie de la r\u00e9gion.<\/p>\n<p>Selon la d\u00e9put\u00e9e, le Maroc a tout \u00e0 gagner en approfondissant davantage son processus d\u00e9mocratique et en faisant preuve de plus de respect des droits de l\u2019homme et des libert\u00e9s individuelles et collectives.<\/p>\n<p>Un meilleur positionnement du pays au niveau de ces dossiers est de nature \u00e0 faciliter davantage le parach\u00e8vement de l\u2019int\u00e9grit\u00e9 territoriale \u00e0 travers la r\u00e9cup\u00e9ration de Sebta, Mellila et des iles Jaffarines.<\/p>\n<p>La d\u00e9put\u00e9 a fait \u00e9tat, par ailleurs, d\u2019une s\u00e9rie de d\u00e9fis \u00e0 relever dans ce domaine dont celui de respecter le droit des Marocains du monde \u00e0 jouir pleinement de leur citoyennet\u00e9 et de leur \u00a0marocanit\u00e9 et en particulier de leurs droits politiques.<\/p>\n<p><strong>Hommage aux FAR<\/strong><\/p>\n<p>Pour sa part, le d\u00e9put\u00e9 Krimi Jamal Benchekroun a indiqu\u00e9 avoir rendu hommage, lors de l\u2019examen en commission du budget de l\u2019Administration de la d\u00e9fense nationale, \u00a0\u00e0 cette derni\u00e8re pour les efforts inlassables qu\u2019elle d\u00e9ploie pour la pr\u00e9servation de la s\u00e9curit\u00e9 du pays contre toute agression ext\u00e9rieure ainsi que pour le professionnalisme de l\u2019arm\u00e9e marocaine, sous la conduite \u00e9clair\u00e9e de Sa Majest\u00e9 le Roi Mohammed VI.<\/p>\n<p>Dans le m\u00eame ordre d\u2019id\u00e9es, la d\u00e9put\u00e9e Souad Zaidi a rendu un vibrant hommage aux Forces arm\u00e9es royales pour leur bravoure, leur professionnalisme et leurs services sociaux et humanitaires, citant \u00e0 titre d\u2019exemple les h\u00f4pitaux mobiles qu\u2019elles d\u00e9ploient dans les zones recul\u00e9es \u00e0 l\u2019int\u00e9rieur du pays et dans diverses r\u00e9gions dans le monde.\u00a0 C\u2019est pourquoi, le budget de l\u2019Administration nationale ne fait jamais l\u2019objet de surench\u00e8res politiques ou autre et que son adoption ne soul\u00e8ve aucun probl\u00e8me, a-t-elle indiqu\u00e9, soulignant les sacrifices des FAR partout o\u00f9 elles sont d\u00e9ploy\u00e9es au Maroc et ailleurs.<\/p>\n<p><strong>La reddition des comptes, un besoin vital<\/strong><\/p>\n<p>De son cot\u00e9, la d\u00e9put\u00e9e Fatima Zahra Barassat, membre du GPPS, a indiqu\u00e9 avoir insist\u00e9, lors de la discussion en commission du budget de la Cour des comptes, sur la n\u00e9cessit\u00e9 de mettre en \u0153uvre le principe de la corr\u00e9lation entre la responsabilit\u00e9 et la reddition des comptes.<\/p>\n<p><strong>Aux banques de financer le tourisme<\/strong><\/p>\n<p>C\u2019est aux banques, qui r\u00e9alisent des b\u00e9n\u00e9fices illimit\u00e9s, d\u2019assumer leurs responsabilit\u00e9s pour promouvoir le\u00a0 tourisme au Maroc, un secteur susceptible de jouer un r\u00f4le capital dans le d\u00e9veloppement du pays, a indiqu\u00e9, par ailleurs, le d\u00e9put\u00e9 Krimi Jamal Benchekroun.<\/p>\n<p>Au lieu de continuer de compter sur des secteurs comme l\u2019agriculture (qui d\u00e9pend de la pluie) et l\u2019industrie qui peinent \u00e0 d\u00e9coller, le tourisme offre en effet au Maroc la possibilit\u00e9 de diversifier ses atouts de d\u00e9collage et les possibilit\u00e9s de promouvoir son d\u00e9veloppement comme en Turquie ou en Espagne, o\u00f9 le nombre de touristes ne cesse d\u2019augmenter, a-t-il dit.<\/p>\n<p>Pour sa part, le d\u00e9put\u00e9 Rachid Hammouni a d\u00e9plor\u00e9 que le budget du secteur du tourisme n\u2019ait connu cette ann\u00e9e aucun changement et que le secteur n\u2019a pas r\u00e9ussi \u00e0 atteindre les objectifs de la vision 2020, en raison notamment des contraintes qui l\u2019entravent et de l\u2019absence d\u2019une v\u00e9ritable strat\u00e9gie globale, efficiente et efficace.<\/p>\n<p><strong>L\u2019\u00e9galit\u00e9 femme-homme, lier du d\u00e9veloppement<\/strong><\/p>\n<p>Pour la d\u00e9put\u00e9e Fatima Zahra Barassat, il ne peut y avoir de d\u00e9veloppement global sans la participation effective de la femme et sans \u00e9galit\u00e9\u00a0femme-homme.<\/p>\n<p>La d\u00e9put\u00e9e a rappel\u00e9, par ailleurs, les r\u00e9sultats positifs du fonds de coh\u00e9sion sociale \u00e9mettant l\u2019espoir que la sortie du Registre Social Unifi\u00e9 (RSU) permette d\u2019instaurer une d\u00e9marche de ciblage des familles b\u00e9n\u00e9ficiaires des programmes sociaux.<\/p>\n<p><strong>La couverture sanitaire universelle<\/strong><\/p>\n<p>C\u2019est dans la r\u00e9alisation de la couverture universelle en mati\u00e8re de sant\u00e9, pour assurer aux larges couches de la population le droit d\u2019acc\u00e9der aux soins et aux m\u00e9dicaments que r\u00e9side le salut du secteur de la sant\u00e9, a indiqu\u00e9 le d\u00e9put\u00e9 Rachid Hammouni.<\/p>\n<p>Tous les grands efforts d\u00e9ploy\u00e9s au cours des derni\u00e8res ann\u00e9es n\u2019ont pas suffi \u00e0 redresser la situation d\u2019un secteur, qui a \u00e9t\u00e9 d\u00e9laiss\u00e9 pendant de longues ann\u00e9es, a-t-il rappel\u00e9.<\/p>\n<p>C\u2019est \u00e0 l\u2019Etat de jouer pleinement son r\u00f4le pour le financer, le promouvoir et l\u2019immuniser contre toute \u00e9ventuelle instrumentalisation politique ou \u00e9lectoraliste, a-t-il laiss\u00e9 entendre..<\/p>\n<p><strong>Jeunesse et sports, un secteur immobile<\/strong><\/p>\n<p>Le d\u00e9put\u00e9 Hammouni a par ailleurs fait savoir qu\u2019aucun changement n\u2019est intervenu sur le budget du minist\u00e8re de la jeunesse et sports, qui s\u2019est content\u00e9 aussi des m\u00eames programmes et projets que l\u2019an dernier.<\/p>\n<p>Il a \u00e9galement fait savoir que la plus grande partie des cr\u00e9dits pr\u00e9vus sont destin\u00e9s aux services centraux alors que les r\u00e9gions ne b\u00e9n\u00e9ficient que de peu d\u2019attention.<\/p>\n<p><strong>Hommage aux forces de s\u00e9curit\u00e9<\/strong><\/p>\n<p>Intervenant lors de l\u2019examen en commission du budget du minist\u00e8re de l\u2019int\u00e9rieur, le d\u00e9put\u00e9 Krimi Jamal Benchekroun a affirm\u00e9 avoir rendu un vibrant hommage aux forces de s\u00e9curit\u00e9 pour les efforts qu\u2019elles d\u00e9ploient en mati\u00e8re de lutte notamment contre le terrorisme et de pr\u00e9servation de la s\u00e9curit\u00e9 et de la stabilit\u00e9 du pays.<\/p>\n<p>Il a appel\u00e9 aussi \u00e0 davantage d\u2019efforts pour combattre la criminalit\u00e9, estimant que le ph\u00e9nom\u00e8ne est tr\u00e8s r\u00e9pandu dans certains milieux en particulier citadins.<\/p>\n<p><strong>Le Plan Maroc Vert<\/strong><\/p>\n<p>Le Plan Maroc Vert n\u2019a pas atteint ses objectifs et est loin de garantir la s\u00e9curit\u00e9 alimentaire du pays, a affirm\u00e9 le d\u00e9put\u00e9 Rachid Hammouni au terme de sa participation \u00e0 l\u2019examen en commission du budget sectoriel du d\u00e9partement.<\/p>\n<p>Selon lui, le secteur souffre d\u2019un manque de bonne gouvernance.<\/p>\n<p>Citant un rapport de la Cour des comptes, le d\u00e9put\u00e9 a rappel\u00e9 que le secteur est confront\u00e9 \u00e0 un ensemble de dysfonctionnements, qui l\u2019emp\u00eachent d\u2019\u00eatre efficient et performant.<\/p>\n<p>C\u2019est ce qui explique pourquoi, le secteur a contribu\u00e9 plut\u00f4t \u00e0 l\u2019approfondissement des disparit\u00e9s sociales et spatiales et \u00e0 l\u2019aggravation du ph\u00e9nom\u00e8ne de la pauvret\u00e9 et de la pr\u00e9carit\u00e9 en milieu rural.<\/p>\n<p>Il a appel\u00e9 \u00e0 orienter le PMV vers la r\u00e9alisation de la s\u00e9curit\u00e9 alimentaire, le d\u00e9veloppement du monde rural, l\u2019am\u00e9lioration du revenu des agriculteurs moyens et petits, en accordant la priorit\u00e9 au pilier 2 qui ne b\u00e9n\u00e9ficie que de 10% de la part r\u00e9serv\u00e9e au pilier 1 qui int\u00e9resse les grandes exploitations agricoles et l\u2019agriculture exportatrice. M\u2019Barek Tafsi<\/p>\n<p>Auteur: M&rsquo;hammed rahal<br \/>\n<a href=\"http:\/\/albayane.press.ma\/les-deputes-du-pps-decortiquent-un-projet-obsolete.html\">Cliquez ici pour lire l&rsquo;article depuis sa source.<\/a><\/p>\n","protected":false},"excerpt":{"rendered":"<p>En plus des projets d\u2019amendements qu\u2019il a pr\u00e9sent\u00e9s pour enrichir le Projet de Loi de Finances 2020, le Groupement parlementaire du progr\u00e8s et du socialisme (GPPS) \u00e0 la Chambre des repr\u00e9sentants a fait preuve d\u2019une pr\u00e9sence aux d\u00e9bats sur le PLF2020, tout au long du processus de validation du texte en question. De l\u2019int\u00e9grit\u00e9 territoriale\u2026 [&hellip;]<\/p>\n","protected":false},"author":1760,"featured_media":0,"comment_status":"closed","ping_status":"closed","sticky":false,"template":"","format":"standard","meta":{"fifu_image_url":"","fifu_image_alt":"","footnotes":""},"categories":[73,54],"tags":[],"class_list":["post-67717","post","type-post","status-publish","format-standard","hentry","category-actualite","category-maroc"],"_links":{"self":[{"href":"https:\/\/linitiative.ca\/International\/wp-json\/wp\/v2\/posts\/67717","targetHints":{"allow":["GET"]}}],"collection":[{"href":"https:\/\/linitiative.ca\/International\/wp-json\/wp\/v2\/posts"}],"about":[{"href":"https:\/\/linitiative.ca\/International\/wp-json\/wp\/v2\/types\/post"}],"author":[{"embeddable":true,"href":"https:\/\/linitiative.ca\/International\/wp-json\/wp\/v2\/users\/1760"}],"replies":[{"embeddable":true,"href":"https:\/\/linitiative.ca\/International\/wp-json\/wp\/v2\/comments?post=67717"}],"version-history":[{"count":0,"href":"https:\/\/linitiative.ca\/International\/wp-json\/wp\/v2\/posts\/67717\/revisions"}],"wp:attachment":[{"href":"https:\/\/linitiative.ca\/International\/wp-json\/wp\/v2\/media?parent=67717"}],"wp:term":[{"taxonomy":"category","embeddable":true,"href":"https:\/\/linitiative.ca\/International\/wp-json\/wp\/v2\/categories?post=67717"},{"taxonomy":"post_tag","embeddable":true,"href":"https:\/\/linitiative.ca\/International\/wp-json\/wp\/v2\/tags?post=67717"}],"curies":[{"name":"wp","href":"https:\/\/api.w.org\/{rel}","templated":true}]}}