{"id":67719,"date":"2019-11-17T06:36:52","date_gmt":"2019-11-17T11:36:52","guid":{"rendered":"https:\/\/linitiative.ca\/International\/belle-performance-en-finale-de-leleve-fatima-zahra-akhyar\/"},"modified":"2019-11-17T06:36:52","modified_gmt":"2019-11-17T11:36:52","slug":"belle-performance-en-finale-de-leleve-fatima-zahra-akhyar","status":"publish","type":"post","link":"https:\/\/linitiative.ca\/International\/belle-performance-en-finale-de-leleve-fatima-zahra-akhyar\/","title":{"rendered":"Belle performance en finale de l\u2019\u00e9l\u00e8ve Fatima Zahra Akhyar"},"content":{"rendered":"<p class=\"has-text-color has-vivid-cyan-blue-color\">4<sup>e<\/sup> \u00e9dition du D\u00e9fi de la lecture arabe \u00e0 Duba\u00efUn accueil des plus chaleureux a \u00e9t\u00e9 r\u00e9serv\u00e9 \u00e0 l\u2019\u00e9l\u00e8ve Fatima Zahra Akhyar, \u00e0 son arriv\u00e9e, jeudi \u00e0 l\u2019a\u00e9roport international Mohammed V, apr\u00e8s une tr\u00e8s belle performance en finale de la quatri\u00e8me \u00e9dition du D\u00e9fi de la lecture arabe \u00e0 Duba\u00ef, aux \u00c9mirats arabes unis.<\/p>\n<p>Cette quatri\u00e8me \u00e9dition a \u00e9t\u00e9 remport\u00e9e par la Soudanaise Hadil Anouar qui a devanc\u00e9, en finale, Fatima Zahra Akhyar, \u00e9l\u00e8ve au lyc\u00e9e qualifiant Cadi Ayyad de T\u00e9touan (acad\u00e9mie de la R\u00e9gion Tanger-T\u00e9touan-Al Hoce\u00efma), Joumana Al Malki (Arabie Saoudite), Aya Boutriaa (Tunisie), et Abdelaziz Khaldi (Koweit).<\/p>\n<p>Dans sa quatri\u00e8me \u00e9dition, ce concours de lecture, organis\u00e9 par la Fondation Mohammed Ben Rashid Al Maktoum Global Initiatives, a enregistr\u00e9 une participation record avec plus de 13,5 millions d\u2019\u00e9l\u00e8ves repr\u00e9sentant 49 pays et plus de 62 000 \u00e9coles.<\/p>\n<p>Dans une d\u00e9claration \u00e0 la presse, le Secr\u00e9taire g\u00e9n\u00e9ral du d\u00e9partement de l\u2019Education nationale au minist\u00e8re de l\u2019Education nationale, de la formation professionnelle et de l\u2019Enseignement sup\u00e9rieur, Youssef Belkacem, s\u2019est f\u00e9licit\u00e9 de la performance de Fatima Zahra qui figure parmi les cinq meilleurs \u00e9l\u00e8ves de ce concours.<\/p>\n<p>Fatima Zahra a honor\u00e9 et repr\u00e9sent\u00e9 dignement son pays aux c\u00f4t\u00e9s du professeur Mohamed Al Khaytar Mokhtar qui a occup\u00e9, quant \u00e0 lui, la troisi\u00e8me place parmi 99 mille cadres administratifs ayant particip\u00e9 au Prix du \u2018\u2019meilleur superviseur\u2019\u2019 de ce concours, a-t-il ajout\u00e9, rappelant que plus de 1.100.000 \u00e9l\u00e8ves ont particip\u00e9, en 2019, aux \u00e9liminatoires de ce concours, au niveau national, contre 590.000 l\u2019ann\u00e9e pr\u00e9c\u00e9dente.<\/p>\n<p>Parmi ces milliers d\u2019\u00e9l\u00e8ves marocains ayant particip\u00e9 aux \u00e9liminatoires de l\u2019\u00e9dition 2019 plus de 46 mille ont lu plus de 50 livres, ce qui constitue en soi un exploit, a-t-il ajout\u00e9, relevant que le m\u00e9rite revient, entre autres, aux efforts d\u00e9ploy\u00e9s par les enseignants, les cadres de l\u2019administration p\u00e9dagogique et les autres composantes et cadres du minist\u00e8re de l\u2019Education nationale.<\/p>\n<p>Pour sa part, Fatima Zahra Akhyar a exprim\u00e9 sa joie de retourner \u00e0 la m\u00e8re patrie apr\u00e8s avoir repr\u00e9sent\u00e9 dignement le Maroc au \u2018\u2019D\u00e9fi de la lecture arabe\u2019\u2019 occupant une place honorable parmi le top cinq du monde arabe, ce qui est de nature \u00e0 l\u2019inciter \u00e0 d\u00e9ployer davantage d\u2019efforts en vue de r\u00e9aliser ses objectifs.<\/p>\n<p>Elle a, \u00e0 cette occasion, adress\u00e9 un message aux enfants et jeunes marocains et arabes qu\u2019elle invitait \u00e0 lire davantage et d\u2019aller en qu\u00eate du savoir afin de contribuer au d\u00e9veloppement de leurs soci\u00e9t\u00e9s respectives.<\/p>\n<p>Evoquant son exp\u00e9rience, Fatima Zahra a indiqu\u00e9 qu\u2019elle devait lire 50 livres traitant de diff\u00e9rentes disciplines. Avant de venir \u00e0 Dubai, elle avait relev\u00e9 le d\u00e9fi de la lecture en disputant les \u00e9liminatoires aux niveaux local, r\u00e9gional et national.<\/p>\n<p>Sa compatriote, Meryem Amjoune (9 ans) est la tenante du titre de la pr\u00e9c\u00e9dente \u00e9dition de ce concours qui a \u00e9t\u00e9 lanc\u00e9 en 2016 et qui r\u00e9compense \u00e9galement les meilleurs instituteurs et superviseur du monde arabe.<\/p>\n<p>Auteur: M&rsquo;hammed rahal<br \/>\n<a href=\"http:\/\/albayane.press.ma\/belle-performance-en-finale-de-leleve-fatima-zahra-akhyar.html\">Cliquez ici pour lire l&rsquo;article depuis sa source.<\/a><\/p>\n","protected":false},"excerpt":{"rendered":"<p>4e \u00e9dition du D\u00e9fi de la lecture arabe \u00e0 Duba\u00efUn accueil des plus chaleureux a \u00e9t\u00e9 r\u00e9serv\u00e9 \u00e0 l\u2019\u00e9l\u00e8ve Fatima Zahra Akhyar, \u00e0 son arriv\u00e9e, jeudi \u00e0 l\u2019a\u00e9roport international Mohammed V, apr\u00e8s une tr\u00e8s belle performance en finale de la quatri\u00e8me \u00e9dition du D\u00e9fi de la lecture arabe \u00e0 Duba\u00ef, aux \u00c9mirats arabes unis. Cette [&hellip;]<\/p>\n","protected":false},"author":1760,"featured_media":0,"comment_status":"closed","ping_status":"closed","sticky":false,"template":"","format":"standard","meta":{"fifu_image_url":"","fifu_image_alt":"","footnotes":""},"categories":[73,54],"tags":[],"class_list":["post-67719","post","type-post","status-publish","format-standard","hentry","category-actualite","category-maroc"],"_links":{"self":[{"href":"https:\/\/linitiative.ca\/International\/wp-json\/wp\/v2\/posts\/67719","targetHints":{"allow":["GET"]}}],"collection":[{"href":"https:\/\/linitiative.ca\/International\/wp-json\/wp\/v2\/posts"}],"about":[{"href":"https:\/\/linitiative.ca\/International\/wp-json\/wp\/v2\/types\/post"}],"author":[{"embeddable":true,"href":"https:\/\/linitiative.ca\/International\/wp-json\/wp\/v2\/users\/1760"}],"replies":[{"embeddable":true,"href":"https:\/\/linitiative.ca\/International\/wp-json\/wp\/v2\/comments?post=67719"}],"version-history":[{"count":0,"href":"https:\/\/linitiative.ca\/International\/wp-json\/wp\/v2\/posts\/67719\/revisions"}],"wp:attachment":[{"href":"https:\/\/linitiative.ca\/International\/wp-json\/wp\/v2\/media?parent=67719"}],"wp:term":[{"taxonomy":"category","embeddable":true,"href":"https:\/\/linitiative.ca\/International\/wp-json\/wp\/v2\/categories?post=67719"},{"taxonomy":"post_tag","embeddable":true,"href":"https:\/\/linitiative.ca\/International\/wp-json\/wp\/v2\/tags?post=67719"}],"curies":[{"name":"wp","href":"https:\/\/api.w.org\/{rel}","templated":true}]}}