{"id":67720,"date":"2019-11-17T13:04:18","date_gmt":"2019-11-17T18:04:18","guid":{"rendered":"https:\/\/linitiative.ca\/International\/16e-edition-de-dimajazz-inoubliable-soiree-de-cloture-avec-le-wonder-collective\/"},"modified":"2019-11-17T13:04:18","modified_gmt":"2019-11-17T18:04:18","slug":"16e-edition-de-dimajazz-inoubliable-soiree-de-cloture-avec-le-wonder-collective","status":"publish","type":"post","link":"https:\/\/linitiative.ca\/International\/16e-edition-de-dimajazz-inoubliable-soiree-de-cloture-avec-le-wonder-collective\/","title":{"rendered":"16e \u00e9dition de Dimajazz : inoubliable soir\u00e9e de cl\u00f4ture avec le Wonder Collective"},"content":{"rendered":"<div readability=\"38\">\n<p><strong>CONSTANTINE- Le Wonder Collective &#8211; Tribute to Stevie Wonder (WOCO) a brillamment cl\u00f4tur\u00e9 la 16e \u00e9dition du festival international de Jazz de Constantine, faisant le bonheur des centaines de festivaliers venus, samedi soir au Th\u00e9\u00e2tre r\u00e9gional Mohamed-Tahar\u00a0 Fergani , red\u00e9couvrir le r\u00e9pertoire du g\u00e9nialissime Stevie Wonder.<\/strong><\/p>\n<\/div>\n<div readability=\"90.5029659694\">\n<p>Se voulant r\u00e9solument festive, la soir\u00e9e de cl\u00f4ture du Dimajazz a, comme \u00e0 l&rsquo;accoutum\u00e9e , tenu toutes ses promesses gr\u00e2ce aux onze membres du Wonder Collective qui ont sorti une prestation euphorisante et joyeuse plac\u00e9e sous l&rsquo;explosive triade \u00a0\u00bb Funk , soul,rythm&rsquo;n&rsquo;blues .<\/p>\n<blockquote readability=\"11\">\n<p><em><strong>Arborant fi\u00e8rement sur sc\u00e8ne le wax, qui n&rsquo;est pas sans rappeler les habits port\u00e9s par Stevie Wonder lors de ses tourn\u00e9es d&rsquo;antan, les musiciens form\u00e9s dans le d\u00e9partement jazz de l&rsquo;\u00e9cole nationale de musique de danse et d&rsquo;art dramatique de Villeurbanne (France), ont parfaitement r\u00e9ussi leur mission en t\u00e9moigne les d\u00e9hanchements effr\u00e9n\u00e9s observ\u00e9s tout au long du spectacle dans l&rsquo;enceinte du th\u00e9\u00e2tre r\u00e9gional de Constantine.<\/strong><\/em><\/p>\n<\/blockquote>\n<p>Port\u00e9e par des vocalistes tr\u00e8s performants, une section cuivre joyeuse, une rythmique dynamique, et un jeu de guitare \u00e9nergique, le woco ont plong\u00e9 le public du dimajazz dans un \u00e9tat second, un public qui reprenait en ch\u0153ur des les tubes , \u00a0\u00bb I Just Called to Say I Love You\u00a0\u00bb, \u00a0\u00bb master blaster\u00a0\u00bb ,\u00a0\u00bbDo I do\u00a0\u00bb,\u00a0\u00bbHigher ground\u00a0\u00bb et bien d&rsquo;autres morceaux qui auront permis \u00e0 Stevie Wonder de b\u00e2tir sa propre l\u00e9gende et de faire de lui l&rsquo;un des artistes les plus prolifiques du XXe si\u00e8cle .<\/p>\n<p>Le groupe met fin une premi\u00e8re fois au spectacle mais le public qui avait du mal \u00e0 se faire \u00e0 l&rsquo;id\u00e9e que le spectacle devait, t\u00f4t ou tard s&rsquo;achever n&rsquo;a pas h\u00e9sit\u00e9 \u00e0 r\u00e9clamer du rab.<\/p>\n<blockquote readability=\"9\">\n<p><em><strong>G\u00e9n\u00e9reux mais surtout tr\u00e8s impressionn\u00e9 par la r\u00e9ceptivit\u00e9 du public du Dimajazz ,le retour sur sc\u00e8ne du Woco a \u00e9t\u00e9 des plus intenses avec des musiciens redoublant d&rsquo;ardeur pour interpr\u00e9ter les ultra-groovy \u00a0\u00bbSuperstition\u00a0\u00bb , \u00a0\u00bbAnother star\u00a0\u00bb et \u00a0\u00bbKeep on running\u00a0\u00bb .<\/strong><\/em><\/p>\n<\/blockquote>\n<p>En coulisse, le chanteur du Woco, Pierric Tailler a confie avoir \u00e9t\u00e9 \u2018\u2019impressionn\u00e9 \u2019 par tous ces grands noms du Jazz qui sont pass\u00e9s au Dimajazz depuis sa cr\u00e9ation\u00a0\u00bb chose qui il a encourag\u00e9e \u00e0 se donner \u00e0 fond face au public .<\/p>\n<hr\/>\n<h3 class=\"catItemTitle\"><span class=\"c30\">Lire aussi:<\/span>\u00a0<a href=\"http:\/\/www.aps.dz\/culture\/97563-festival-international-dimajazz-oud-et-sonorites-electro-au-menu-de-la-4e-soiree\">Festival international Dimajazz: oud\u00a0 et sonorit\u00e9s \u00e9lectro au menu de la 4e soir\u00e9e<\/a><\/h3>\n<hr\/>\n<p>Ouvert le 12 d\u00e9cembre courant, le 16\u00e8me Festival international de jazz, Dimajazz, a offert de somptueuse exp\u00e9riences musicales des sonorit\u00e9s africaines de \u00a0\u00bbDjam\u00a0\u00bb au jazz a\u00e9rien de la formation oranaise \u00a0\u00bbAstral vibes Conspiracy\u00a0\u00bb en passant par \u00ab Grooz \u00bb le projet de Abdel hak Benmadjebari bassiste chanteur d&rsquo;origine alg\u00e9rienne bas\u00e9 a Montr\u00e9al, reliant avec beaucoup talent le groove des rythmes africains au Jazz.<\/p>\n<blockquote readability=\"11\">\n<p><em><strong>Les cinq jours de spectacles ont \u00e9galement permis au public d&rsquo;appr\u00e9cier le savoureux jazz manouche d&rsquo;Ecca quartet ainsi que le projet \u00a0\u00bb Reflejos con Barry\u00a0\u00bb de Lukas Schiemer et Beate Reiermann , deux figures de la sc\u00e8ne de jazz viennoise, sans oublier l&rsquo;univers musical de l&rsquo;artiste franco-togolais Ayit\u00e9 ou encore l\u2019\u00e9lectro des deux enfants terribles d&rsquo;Oud, Mehdi Haddache et Smadj.<\/strong><\/em><\/p>\n<\/blockquote>\n<p>Pour de nombreux observateurs, ce 16e Acte du Dimajazz est venu rappeler que, malgr\u00e9 les \u00e9cueils administratifs et financiers, ce festival demeure \u00ab\u00a0une r\u00e9f\u00e9rence en mati\u00e8re de technicit\u00e9 et de programmation maitris\u00e9e\u2019\u2019 mais surtout, et c&rsquo;est cela le plus important, qu&rsquo;aucune \u0153uvre de qualit\u00e9 ne peut \u00eatre faite sans abn\u00e9gation.<\/p>\n<\/div>\n<p>Auteur:<br \/>\n<a href=\"http:\/\/www.aps.dz\/culture\/97599-16e-edition-de-dimajazz-inoubliable-soiree-de-cloture-avec-le-wonder-collective\">Cliquez ici pour lire l&rsquo;article depuis sa source.<\/a><\/p>\n","protected":false},"excerpt":{"rendered":"<p>CONSTANTINE- Le Wonder Collective &#8211; Tribute to Stevie Wonder (WOCO) a brillamment cl\u00f4tur\u00e9 la 16e \u00e9dition du festival international de Jazz de Constantine, faisant le bonheur des centaines de festivaliers venus, samedi soir au Th\u00e9\u00e2tre r\u00e9gional Mohamed-Tahar\u00a0 Fergani , red\u00e9couvrir le r\u00e9pertoire du g\u00e9nialissime Stevie Wonder. Se voulant r\u00e9solument festive, la soir\u00e9e de cl\u00f4ture du [&hellip;]<\/p>\n","protected":false},"author":1790,"featured_media":0,"comment_status":"closed","ping_status":"closed","sticky":false,"template":"","format":"standard","meta":{"fifu_image_url":"","fifu_image_alt":"","footnotes":""},"categories":[53,79],"tags":[],"class_list":["post-67720","post","type-post","status-publish","format-standard","hentry","category-algerie","category-culture"],"_links":{"self":[{"href":"https:\/\/linitiative.ca\/International\/wp-json\/wp\/v2\/posts\/67720","targetHints":{"allow":["GET"]}}],"collection":[{"href":"https:\/\/linitiative.ca\/International\/wp-json\/wp\/v2\/posts"}],"about":[{"href":"https:\/\/linitiative.ca\/International\/wp-json\/wp\/v2\/types\/post"}],"author":[{"embeddable":true,"href":"https:\/\/linitiative.ca\/International\/wp-json\/wp\/v2\/users\/1790"}],"replies":[{"embeddable":true,"href":"https:\/\/linitiative.ca\/International\/wp-json\/wp\/v2\/comments?post=67720"}],"version-history":[{"count":0,"href":"https:\/\/linitiative.ca\/International\/wp-json\/wp\/v2\/posts\/67720\/revisions"}],"wp:attachment":[{"href":"https:\/\/linitiative.ca\/International\/wp-json\/wp\/v2\/media?parent=67720"}],"wp:term":[{"taxonomy":"category","embeddable":true,"href":"https:\/\/linitiative.ca\/International\/wp-json\/wp\/v2\/categories?post=67720"},{"taxonomy":"post_tag","embeddable":true,"href":"https:\/\/linitiative.ca\/International\/wp-json\/wp\/v2\/tags?post=67720"}],"curies":[{"name":"wp","href":"https:\/\/api.w.org\/{rel}","templated":true}]}}