{"id":67737,"date":"2019-11-17T12:08:27","date_gmt":"2019-11-17T17:08:27","guid":{"rendered":"https:\/\/linitiative.ca\/International\/lutte-contre-lemigration-clandestine-mise-en-place-dune-commission-de-coordination-securitaire-a-tipasa\/"},"modified":"2019-11-17T12:08:27","modified_gmt":"2019-11-17T17:08:27","slug":"lutte-contre-lemigration-clandestine-mise-en-place-dune-commission-de-coordination-securitaire-a-tipasa","status":"publish","type":"post","link":"https:\/\/linitiative.ca\/International\/lutte-contre-lemigration-clandestine-mise-en-place-dune-commission-de-coordination-securitaire-a-tipasa\/","title":{"rendered":"Lutte contre l&rsquo;\u00e9migration clandestine: mise en place d\u2019une commission de coordination s\u00e9curitaire \u00e0 Tipasa"},"content":{"rendered":"<div readability=\"40\">\n<p><strong>TIPASA- Une commission de coordination s\u00e9curitaire \u00e0 \u00e9t\u00e9 mis en place, \u00e0 Tipasa, au titre des efforts de lutte contre le ph\u00e9nom\u00e8ne de l&rsquo;\u00e9migration clandestine, qui n\u2019a eu de cesse d\u2019attirer de nouvelles\u00a0victimes, a-t-on appris, dimanche, aupr\u00e8s du chef de l\u2019ex\u00e9cutif de la wilaya.<\/strong><\/p>\n<\/div>\n<div readability=\"139\">\n<p>\u00ab\u00a0Une d\u00e9cision a \u00e9t\u00e9 \u00e9mise en vue de la cr\u00e9ation d\u2019une commission de coordination entre l\u2019ensemble des services de s\u00e9curit\u00e9 de la wilaya\u00a0\u00bb, a indiqu\u00e9 Mohamed Bouchama dans une d\u00e9claration \u00e0 l\u2019Aps, signalant que celle-ci (commission) se \u00ab\u00a0r\u00e9unira chaque fois que n\u00e9cessaire\u00a0\u00bb, sous sa pr\u00e9sidence \u00ab\u00a0en vue de l\u2019examen de la situation et la prise de d\u00e9cisions appropri\u00e9es\u00a0\u00bb, a-t-il expliqu\u00e9.<\/p>\n<p>Apr\u00e8s avoir soulign\u00e9 l\u2019inscription de cette initiative au titre des mesures entreprises par le Gouvernement pour lutter contre l&rsquo;\u00e9migration clandestine, notamment la d\u00e9cision minist\u00e9rielle de l\u2019\u00e9t\u00e9 2019, portant sur\u00a0l\u2019imp\u00e9ratif de coordination des efforts des services s\u00e9curitaires pour pr\u00e9venir l\u2019extension de ce ph\u00e9nom\u00e8ne, le wali a particuli\u00e8rement mis l\u2019accent sur les efforts consentis par les diff\u00e9rents services s\u00e9curitaires de la wilaya, pour \u00ab\u00a0faire face \u00e0 de nombreuses tentatives d\u2019\u00e9migration clandestine, sur les cotes de Tipasa, et la mise en \u00e9chec de nombreuses parmi elles\u00a0\u00bb, sans fournir de chiffres \u00e0 ce propos.<\/p>\n<blockquote readability=\"9\">\n<p><strong>\u00ab\u00a0La lutte contre ce ph\u00e9nom\u00e8ne requiert une contribution de la part de tout un chacun, dont la soci\u00e9t\u00e9 civile et les masses m\u00e9dias\u00a0\u00bb, a-t-il estim\u00e9, par ailleurs.<\/strong><\/p>\n<\/blockquote>\n<p>Poursuivant sur sa lanc\u00e9e, M. Bouchama a soulign\u00e9 \u00ab\u00a0l\u2019int\u00e9r\u00eat crucial\u00a0\u00bb conf\u00e9r\u00e9 par les autorit\u00e9s sup\u00e9rieurs du pays (\u00e0 l\u2019instar des autres pays de la plan\u00e8te touch\u00e9s, qui n\u2019y ont pas \u00e9chapp\u00e9), \u00e0 ce ph\u00e9nom\u00e8ne, au vue, a-t-il dit, des \u00ab\u00a0risques encourus pour la coh\u00e9sion de la soci\u00e9t\u00e9\u00a0\u00bb.<\/p>\n<p>\u00ab\u00a0L\u2019\u00e9migration clandestine n\u2019est plus seulement le fait de jeunes ch\u00f4meurs en bute \u00e0 des conditions de vie difficiles, mais \u00e9galement d\u2019autres individus relevant de couches sociales autrement plus ais\u00e9es\u00a0\u00bb, a-t-il\u00a0d\u00e9plor\u00e9.<\/p>\n<p>Le wali a cit\u00e9, \u00e0 cet effet, de nombreuses enqu\u00eates des services comp\u00e9tents ayant attest\u00e9 que les \u00ab\u00a0jeunes sont souvent victimes de r\u00e9seaux criminels qui les induisent en erreur via les r\u00e9seaux sociaux et la Toile\u00a0bleue, en les incitant \u00e0 risquer leur vie sur les embarcations de la mort pour rejoindre l\u2019autre rive, en contrepartie de sommes d\u2019argent consid\u00e9rables\u00a0\u00bb, a-t-il assur\u00e9.<\/p>\n<p>Selon Bouchama, la mission de la commission suscit\u00e9e consistera \u00e0 \u00ab\u00a0r\u00e9duire le champs d\u2019action des r\u00e9seaux d\u2019\u00e9migration clandestine\u00a0\u00bb, par, a-t-il dit, la prise d\u2019une somme de mesures visant un \u00ab\u00a0contr\u00f4le rigoureux des ventes des moteurs de barques, et de tout les \u00e9quipements de navigation, dont les\u00a0boussoles et les outils de communication, parall\u00e8lement \u00e0 l\u2019intensification des patrouilles s\u00e9curitaires sur les plages, r\u00e9put\u00e9es pour \u00eatre un point de d\u00e9part pour les candidats \u00e0 l\u2019\u00e9migration clandestine\u00a0\u00bb, a-t-il expliqu\u00e9.<\/p>\n<p>Toujours selon le chef de l\u2019ex\u00e9cutif de Tipasa, ces mesures de contr\u00f4le adopt\u00e9es par l\u2019Etat alg\u00e9rien, dans sa lutte contre l\u2019\u00e9migration clandestine, ont \u00e9t\u00e9 accompagn\u00e9es par d\u2019autres proc\u00e9dures incitatives pour\u00a0les jeunes, mises en place en coordination avec tous les partenaires concern\u00e9s, dans le but d'\u00a0\u00bbint\u00e9grer cette cat\u00e9gorie sociale (jeunes) dans le processus de d\u00e9veloppement \u00e9conomique, en leur offrant l\u2019opportunit\u00e9 de b\u00e9n\u00e9ficier des offres assur\u00e9es par nombre de dispositifs d\u2019aide \u00e0 l\u2019emploi et \u00e0 la cr\u00e9ation de PME , parall\u00e8lement \u00e0 l\u2019am\u00e9lioration du climat des affaires, et de facilitations administratives, bancaires et fiscales\u00a0\u00bb, a-t-il fait savoir .<\/p>\n<blockquote readability=\"11\">\n<p><strong>Selon les chiffres fournis par M. Bouchama, les dispositifs Ansej, Cnac et Angem ont contribu\u00e9 \u00e0 la r\u00e9alisation de 1.500 projets de jeunes \u00e0 Tipasa, depuis 2012, avec \u00e0 la cl\u00e9 la cr\u00e9ation de 11.353 emplois directs.<\/strong><\/p>\n<\/blockquote>\n<p>Des efforts sont, \u00e9galement, consentis, a-t-il ajout\u00e9, en vue de l\u2019acc\u00e9l\u00e9ration du rythme de r\u00e9alisation des zones d\u2019activit\u00e9s \u00e0 Tipasa, au nombre de 12, au moment o\u00f9 des instructions ont \u00e9t\u00e9 donn\u00e9es, a-t-il\u00a0pr\u00e9cis\u00e9, en vue \u00ab\u00a0d\u2019accorder l\u2019acc\u00e8s pr\u00e9f\u00e9rentiel de 20 % de march\u00e9s publics, aux micro entreprises en guise de soutien aux jeunes\u00a0\u00bb.<\/p>\n<p>Depuis 2017, la wilaya de Tipasa a enregistr\u00e9 le d\u00e9c\u00e8s de 17 personnes par noyade en mer, contre 71 candidats \u00e0 l\u2019immigration clandestine sauv\u00e9s pour la plupart au large des cotes \u2013Ouest de la wilaya, selon un bilan rendu public, la semaine derni\u00e8re, par les services de la protection civile, au cours d\u2019une Journ\u00e9e nationale sur l\u2019immigration clandestine.<\/p>\n<\/div>\n<p>Auteur:<br \/>\n<a href=\"http:\/\/www.aps.dz\/regions\/97643-lutte-contre-l-emigration-clandestine-mise-en-place-d-une-commission-de-coordination-securitaire-a-tipasa\">Cliquez ici pour lire l&rsquo;article depuis sa source.<\/a><\/p>\n","protected":false},"excerpt":{"rendered":"<p>TIPASA- Une commission de coordination s\u00e9curitaire \u00e0 \u00e9t\u00e9 mis en place, \u00e0 Tipasa, au titre des efforts de lutte contre le ph\u00e9nom\u00e8ne de l&rsquo;\u00e9migration clandestine, qui n\u2019a eu de cesse d\u2019attirer de nouvelles\u00a0victimes, a-t-on appris, dimanche, aupr\u00e8s du chef de l\u2019ex\u00e9cutif de la wilaya. \u00ab\u00a0Une d\u00e9cision a \u00e9t\u00e9 \u00e9mise en vue de la cr\u00e9ation d\u2019une [&hellip;]<\/p>\n","protected":false},"author":1790,"featured_media":0,"comment_status":"closed","ping_status":"closed","sticky":false,"template":"","format":"standard","meta":{"fifu_image_url":"","fifu_image_alt":"","footnotes":""},"categories":[53,76],"tags":[],"class_list":["post-67737","post","type-post","status-publish","format-standard","hentry","category-algerie","category-regions"],"_links":{"self":[{"href":"https:\/\/linitiative.ca\/International\/wp-json\/wp\/v2\/posts\/67737","targetHints":{"allow":["GET"]}}],"collection":[{"href":"https:\/\/linitiative.ca\/International\/wp-json\/wp\/v2\/posts"}],"about":[{"href":"https:\/\/linitiative.ca\/International\/wp-json\/wp\/v2\/types\/post"}],"author":[{"embeddable":true,"href":"https:\/\/linitiative.ca\/International\/wp-json\/wp\/v2\/users\/1790"}],"replies":[{"embeddable":true,"href":"https:\/\/linitiative.ca\/International\/wp-json\/wp\/v2\/comments?post=67737"}],"version-history":[{"count":0,"href":"https:\/\/linitiative.ca\/International\/wp-json\/wp\/v2\/posts\/67737\/revisions"}],"wp:attachment":[{"href":"https:\/\/linitiative.ca\/International\/wp-json\/wp\/v2\/media?parent=67737"}],"wp:term":[{"taxonomy":"category","embeddable":true,"href":"https:\/\/linitiative.ca\/International\/wp-json\/wp\/v2\/categories?post=67737"},{"taxonomy":"post_tag","embeddable":true,"href":"https:\/\/linitiative.ca\/International\/wp-json\/wp\/v2\/tags?post=67737"}],"curies":[{"name":"wp","href":"https:\/\/api.w.org\/{rel}","templated":true}]}}