{"id":67750,"date":"2019-11-17T07:16:00","date_gmt":"2019-11-17T12:16:00","guid":{"rendered":"https:\/\/linitiative.ca\/International\/larbi-timizar-installe-au-poste-de-directeur-general-du-quotidien-el-moudjahid\/"},"modified":"2019-11-17T07:16:00","modified_gmt":"2019-11-17T12:16:00","slug":"larbi-timizar-installe-au-poste-de-directeur-general-du-quotidien-el-moudjahid","status":"publish","type":"post","link":"https:\/\/linitiative.ca\/International\/larbi-timizar-installe-au-poste-de-directeur-general-du-quotidien-el-moudjahid\/","title":{"rendered":"Larbi Timizar install\u00e9 au poste de Directeur g\u00e9n\u00e9ral du quotidien  \u00ab El Moudjahid \u00bb"},"content":{"rendered":"<p>M. Larbi Timizar a \u00e9t\u00e9 install\u00e9 ce matin, au poste de Directeur g\u00e9n\u00e9ral du quotidien francophone El Moudjahid, en remplacement de M. Achour Cheurfi.<\/p>\n<p>La c\u00e9r\u00e9monie de passation s\u2019est d\u00e9roul\u00e9e en pr\u00e9sence du ministre de la Communication, porte parole du Gouvernement et ministre de la Culture par int\u00e9rim, Hassane Rabehi.\u00a0 A cette occasion, M. Rabehi a lou\u00e9 les efforts consentis par M. Cheurfi, dans la direction et la gestion du quotidien \u00ab\u00a0El Moudjahid\u00a0\u00bb ainsi que son haut sens de responsabilit\u00e9 qui a permis au journal \u00ab\u00a0d&rsquo;occuper une place importante dans le paysage m\u00e9diatique national\u00a0\u00bb.\u00a0 Affirmant que la comp\u00e9tence et le parcours professionnel de M. Timizar\u00a0\u00a0 l&rsquo;avaient habilit\u00e9 \u00e0 occuper le poste de DG du quotidien o\u00f9 il a occup\u00e9 durant plusieurs ann\u00e9es,\u00a0 le poste de directeur de la r\u00e9daction, M. Rabehi a indiqu\u00e9 que celui-ci s&rsquo;acquittera de cette responsabilit\u00e9 dans cette conjoncture particuli\u00e8re que traverse le pays et en r\u00e9ponse aux exigences du personnel de cette entreprise m\u00e9diatique.\u00a0 Ce titre restera toujours, \u00e0 travers ses contributions, \u00ab\u00a0un rempart devant ceux qui tentent de porter atteinte au pays et ses composantes\u00a0\u00bb, a-t-il poursuivi.\u00a0<\/p>\n<p>Pour sa part, le nouveau Directeur g\u00e9n\u00e9ral a exprim\u00e9 sa gratitude aux pouvoirs publics pour la confiance plac\u00e9e en sa personne, affirmant son engagement \u00e0 poursuivre le travail pour promouvoir ce journal. De son c\u00f4t\u00e9, M. Achour Cheurfi a tenu \u00e0 remercier l\u2019ensemble du personnel et les journalistes de la r\u00e9daction pour l\u2019avoir accompagn\u00e9 avec un grand professionnalisme, ces quatre derni\u00e8res ann\u00e9es.<\/p>\n<p><strong>R\u00e9daction Web<\/strong><\/p>\n<p>Auteur: elmoudjahid<br \/>\n<a href=\"http:\/\/www.elmoudjahid.com\/fr\/actualites\/144602\">Cliquez ici pour lire l&rsquo;article depuis sa source.<\/a><\/p>\n","protected":false},"excerpt":{"rendered":"<p>M. Larbi Timizar a \u00e9t\u00e9 install\u00e9 ce matin, au poste de Directeur g\u00e9n\u00e9ral du quotidien francophone El Moudjahid, en remplacement de M. Achour Cheurfi. La c\u00e9r\u00e9monie de passation s\u2019est d\u00e9roul\u00e9e en pr\u00e9sence du ministre de la Communication, porte parole du Gouvernement et ministre de la Culture par int\u00e9rim, Hassane Rabehi.\u00a0 A cette occasion, M. Rabehi [&hellip;]<\/p>\n","protected":false},"author":1744,"featured_media":0,"comment_status":"closed","ping_status":"closed","sticky":false,"template":"","format":"standard","meta":{"fifu_image_url":"","fifu_image_alt":"","footnotes":""},"categories":[73,53],"tags":[],"class_list":["post-67750","post","type-post","status-publish","format-standard","hentry","category-actualite","category-algerie"],"_links":{"self":[{"href":"https:\/\/linitiative.ca\/International\/wp-json\/wp\/v2\/posts\/67750","targetHints":{"allow":["GET"]}}],"collection":[{"href":"https:\/\/linitiative.ca\/International\/wp-json\/wp\/v2\/posts"}],"about":[{"href":"https:\/\/linitiative.ca\/International\/wp-json\/wp\/v2\/types\/post"}],"author":[{"embeddable":true,"href":"https:\/\/linitiative.ca\/International\/wp-json\/wp\/v2\/users\/1744"}],"replies":[{"embeddable":true,"href":"https:\/\/linitiative.ca\/International\/wp-json\/wp\/v2\/comments?post=67750"}],"version-history":[{"count":0,"href":"https:\/\/linitiative.ca\/International\/wp-json\/wp\/v2\/posts\/67750\/revisions"}],"wp:attachment":[{"href":"https:\/\/linitiative.ca\/International\/wp-json\/wp\/v2\/media?parent=67750"}],"wp:term":[{"taxonomy":"category","embeddable":true,"href":"https:\/\/linitiative.ca\/International\/wp-json\/wp\/v2\/categories?post=67750"},{"taxonomy":"post_tag","embeddable":true,"href":"https:\/\/linitiative.ca\/International\/wp-json\/wp\/v2\/tags?post=67750"}],"curies":[{"name":"wp","href":"https:\/\/api.w.org\/{rel}","templated":true}]}}