{"id":67751,"date":"2019-11-16T18:00:00","date_gmt":"2019-11-16T23:00:00","guid":{"rendered":"https:\/\/linitiative.ca\/International\/forum-del-moudjahid-la-delegueede-lonppe-meriem-cherfi-invitee\/"},"modified":"2019-11-16T18:00:00","modified_gmt":"2019-11-16T23:00:00","slug":"forum-del-moudjahid-la-delegueede-lonppe-meriem-cherfi-invitee","status":"publish","type":"post","link":"https:\/\/linitiative.ca\/International\/forum-del-moudjahid-la-delegueede-lonppe-meriem-cherfi-invitee\/","title":{"rendered":"Forum d\u2019El Moudjahid :   La d\u00e9l\u00e9gu\u00e9ede l\u2019ONPPE Meriem Cherfi, invit\u00e9e"},"content":{"rendered":"<p>\u00ab\u00a0L\u2019Organe national de la protection et de la promotion de l\u2019enfance a re\u00e7u plus d\u2019un demi-million d\u2019appels sur son num\u00e9ro vert le 11 11, relatifs \u00e0 des d\u00e9nonciations des atteintes aux droits de l\u2019enfant, entre la p\u00e9riode allant du mois de janvier\u00a0 a ce jeudi 14 novembre\u00a0\u00bb, selon Meriem Cherfi , d\u00e9l\u00e9gu\u00e9e nationale, pr\u00e9sidente de l\u2019Organe national de la protection et de la promotion de l\u2019enfance . Invit\u00e9e ce matin \u00e0 notre forum \u00e0 l\u2019 occasion de la journ\u00e9e internationale des droits des enfants f\u00eat\u00e9e le 20 novembre de chaque ann\u00e9e Mme Cherfi a pr\u00e9cis\u00e9 que \u00ab\u00a0son d\u00e9partement a re\u00e7u 626\u00a0459 signalements sur le num\u00e9ro vert\u00a0 11 11 dont 2144 cas d\u2019atteintes aux droits de l\u2019enfant\u00a0\u00bb. Ces signalements, dit-elle, sont li\u00e9s \u00e0 des cas de \u00ab\u00a0maltraitance, exploitation \u00e9conomique, mendicit\u00e9 ou incapacit\u00e9 des parents \u00e0 ma\u00eetriser les comportements de leurs enfants mineurs\u00a0\u00bb.Mme Cherfi a expliqu\u00e9 \u00e9galement qu\u2019\u00ab\u00a0une fois que notre \u00e9tablissement re\u00e7oit une d\u00e9nonciation sur la situation d\u2019un enfant en danger, il d\u00e9clenche imm\u00e9diatement une enqu\u00eate avant de pouvoir r\u00e9agir\u00a0\u00bb.<\/p>\n<p><strong>R\u00e9daction Web<\/strong><\/p>\n<p>Auteur: elmoudjahid<br \/>\n<a href=\"http:\/\/www.elmoudjahid.com\/fr\/actualites\/144603\">Cliquez ici pour lire l&rsquo;article depuis sa source.<\/a><\/p>\n","protected":false},"excerpt":{"rendered":"<p>\u00ab\u00a0L\u2019Organe national de la protection et de la promotion de l\u2019enfance a re\u00e7u plus d\u2019un demi-million d\u2019appels sur son num\u00e9ro vert le 11 11, relatifs \u00e0 des d\u00e9nonciations des atteintes aux droits de l\u2019enfant, entre la p\u00e9riode allant du mois de janvier\u00a0 a ce jeudi 14 novembre\u00a0\u00bb, selon Meriem Cherfi , d\u00e9l\u00e9gu\u00e9e nationale, pr\u00e9sidente de [&hellip;]<\/p>\n","protected":false},"author":1744,"featured_media":0,"comment_status":"closed","ping_status":"closed","sticky":false,"template":"","format":"standard","meta":{"fifu_image_url":"","fifu_image_alt":"","footnotes":""},"categories":[73,53],"tags":[],"class_list":["post-67751","post","type-post","status-publish","format-standard","hentry","category-actualite","category-algerie"],"_links":{"self":[{"href":"https:\/\/linitiative.ca\/International\/wp-json\/wp\/v2\/posts\/67751","targetHints":{"allow":["GET"]}}],"collection":[{"href":"https:\/\/linitiative.ca\/International\/wp-json\/wp\/v2\/posts"}],"about":[{"href":"https:\/\/linitiative.ca\/International\/wp-json\/wp\/v2\/types\/post"}],"author":[{"embeddable":true,"href":"https:\/\/linitiative.ca\/International\/wp-json\/wp\/v2\/users\/1744"}],"replies":[{"embeddable":true,"href":"https:\/\/linitiative.ca\/International\/wp-json\/wp\/v2\/comments?post=67751"}],"version-history":[{"count":0,"href":"https:\/\/linitiative.ca\/International\/wp-json\/wp\/v2\/posts\/67751\/revisions"}],"wp:attachment":[{"href":"https:\/\/linitiative.ca\/International\/wp-json\/wp\/v2\/media?parent=67751"}],"wp:term":[{"taxonomy":"category","embeddable":true,"href":"https:\/\/linitiative.ca\/International\/wp-json\/wp\/v2\/categories?post=67751"},{"taxonomy":"post_tag","embeddable":true,"href":"https:\/\/linitiative.ca\/International\/wp-json\/wp\/v2\/tags?post=67751"}],"curies":[{"name":"wp","href":"https:\/\/api.w.org\/{rel}","templated":true}]}}