{"id":67756,"date":"2019-11-17T11:13:19","date_gmt":"2019-11-17T16:13:19","guid":{"rendered":"https:\/\/linitiative.ca\/International\/97634-karate-coupe-de-france-2019-l-algerienne-ines-abid-en-or\/"},"modified":"2019-11-17T11:13:19","modified_gmt":"2019-11-17T16:13:19","slug":"97634-karate-coupe-de-france-2019-l-algerienne-ines-abid-en-or","status":"publish","type":"post","link":"https:\/\/linitiative.ca\/International\/97634-karate-coupe-de-france-2019-l-algerienne-ines-abid-en-or\/","title":{"rendered":"Karat\u00e9\/Coupe de France 2019  l&rsquo;Alg\u00e9rienne  In\u00e8s Abid en or"},"content":{"rendered":"<p><span class=\"sp-nh-title\">Pr\u00e9sidentielle du 12 d\u00e9cembre: Goudjil appelle les Alg\u00e9riens \u00e0 une participation massive \u00a0<\/span> &#8211; <span class=\"sp-nh-date\">dimanche 17 novembre 2019 19:56<\/span><\/p>\n<p><span class=\"sp-nh-title\">Beldjoud affirme que l\u2019Etat ne renoncera pas \u00e0 la r\u00e9alisation des programmes de logement<\/span> &#8211; <span class=\"sp-nh-date\">dimanche 17 novembre 2019 19:33<\/span><\/p>\n<p><span class=\"sp-nh-title\">Le ministre des Moudjahidine appelle \u00e0 la r\u00e9ussite du prochain rendez-vous \u00e9lectoral<\/span> &#8211; <span class=\"sp-nh-date\">dimanche 17 novembre 2019 18:23<\/span><\/p>\n<p><span class=\"sp-nh-title\">Chikhi: Il est n\u00e9cessaire d&rsquo;acc\u00e9l\u00e9rer la transformation des ressources \u00e9nerg\u00e9tiques localement<\/span> &#8211; <span class=\"sp-nh-date\">dimanche 17 novembre 2019 18:21<\/span><\/p>\n<p><span class=\"sp-nh-title\">L&rsquo;agence Alg\u00e9rie presse service lance sa Webtv<\/span> &#8211; <span class=\"sp-nh-date\">dimanche 17 novembre 2019 18:16<\/span><\/p>\n<p><span class=\"sp-nh-title\">Lutte contre l&rsquo;\u00e9migration clandestine: mise en place d\u2019une commission de coordination s\u00e9curitaire \u00e0 Tipasa<\/span> &#8211; <span class=\"sp-nh-date\">dimanche 17 novembre 2019 18:08<\/span><\/p>\n<p><span class=\"sp-nh-title\">Sahara occidental: grande manifestation en Espagne contre la d\u00e9claration de Madrid<\/span> &#8211; <span class=\"sp-nh-date\">dimanche 17 novembre 2019 18:02<\/span><\/p>\n<p><span class=\"sp-nh-title\">Air Alg\u00e9rie: le transfert lundi prochain des vols domestiques au Terminal 1<\/span> &#8211; <span class=\"sp-nh-date\">dimanche 17 novembre 2019 18:00<\/span><\/p>\n<p><span class=\"sp-nh-title\">Ouverture d\u2019une nouvelle ligne ferroviaire Annaba-Bordj Bou Arreridj<\/span> &#8211; <span class=\"sp-nh-date\">dimanche 17 novembre 2019 17:56<\/span><\/p>\n<p><span class=\"sp-nh-title\">Tamanrasset: l\u2019Etat a consacr\u00e9 des enveloppes colossales pour le d\u00e9veloppement dans le Sud<\/span> &#8211; <span class=\"sp-nh-date\">dimanche 17 novembre 2019 17:49<\/span><\/p>\n<p><span class=\"sp-nh-title\">Plus de 400.000 d\u00e9tenteurs de contrats de pr\u00e9-emploi seront r\u00e9gularis\u00e9s au cours des trois prochaines ann\u00e9es<\/span> &#8211; <span class=\"sp-nh-date\">dimanche 17 novembre 2019 17:44<\/span><\/p>\n<p><span class=\"sp-nh-title\">1er jour de campagne pour la pr\u00e9sidentielle: n\u00e9cessit\u00e9 d&rsquo;aller voter pour sortir le pays de la crise<\/span> &#8211; <span class=\"sp-nh-date\">dimanche 17 novembre 2019 17:44<\/span><\/p>\n<p><span class=\"sp-nh-title\">Bengrina entame sa campagne \u00e9lectorale par une activit\u00e9 de proximit\u00e9 \u00e0 Alger<\/span> &#8211; <span class=\"sp-nh-date\">dimanche 17 novembre 2019 17:36<\/span><\/p>\n<p><span class=\"sp-nh-title\">Des averses de pluie, parfois orageuses, annonc\u00e9es au Centre et \u00e0 l&rsquo;Ouest du pays<\/span> &#8211; <span class=\"sp-nh-date\">dimanche 17 novembre 2019 17:18<\/span><\/p>\n<p><span class=\"sp-nh-title\">Karat\u00e9\/Coupe de France 2019 l&rsquo;Alg\u00e9rienne In\u00e8s Abid en or<\/span> &#8211; <span class=\"sp-nh-date\">dimanche 17 novembre 2019 17:13<\/span><\/p>\n<p><span class=\"sp-nh-title\">Benflis appelle de Tlemcen \u00e0 la participation aux \u00e9lections pour \u00e9teindre la fitna<\/span> &#8211; <span class=\"sp-nh-date\">dimanche 17 novembre 2019 16:29<\/span><\/p>\n<p><span class=\"sp-nh-title\">Eau et assainissement: assurer un service public avant fin 2020<\/span> &#8211; <span class=\"sp-nh-date\">dimanche 17 novembre 2019 16:25<\/span><\/p>\n<p><span class=\"sp-nh-title\">Cyclisme \/ Africa-Tour 2019 : le club GS P\u00e9troliers retrouve son statut continental<\/span> &#8211; <span class=\"sp-nh-date\">dimanche 17 novembre 2019 14:57<\/span><\/p>\n<p><span class=\"sp-nh-title\">M&rsquo;sila: saisie de 475 qx de bl\u00e9 tendre destin\u00e9s \u00e0 la contrebande<\/span> &#8211; <span class=\"sp-nh-date\">dimanche 17 novembre 2019 14:54<\/span><\/p>\n<p><span class=\"sp-nh-title\">Diab\u00e8te : 5% seulement des diab\u00e9tiques ont besoin de m\u00e9dicaments innovants<\/span> &#8211; <span class=\"sp-nh-date\">dimanche 17 novembre 2019 14:08<\/span><\/p>\n<p>Auteur:<br \/>\n<a href=\"http:\/\/www.aps.dz\/sport\/97634-karate-coupe-de-france-2019-l-algerienne-ines-abid-en-or?utm_source=feedburner&#038;utm_medium=feed&#038;utm_campaign=Feed%3A+aps-sport+%28APS+-+SPORT%29\">Cliquez ici pour lire l&rsquo;article depuis sa source.<\/a><\/p>\n","protected":false},"excerpt":{"rendered":"<p>Pr\u00e9sidentielle du 12 d\u00e9cembre: Goudjil appelle les Alg\u00e9riens \u00e0 une participation massive \u00a0 &#8211; dimanche 17 novembre 2019 19:56 Beldjoud affirme que l\u2019Etat ne renoncera pas \u00e0 la r\u00e9alisation des programmes de logement &#8211; dimanche 17 novembre 2019 19:33 Le ministre des Moudjahidine appelle \u00e0 la r\u00e9ussite du prochain rendez-vous \u00e9lectoral &#8211; dimanche 17 novembre [&hellip;]<\/p>\n","protected":false},"author":1790,"featured_media":0,"comment_status":"closed","ping_status":"closed","sticky":false,"template":"","format":"standard","meta":{"fifu_image_url":"","fifu_image_alt":"","footnotes":""},"categories":[53,75],"tags":[],"class_list":["post-67756","post","type-post","status-publish","format-standard","hentry","category-algerie","category-sport"],"_links":{"self":[{"href":"https:\/\/linitiative.ca\/International\/wp-json\/wp\/v2\/posts\/67756","targetHints":{"allow":["GET"]}}],"collection":[{"href":"https:\/\/linitiative.ca\/International\/wp-json\/wp\/v2\/posts"}],"about":[{"href":"https:\/\/linitiative.ca\/International\/wp-json\/wp\/v2\/types\/post"}],"author":[{"embeddable":true,"href":"https:\/\/linitiative.ca\/International\/wp-json\/wp\/v2\/users\/1790"}],"replies":[{"embeddable":true,"href":"https:\/\/linitiative.ca\/International\/wp-json\/wp\/v2\/comments?post=67756"}],"version-history":[{"count":0,"href":"https:\/\/linitiative.ca\/International\/wp-json\/wp\/v2\/posts\/67756\/revisions"}],"wp:attachment":[{"href":"https:\/\/linitiative.ca\/International\/wp-json\/wp\/v2\/media?parent=67756"}],"wp:term":[{"taxonomy":"category","embeddable":true,"href":"https:\/\/linitiative.ca\/International\/wp-json\/wp\/v2\/categories?post=67756"},{"taxonomy":"post_tag","embeddable":true,"href":"https:\/\/linitiative.ca\/International\/wp-json\/wp\/v2\/tags?post=67756"}],"curies":[{"name":"wp","href":"https:\/\/api.w.org\/{rel}","templated":true}]}}