{"id":67771,"date":"2019-11-17T07:23:00","date_gmt":"2019-11-17T12:23:00","guid":{"rendered":"https:\/\/linitiative.ca\/International\/les-conseillers-de-kais-saied-a-linluc-ils-ont-declare-photos\/"},"modified":"2019-11-17T07:23:00","modified_gmt":"2019-11-17T12:23:00","slug":"les-conseillers-de-kais-saied-a-linluc-ils-ont-declare-photos","status":"publish","type":"post","link":"https:\/\/linitiative.ca\/International\/les-conseillers-de-kais-saied-a-linluc-ils-ont-declare-photos\/","title":{"rendered":"Les conseillers de Kais Saied, \u00e0 l\u2019INLUC : Ils ont d\u00e9clar\u00e9 ! (Photos)"},"content":{"rendered":"<p>Devoir accompli\u00a0! Conduits par le ministre-conseiller du pr\u00e9sident de la R\u00e9publique, Abderraouf Betbaieb, des membres de la nouvelle \u00e9quipe pr\u00e9sidentielle se sont rendus samedi apr\u00e8s-midi au si\u00e8ge de l\u2019INLUCC, pour d\u00e9poser leur d\u00e9claration de biens et d\u2019int\u00e9r\u00eats. Il s\u2019agit de Tarek Bettaieb, ambassadeur charg\u00e9 de la direction du cabinet, et des conseillers Nadia Akacha (Juridique), Mourad Halloumi (Administration \u2013 Finances), Khaled Yahyaoui (S\u00e9curit\u00e9) et Tarek Hannachi (Protocole). D\u2019autres membres du cabinet suivront.<\/p>\n<p>Le pr\u00e9sident de l\u2019INLUCC, le b\u00e2tonnier Chawki Tabib a saisi cette occasion pour leur pr\u00e9senter l\u2019\u00e9tat d\u2019avancement de la mission accomplie par l\u2019Instance, en soulignant les nouveaux d\u00e9fis \u00e0 relever dans la lutte contre la malversation et la lutte contre la corruption.<br \/>\u00a0<\/p>\n<p>Auteur:<br \/>\n<a href=\"https:\/\/www.leaders.com.tn\/article\/28433-les-conseillers-de-kais-saied-a-l-inluc-ils-ont-declare\">Cliquez ici pour lire l&rsquo;article depuis sa source.<\/a><\/p>\n","protected":false},"excerpt":{"rendered":"<p>Devoir accompli\u00a0! Conduits par le ministre-conseiller du pr\u00e9sident de la R\u00e9publique, Abderraouf Betbaieb, des membres de la nouvelle \u00e9quipe pr\u00e9sidentielle se sont rendus samedi apr\u00e8s-midi au si\u00e8ge de l\u2019INLUCC, pour d\u00e9poser leur d\u00e9claration de biens et d\u2019int\u00e9r\u00eats. Il s\u2019agit de Tarek Bettaieb, ambassadeur charg\u00e9 de la direction du cabinet, et des conseillers Nadia Akacha (Juridique), [&hellip;]<\/p>\n","protected":false},"author":1772,"featured_media":0,"comment_status":"closed","ping_status":"closed","sticky":false,"template":"","format":"standard","meta":{"fifu_image_url":"","fifu_image_alt":"","footnotes":""},"categories":[73,55],"tags":[],"class_list":["post-67771","post","type-post","status-publish","format-standard","hentry","category-actualite","category-tunisie"],"_links":{"self":[{"href":"https:\/\/linitiative.ca\/International\/wp-json\/wp\/v2\/posts\/67771","targetHints":{"allow":["GET"]}}],"collection":[{"href":"https:\/\/linitiative.ca\/International\/wp-json\/wp\/v2\/posts"}],"about":[{"href":"https:\/\/linitiative.ca\/International\/wp-json\/wp\/v2\/types\/post"}],"author":[{"embeddable":true,"href":"https:\/\/linitiative.ca\/International\/wp-json\/wp\/v2\/users\/1772"}],"replies":[{"embeddable":true,"href":"https:\/\/linitiative.ca\/International\/wp-json\/wp\/v2\/comments?post=67771"}],"version-history":[{"count":0,"href":"https:\/\/linitiative.ca\/International\/wp-json\/wp\/v2\/posts\/67771\/revisions"}],"wp:attachment":[{"href":"https:\/\/linitiative.ca\/International\/wp-json\/wp\/v2\/media?parent=67771"}],"wp:term":[{"taxonomy":"category","embeddable":true,"href":"https:\/\/linitiative.ca\/International\/wp-json\/wp\/v2\/categories?post=67771"},{"taxonomy":"post_tag","embeddable":true,"href":"https:\/\/linitiative.ca\/International\/wp-json\/wp\/v2\/tags?post=67771"}],"curies":[{"name":"wp","href":"https:\/\/api.w.org\/{rel}","templated":true}]}}