{"id":67774,"date":"2019-11-17T05:00:00","date_gmt":"2019-11-17T10:00:00","guid":{"rendered":"https:\/\/linitiative.ca\/International\/le-lait\/"},"modified":"2019-11-17T05:00:00","modified_gmt":"2019-11-17T10:00:00","slug":"le-lait","status":"publish","type":"post","link":"https:\/\/linitiative.ca\/International\/le-lait\/","title":{"rendered":"Le lait"},"content":{"rendered":"<p><strong>Comment me passer de lait\u00a0<\/strong><br \/>Pour les g\u00e2teaux comme pour le pain, vous pouvez remplacer le lait par du jus de fruit. Si vous avez besoin de lait ferment\u00e9, prenez du yaourt m\u00e9lang\u00e9 \u00e0 du lait ou de la cr\u00e8me dilu\u00e9e dans du lait et quelques gouttes de citron.\u00a0<br \/><strong>Comment conserver le lait\u00a0<\/strong><br \/>Pour qu&rsquo;il ne prenne pas toutes les odeurs du frigo, fermez herm\u00e9tiquement les bouteilles et les briques avec un bouchon, un trombone, une pince \u00e0 linge&#8230; Et s&rsquo;il est sur le point de tourner, utilisez-le vite pour une p\u00e2te.<br \/><strong>Une recette simple au lait\u00a0<\/strong><br \/>Le lait de poule : faites chauffer du lait. Ajouter un jaune d&rsquo;\u0153uf en battant efficacement (pour qu&rsquo;il ne fasse pas\u00a0 omelette) et sucrez le tout.<\/p>\n<p>Auteur:<br \/>\n<a href=\"https:\/\/www.lesoirdalgerie.com\/femme-magazine\/le-lait-33680\">Cliquez ici pour lire l&rsquo;article depuis sa source.<\/a><\/p>\n","protected":false},"excerpt":{"rendered":"<p>Comment me passer de lait\u00a0Pour les g\u00e2teaux comme pour le pain, vous pouvez remplacer le lait par du jus de fruit. Si vous avez besoin de lait ferment\u00e9, prenez du yaourt m\u00e9lang\u00e9 \u00e0 du lait ou de la cr\u00e8me dilu\u00e9e dans du lait et quelques gouttes de citron.\u00a0Comment conserver le lait\u00a0Pour qu&rsquo;il ne prenne pas [&hellip;]<\/p>\n","protected":false},"author":1741,"featured_media":0,"comment_status":"closed","ping_status":"closed","sticky":false,"template":"","format":"standard","meta":{"fifu_image_url":"","fifu_image_alt":"","footnotes":""},"categories":[73,53],"tags":[],"class_list":["post-67774","post","type-post","status-publish","format-standard","hentry","category-actualite","category-algerie"],"_links":{"self":[{"href":"https:\/\/linitiative.ca\/International\/wp-json\/wp\/v2\/posts\/67774","targetHints":{"allow":["GET"]}}],"collection":[{"href":"https:\/\/linitiative.ca\/International\/wp-json\/wp\/v2\/posts"}],"about":[{"href":"https:\/\/linitiative.ca\/International\/wp-json\/wp\/v2\/types\/post"}],"author":[{"embeddable":true,"href":"https:\/\/linitiative.ca\/International\/wp-json\/wp\/v2\/users\/1741"}],"replies":[{"embeddable":true,"href":"https:\/\/linitiative.ca\/International\/wp-json\/wp\/v2\/comments?post=67774"}],"version-history":[{"count":0,"href":"https:\/\/linitiative.ca\/International\/wp-json\/wp\/v2\/posts\/67774\/revisions"}],"wp:attachment":[{"href":"https:\/\/linitiative.ca\/International\/wp-json\/wp\/v2\/media?parent=67774"}],"wp:term":[{"taxonomy":"category","embeddable":true,"href":"https:\/\/linitiative.ca\/International\/wp-json\/wp\/v2\/categories?post=67774"},{"taxonomy":"post_tag","embeddable":true,"href":"https:\/\/linitiative.ca\/International\/wp-json\/wp\/v2\/tags?post=67774"}],"curies":[{"name":"wp","href":"https:\/\/api.w.org\/{rel}","templated":true}]}}