{"id":67775,"date":"2019-11-17T05:00:00","date_gmt":"2019-11-17T10:00:00","guid":{"rendered":"https:\/\/linitiative.ca\/International\/gateau-aux-raisins-secs\/"},"modified":"2019-11-17T05:00:00","modified_gmt":"2019-11-17T10:00:00","slug":"gateau-aux-raisins-secs","status":"publish","type":"post","link":"https:\/\/linitiative.ca\/International\/gateau-aux-raisins-secs\/","title":{"rendered":"G\u00e2teau aux raisins secs"},"content":{"rendered":"<p><em><strong>125 g de raisins secs, 3 \u0153ufs, 50 cl de lait, 20g de beurre, 4 c. \u00e0 soupe d&rsquo;eau de fleur d&rsquo;oranger, 5 c. \u00e0 soupe de farine, 3 c. \u00e0 soupe de sucre, 1\/2 c.\u00a0<\/strong><\/em><em><strong>\u00e0 caf\u00e9 de sel<\/strong><\/em><\/p>\n<p>\u00a0Faites mac\u00e9rer les raisins 1 heure dans l\u2019eau de fleur d&rsquo;oranger et pr\u00e9chauffez le four. Dans un saladier, m\u00e9langez la farine, le sel, le sucre et les \u0153ufs. Incorporez le lait ti\u00e8de au m\u00e9lange avec un batteur \u00e9lectrique pour obtenir une p\u00e2te lisse et fluide. Ajoutez les raisins et l\u2019eau de fleur d\u2019oranger et m\u00e9langez. Beurrez un plat \u00e0 four, versez la p\u00e2te dedans et mettez au four 1\u00a0 heure. Servez ti\u00e8de ou froid dans le plat de cuisson.<\/p>\n<p>Auteur:<br \/>\n<a href=\"https:\/\/www.lesoirdalgerie.com\/femme-magazine\/gateau-aux-raisins-secs-33679\">Cliquez ici pour lire l&rsquo;article depuis sa source.<\/a><\/p>\n","protected":false},"excerpt":{"rendered":"<p>125 g de raisins secs, 3 \u0153ufs, 50 cl de lait, 20g de beurre, 4 c. \u00e0 soupe d&rsquo;eau de fleur d&rsquo;oranger, 5 c. \u00e0 soupe de farine, 3 c. \u00e0 soupe de sucre, 1\/2 c.\u00a0\u00e0 caf\u00e9 de sel \u00a0Faites mac\u00e9rer les raisins 1 heure dans l\u2019eau de fleur d&rsquo;oranger et pr\u00e9chauffez le four. Dans [&hellip;]<\/p>\n","protected":false},"author":1741,"featured_media":0,"comment_status":"closed","ping_status":"closed","sticky":false,"template":"","format":"standard","meta":{"fifu_image_url":"","fifu_image_alt":"","footnotes":""},"categories":[73,53],"tags":[],"class_list":["post-67775","post","type-post","status-publish","format-standard","hentry","category-actualite","category-algerie"],"_links":{"self":[{"href":"https:\/\/linitiative.ca\/International\/wp-json\/wp\/v2\/posts\/67775","targetHints":{"allow":["GET"]}}],"collection":[{"href":"https:\/\/linitiative.ca\/International\/wp-json\/wp\/v2\/posts"}],"about":[{"href":"https:\/\/linitiative.ca\/International\/wp-json\/wp\/v2\/types\/post"}],"author":[{"embeddable":true,"href":"https:\/\/linitiative.ca\/International\/wp-json\/wp\/v2\/users\/1741"}],"replies":[{"embeddable":true,"href":"https:\/\/linitiative.ca\/International\/wp-json\/wp\/v2\/comments?post=67775"}],"version-history":[{"count":0,"href":"https:\/\/linitiative.ca\/International\/wp-json\/wp\/v2\/posts\/67775\/revisions"}],"wp:attachment":[{"href":"https:\/\/linitiative.ca\/International\/wp-json\/wp\/v2\/media?parent=67775"}],"wp:term":[{"taxonomy":"category","embeddable":true,"href":"https:\/\/linitiative.ca\/International\/wp-json\/wp\/v2\/categories?post=67775"},{"taxonomy":"post_tag","embeddable":true,"href":"https:\/\/linitiative.ca\/International\/wp-json\/wp\/v2\/tags?post=67775"}],"curies":[{"name":"wp","href":"https:\/\/api.w.org\/{rel}","templated":true}]}}