{"id":67778,"date":"2019-11-17T03:06:05","date_gmt":"2019-11-17T08:06:05","guid":{"rendered":"https:\/\/linitiative.ca\/International\/on-noubliera-jamais-la-var-au-hay-mohammadi\/"},"modified":"2019-11-17T03:06:05","modified_gmt":"2019-11-17T08:06:05","slug":"on-noubliera-jamais-la-var-au-hay-mohammadi","status":"publish","type":"post","link":"https:\/\/linitiative.ca\/International\/on-noubliera-jamais-la-var-au-hay-mohammadi\/","title":{"rendered":"On n\u2019oubliera jamais la VAR au Hay Mohammadi"},"content":{"rendered":"<p>Ne nous y trompons pas et notons-le en lettres d\u2019or dans le grand livre du football marocain. Ce qui s\u2019est pass\u00e9 samedi 9 novembre 2019 \u00e0 Tanger est quasiment un \u00e9v\u00e8nement de taille XXL, grandeur nature.<\/p>\n<div class=\"c10\"\/>\n<p>En demi-finale de la Coupe du Tr\u00f4ne, le TAS a \u00e9limin\u00e9 le DHJ et jouera sa premi\u00e8re finale pour ce club populaire au sens propre du terme.\u00a0<\/p>\n<p>Donc historique et populaire, deux qualificatifs qui vont bien \u00e0 cette r\u00e9ussite du TAS, ce Tihad bidaoui, issu du Hay Mohammadi, quartier dortoir pour les ouvriers recrut\u00e9s dans les usines et \u00e9tablissements industriels qui se sont \u00e9tablis \u00e0 A\u00efn Seba\u00e2 du temps du Protectorat.<\/p>\n<p>Dans ce quartier \u00e9loign\u00e9, \u00e0 l\u2019\u00e9poque, du centre de Casablanca et o\u00f9 fleurissaient les bidonvilles, jamais les difficult\u00e9s de la vie quotidienne n\u2019ont emp\u00each\u00e9 la s\u00e8ve du nationalisme militant de couler dans les veines de ses habitants.<\/p>\n<p>Il n\u2019est pas anodin que parmi les fondateurs du club on trouve un certain Abderrahman Yousfi, figure de la gauche marocaine et qui fut le Premier Ministre que l\u2019on sait. Si Yousfi sera \u00e0 Oujda, lundi 18 Novembre pour voir la finale de son club de c\u0153ur.<\/p>\n<p>Une finale qu\u2019un autre homme, une personnalit\u00e9 nationale aurait pu suivre aussi, si une terrible maladie ne le clouait au lit depuis de longues ann\u00e9es. On parle ici de Abderrazak Afilal dont le militantisme pour la classe ouvri\u00e8re ne peut \u00eatre contest\u00e9 par personne.\u00a0<\/p>\n<p>Afilal, fut un pr\u00e9sident tonitruant et vitup\u00e9rant (on vous dira plus loin pourquoi), dont la personnalit\u00e9 de syndicaliste allait comme un gant aux jeunes du Hay Mohammadi. Un Hay qui n\u2019a jamais oubli\u00e9 la visite que feu Mohammed V y effectua d\u00e8s son retour d\u2019exil, \u00e0 l\u2019aube de l\u2019ind\u00e9pendance, comme un hommage aux valeurs d\u00e9ploy\u00e9es dans un quartier o\u00f9, ne l\u2019oublions jamais, naquirent aussi les h\u00e9ros de Nass Al Ghiwane.<\/p>\n<p>Un quartier l\u00e9gendaire, je vous dis qui, jamais ne s\u2019offusqua d\u2019\u00eatre \u00e0 l\u2019ombre des \u00abgrands\u00bb de Casa, car il avait sa propre personnalit\u00e9 et ses propres couleurs qui longtemps, du temps de Larbi Zaouli, consistaient en une tunique blanche qui le fit comparer au R\u00e9al de Madrid.<\/p>\n<p>Comparaison exag\u00e9r\u00e9e et qui faisait bien rigoler les co\u00e9quipiers de Boucha\u00efb, feu Bouassa ou Meskini car souvent ils se passaient de primes de match et m\u00eame de ces fameuses primes de signatures qui, en d\u00e9but de saison, \u00e9taient incontournables dans beaucoup de clubs. Mais pas au TAS o\u00f9 on jouait pour le club, le Hay et sous la f\u00e9rule d\u2019un Larbi Zaouli qui parfois au Stade d\u2019Honneur, quand le TAS y recevait dans les ann\u00e9es 60 et 70, payait \u00e0 ses merveilleux joueurs une bouteille de limonade et juste le ticket de bus pour rentrer chez eux.<\/p>\n<p>Gr\u00e2ce \u00e0 Abderrazak Afilal, quand le jeu politique le mit \u00e0 la t\u00eate du Conseil Municipal, le TAS a eu son propre stade d\u00e9nomm\u00e9 Larbi Zaouli, et qui aujourd\u2019hui encore se dresse pr\u00e8s du cimeti\u00e8re Chouhada, \u00e0 A\u00efn Seba\u00e2, aussi d\u00e9sert et mort que le cimeti\u00e8re<\/p>\n<p>Au TAS, il y eut Bouassa, pro \u00e0 Lyon et qui mourut poignard\u00e9 dans une rixe un samedi soir \u00e0 Casa.<\/p>\n<p>Au TAS, il y a Ghazouani, l\u2019ailier gauche qui fit la passe d\u00e9cisive au rajaoui Houmane en Coupe du Monde 70 contre l\u2019Allemagne.<\/p>\n<p>Au TAS, il y a aussi le fantastique Mehdi, dont beaucoup, vu sa modestie, ont oubli\u00e9 qu\u2019il a \u00e9t\u00e9 l\u2019un des champions d\u2019Afrique de 1976.<\/p>\n<p>Au TAS, il y a eu un pr\u00e9sident Afilal, qui avait choisi d\u2019interdire les cam\u00e9ras de 2M sur \u00abson\u00bb stade estimant, que le partage des droits de retransmission n\u2019\u00e9tait pas clair. Bataille d\u2019avant-garde qui, tout en provoquant la r\u00e9action furibonde de la star Samira Sitail qui, professionnelle jusqu\u2019au bout des ongles, en fit une \u00e9mission sur les zones d\u2019ombre du sport national, oui bataille d\u2019avant-garde qui aujourd\u2019hui encore, 30 ans plus tard, peut \u00eatre appliqu\u00e9e \u00e0 la cha\u00eene Arryadia, si l\u2019on en juge par les banderoles affich\u00e9es \u00e7\u00e0 et l\u00e0 dans les tribunes marocaines.<\/p>\n<p>Revenons au TAS qui, comble de cette belle histoire, va \u00eatre le premier club marocain \u00e0 b\u00e9n\u00e9ficier de la technique de la VAR (Vid\u00e9o-Assistance-R\u00e9f\u00e9r\u00e9e) qui samedi, a \u00abvu\u00bb ce que ni l\u2019arbitre ni une grande partie du public ou des t\u00e9l\u00e9spectateurs n\u2019aura vu. Et ce fut le fameux p\u00e9nalty qui, \u00e0 la toute derni\u00e8re minute d\u2019un match de 2 heures, qualifia le TAS pour son exploit.<\/p>\n<p>Zaki et le DHJ peuvent r\u00e2ler tout ce qu\u2019ils peuvent, mais c\u2019est le TAS qui, ce 18 Novembre jouera \u00e0 Oujda une finale, que l\u2019on esp\u00e8re magnifique, et qui est d\u2019ores et d\u00e9j\u00e0 historique.<\/p>\n<p>Le Hassania d\u2019Agadir, superbe vainqueur du MAT (T\u00e9touan) dans l\u2019autre demi-finale, ferait bien de se m\u00e9fier de ce TAS o\u00f9 la passion, l\u2019engouement et l\u2019\u00e9lan qui l\u2019animent en cette finale \u00e0 Oujda, pourraient combler toutes les lacunes techniques ou physiques.<\/p>\n<p>Oui, le club gadiri parait favori sur le papier. Mais qui a dit que les pronostics se v\u00e9rifiaient en football. Sans g\u00e2cher la joie de nos amis gadiris (et m\u00eame si on en a beaucoup car ce club est des plus sympathiques) sur un match, un seul, interviennent souvent des choses que la raison ne contr\u00f4le pas \u00e0 l\u2019avance. C\u2019est plus que le cot\u00e9 psychologique, plus que la motivation, c\u2019est quelque chose d\u2019impalpable. Quelque chose qui plane dans l\u2019air et qui fait que, en un jour donn\u00e9, on arrive \u00e0 se transcender.<\/p>\n<p>Bonne chance \u00e0 tous, mais r\u00e9p\u00e9tons-le aux soi-disant\u00a0 favoris. Une \u00e9quipe avertie en vaut deux.<\/p>\n<p>Et il en faudra beaucoup pour passer sur les ambitions d\u2019un TAS qui peut \u00eatre \u00e9cras\u00e9 par la solennit\u00e9 de l\u2019\u00e9v\u00e8nement et le protocole sp\u00e9cial d\u2019une finale de Coupe du Tr\u00f4ne, comme il peut \u00eatre galvanis\u00e9 et alors devenir irr\u00e9sistible, comme samedi Zaki en a fait la douloureuse exp\u00e9rience.<\/p>\n<div class=\"c17\">\n<fieldset class=\"c16\">\n<legend><strong><span class=\"c11\">Challenge<\/span><span class=\"c12\">news<\/span><\/strong><\/legend>\n<div class=\"c15\">Le meilleur de Challenge s\u00e9lectionn\u00e9 par la r\u00e9daction :<\/p>\n<\/div>\n<\/fieldset>\n<\/div>\n<p>Auteur: Najib Salmi<br \/>\n<a href=\"https:\/\/www.challenge.ma\/on-noubliera-jamais-la-var-au-hay-mohammadi-123392\/\">Cliquez ici pour lire l&rsquo;article depuis sa source.<\/a><\/p>\n","protected":false},"excerpt":{"rendered":"<p>Ne nous y trompons pas et notons-le en lettres d\u2019or dans le grand livre du football marocain. Ce qui s\u2019est pass\u00e9 samedi 9 novembre 2019 \u00e0 Tanger est quasiment un \u00e9v\u00e8nement de taille XXL, grandeur nature. En demi-finale de la Coupe du Tr\u00f4ne, le TAS a \u00e9limin\u00e9 le DHJ et jouera sa premi\u00e8re finale pour [&hellip;]<\/p>\n","protected":false},"author":1787,"featured_media":0,"comment_status":"closed","ping_status":"closed","sticky":false,"template":"","format":"standard","meta":{"fifu_image_url":"","fifu_image_alt":"","footnotes":""},"categories":[78,54],"tags":[],"class_list":["post-67778","post","type-post","status-publish","format-standard","hentry","category-economie","category-maroc"],"_links":{"self":[{"href":"https:\/\/linitiative.ca\/International\/wp-json\/wp\/v2\/posts\/67778","targetHints":{"allow":["GET"]}}],"collection":[{"href":"https:\/\/linitiative.ca\/International\/wp-json\/wp\/v2\/posts"}],"about":[{"href":"https:\/\/linitiative.ca\/International\/wp-json\/wp\/v2\/types\/post"}],"author":[{"embeddable":true,"href":"https:\/\/linitiative.ca\/International\/wp-json\/wp\/v2\/users\/1787"}],"replies":[{"embeddable":true,"href":"https:\/\/linitiative.ca\/International\/wp-json\/wp\/v2\/comments?post=67778"}],"version-history":[{"count":0,"href":"https:\/\/linitiative.ca\/International\/wp-json\/wp\/v2\/posts\/67778\/revisions"}],"wp:attachment":[{"href":"https:\/\/linitiative.ca\/International\/wp-json\/wp\/v2\/media?parent=67778"}],"wp:term":[{"taxonomy":"category","embeddable":true,"href":"https:\/\/linitiative.ca\/International\/wp-json\/wp\/v2\/categories?post=67778"},{"taxonomy":"post_tag","embeddable":true,"href":"https:\/\/linitiative.ca\/International\/wp-json\/wp\/v2\/tags?post=67778"}],"curies":[{"name":"wp","href":"https:\/\/api.w.org\/{rel}","templated":true}]}}