{"id":67779,"date":"2019-11-17T14:47:18","date_gmt":"2019-11-17T19:47:18","guid":{"rendered":"https:\/\/linitiative.ca\/International\/tunisie-video-adem-mort-ejecte-par-des-agents-de-securite-dans-la-cage-dascenseur-dun-hotel\/"},"modified":"2019-11-17T14:47:18","modified_gmt":"2019-11-17T19:47:18","slug":"tunisie-video-adem-mort-ejecte-par-des-agents-de-securite-dans-la-cage-dascenseur-dun-hotel","status":"publish","type":"post","link":"https:\/\/linitiative.ca\/International\/tunisie-video-adem-mort-ejecte-par-des-agents-de-securite-dans-la-cage-dascenseur-dun-hotel\/","title":{"rendered":"Tunisie \u2013 VIDEO\u00a0: Adem mort \u00e9ject\u00e9 par des agents de s\u00e9curit\u00e9 dans la cage d\u2019ascenseur d\u2019un h\u00f4tel"},"content":{"rendered":"<div class=\"post-cont-in left relative\">\n<div class=\"swp_social_panel swp_horizontal_panel swp_flat_fresh swp_default_full_color swp_individual_full_color swp_other_full_color scale-100 scale-\" data-min-width=\"1100\" data-float-color=\"#ffffff\" data-float=\"none\" data-float-mobile=\"none\" data-transition=\"slide\">\n<div class=\"nc_tweetContainer swp_share_button total_shares total_sharesalt\"><span class=\"swp_count\">1K <span class=\"swp_label\">Partages<\/span><\/span><\/div>\n<\/div>\n<p>Le jeune Adem Boulifa, \u00e9tait un\u00a0 appr\u00e9ci\u00e9 de tout monde, pour sa bonne \u00e9ducation et sa gentillesse. Il \u00e9tait \u00e2g\u00e9 de 23 ans et \u00e9tait parti f\u00eater son anniversaire, en compagnie de son p\u00e8re et de ses amis, dans un Restaurant-Bar de la Capitale. Mal lui en prit, puisque le destin a mis sur son chemin un serveur, un peu trop sp\u00e9cial.\u00a0Ce dernier a eu un premier accrochage avec Adem. Puis les choses se sont calm\u00e9es suite \u00e0 l\u2019intervention du g\u00e9rant du local qui a affect\u00e9 \u00e0 la table de la victime, un autre serveur.<\/p>\n<div class=\"code-block code-block-1 c3\"><ins class=\"adsbygoogle c2\" data-ad-layout=\"in-article\" data-ad-format=\"fluid\" data-ad-client=\"ca-pub-2102118777505746\" data-ad-slot=\"7301775417\"\/> <\/div>\n<p>Le premier serveur qui ne voulait pas que \u00e7\u00e0 se termine ainsi, revint \u00e0 la charge, accompagn\u00e9 de ses coll\u00e8gues et des agents de s\u00e9curit\u00e9 du restaurant, qui s\u2019en sont pris au jeune homme et l\u2019ont extirp\u00e9 dehors, en le molestant. Son p\u00e8re et ses amis ont, eux aussi, \u00e9t\u00e9 renvoy\u00e9s du restaurant. En ne trouvant pas son fils dehors, le p\u00e8re a demand\u00e9 de ses nouvelles et les agents de s\u00e9curit\u00e9 lui ont r\u00e9pondu qu\u2019il \u00e9tait \u00e0 l\u2019int\u00e9rieur et qu\u2019on essayait d\u2019accommoder les choses et de le calmer.<\/p>\n<div class=\"code-block code-block-2 c3\"><ins class=\"adsbygoogle c2\" data-ad-layout=\"in-article\" data-ad-format=\"fluid\" data-ad-client=\"ca-pub-2102118777505746\" data-ad-slot=\"7301775417\"\/> <\/div>\n<p>Insistant pour rentrer , le p\u00e8re a \u00e9t\u00e9 inform\u00e9 que son fils a \u00e9t\u00e9 transf\u00e9r\u00e9 \u00e0 l\u2019h\u00f4pital. Courant l\u2019y rejoindre, le pauvre\u00a0homme a eu la confirmation du d\u00e9c\u00e8s de son fils, qui \u00e9tait commotionn\u00e9 de partout et portait des traces de violence.<\/p>\n<p>L\u2019enqu\u00eate r\u00e9v\u00e9la, par la suite qu\u2019en\u00a0bousculant le jeune homme, les gorilles du restaurant l\u2019ont pouss\u00e9 contre une\u00a0surface\u00a0en contre-plaqu\u00e9 qui cachait une cage d\u2019escalier en r\u00e9paration. Le jeune homme tomba ainsi dans le vide et se tua sur le coup.<br \/><iframe loading=\"lazy\" class=\"c4\" src=\"https:\/\/www.facebook.com\/plugins\/video.php?href=https%3A%2F%2Fwww.facebook.com%2Foabpv.equipe%2Fvideos%2F2480376622235383%2F&#038;show_text=0&#038;width=242\" width=\"242\" height=\"476\" frameborder=\"0\" scrolling=\"no\" allowfullscreen=\"allowfullscreen\">[embedded content]<\/iframe><\/p>\n<p><strong>Que se passe-t-il en Tunisie?<\/strong><br \/>Nous expliquons sur notre <a href=\"https:\/\/www.youtube.com\/channel\/UCRzypVq0B_yBad5eGrwBx0Q?sub_confirmation=1\" target=\"_blank\" rel=\"noopener noreferrer\">cha\u00eene YouTube<\/a> . <a href=\"https:\/\/www.youtube.com\/channel\/UCRzypVq0B_yBad5eGrwBx0Q?sub_confirmation=1\" target=\"_blank\" rel=\"noopener noreferrer\">Abonnez-vous!<\/a><\/p>\n<div class=\"mvp-org-wrap mvp-org-logo\" itemprop=\"publisher\" itemscope=\"\" itemtype=\"https:\/\/schema.org\/Organization\"><img decoding=\"async\" src=\"https:\/\/www.tunisienumerique.com\/wp-content\/uploads\/2017\/02\/logo_tunisie_numerique.png\"\/><\/div>\n<div class=\"swp_social_panel swp_horizontal_panel swp_flat_fresh swp_default_full_color swp_individual_full_color swp_other_full_color scale-100 scale-\" data-min-width=\"1100\" data-float-color=\"#ffffff\" data-float=\"none\" data-float-mobile=\"none\" data-transition=\"slide\">\n<div class=\"nc_tweetContainer swp_share_button total_shares total_sharesalt\"><span class=\"swp_count\">1K <span class=\"swp_label\">Partages<\/span><\/span><\/div>\n<\/div>\n<div class=\"mvp-related-posts left relative\">\n<h4 class=\"post-header\"><span class=\"post-header\">Lire aussi<\/span><\/h4>\n<\/div>\n<\/div>\n<p>Auteur: LM<br \/>\n<a href=\"https:\/\/www.tunisienumerique.com\/tunisie-video-adem-mort-ejecte-par-des-agents-de-securite-dans-la-cage-dascenseur-dun-hotel\/\">Cliquez ici pour lire l&rsquo;article depuis sa source.<\/a><\/p>\n","protected":false},"excerpt":{"rendered":"<p>1K Partages Le jeune Adem Boulifa, \u00e9tait un\u00a0 appr\u00e9ci\u00e9 de tout monde, pour sa bonne \u00e9ducation et sa gentillesse. Il \u00e9tait \u00e2g\u00e9 de 23 ans et \u00e9tait parti f\u00eater son anniversaire, en compagnie de son p\u00e8re et de ses amis, dans un Restaurant-Bar de la Capitale. Mal lui en prit, puisque le destin a mis [&hellip;]<\/p>\n","protected":false},"author":1789,"featured_media":67780,"comment_status":"closed","ping_status":"closed","sticky":false,"template":"","format":"standard","meta":{"fifu_image_url":"","fifu_image_alt":"","footnotes":""},"categories":[73,55],"tags":[],"class_list":["post-67779","post","type-post","status-publish","format-standard","has-post-thumbnail","hentry","category-actualite","category-tunisie"],"_links":{"self":[{"href":"https:\/\/linitiative.ca\/International\/wp-json\/wp\/v2\/posts\/67779","targetHints":{"allow":["GET"]}}],"collection":[{"href":"https:\/\/linitiative.ca\/International\/wp-json\/wp\/v2\/posts"}],"about":[{"href":"https:\/\/linitiative.ca\/International\/wp-json\/wp\/v2\/types\/post"}],"author":[{"embeddable":true,"href":"https:\/\/linitiative.ca\/International\/wp-json\/wp\/v2\/users\/1789"}],"replies":[{"embeddable":true,"href":"https:\/\/linitiative.ca\/International\/wp-json\/wp\/v2\/comments?post=67779"}],"version-history":[{"count":0,"href":"https:\/\/linitiative.ca\/International\/wp-json\/wp\/v2\/posts\/67779\/revisions"}],"wp:featuredmedia":[{"embeddable":true,"href":"https:\/\/linitiative.ca\/International\/wp-json\/"}],"wp:attachment":[{"href":"https:\/\/linitiative.ca\/International\/wp-json\/wp\/v2\/media?parent=67779"}],"wp:term":[{"taxonomy":"category","embeddable":true,"href":"https:\/\/linitiative.ca\/International\/wp-json\/wp\/v2\/categories?post=67779"},{"taxonomy":"post_tag","embeddable":true,"href":"https:\/\/linitiative.ca\/International\/wp-json\/wp\/v2\/tags?post=67779"}],"curies":[{"name":"wp","href":"https:\/\/api.w.org\/{rel}","templated":true}]}}