{"id":67781,"date":"2019-11-17T14:57:07","date_gmt":"2019-11-17T19:57:07","guid":{"rendered":"https:\/\/linitiative.ca\/International\/tunisie-image-kais-saied-tient-a-faire-prevaloir-ses-droits-et-ses-prerogatives\/"},"modified":"2019-11-17T14:57:07","modified_gmt":"2019-11-17T19:57:07","slug":"tunisie-image-kais-saied-tient-a-faire-prevaloir-ses-droits-et-ses-prerogatives","status":"publish","type":"post","link":"https:\/\/linitiative.ca\/International\/tunisie-image-kais-saied-tient-a-faire-prevaloir-ses-droits-et-ses-prerogatives\/","title":{"rendered":"Tunisie \u2013 IMAGE\u00a0: Ka\u00efs Sa\u00efed tient \u00e0 faire pr\u00e9valoir ses droits et ses pr\u00e9rogatives\u00a0!"},"content":{"rendered":"<div class=\"post-cont-in left relative\">\n<div class=\"swp_social_panel swp_horizontal_panel swp_flat_fresh swp_default_full_color swp_individual_full_color swp_other_full_color scale-100 scale-\" data-min-width=\"1100\" data-float-color=\"#ffffff\" data-float=\"none\" data-float-mobile=\"none\" data-transition=\"slide\">\n<div class=\"nc_tweetContainer swp_share_button total_shares total_sharesalt\"><span class=\"swp_count\">25 <span class=\"swp_label\">Partages<\/span><\/span><\/div>\n<\/div>\n<p>Dans la lettre remise par Ka\u00efs Sa\u00efed au chef du gouvernement charg\u00e9 par Ennahdha de former le prochain gouvernement, le pr\u00e9sident de a R\u00e9publique a tenu \u00e0 bien faire comprendre qu\u2019il entendait faire pr\u00e9valoir ses droits et ses pr\u00e9rogatives conform\u00e9ment aux dispositions de la Constitution.<\/p>\n<div class=\"code-block code-block-1 c3\"><ins class=\"adsbygoogle c2\" data-ad-layout=\"in-article\" data-ad-format=\"fluid\" data-ad-client=\"ca-pub-2102118777505746\" data-ad-slot=\"7301775417\"\/> <\/div>\n<p>En effet, dans une lettre manuscrite, Sa\u00efed a rappel\u00e9 \u00e0 Habib Jemli qu\u2019il\u00a0allait falloir prendre son avis et tenir compte de sa d\u00e9cision en ce qui concerne la nomination des ministres des Affaires Etrang\u00e8res et de la D\u00e9fense Nationale.<\/p>\n<div class=\"code-block code-block-2 c3\"><ins class=\"adsbygoogle c2\" data-ad-layout=\"in-article\" data-ad-format=\"fluid\" data-ad-client=\"ca-pub-2102118777505746\" data-ad-slot=\"7301775417\"\/> <\/div>\n<p><img loading=\"lazy\" decoding=\"async\" class=\"aligncenter size-full wp-image-475572\" src=\"https:\/\/www.tunisienumerique.com\/wp-content\/uploads\/2019\/11\/lettre-saied.jpg\" alt=\"\" width=\"684\" height=\"960\" srcset=\"https:\/\/www.tunisienumerique.com\/wp-content\/uploads\/2019\/11\/lettre-saied.jpg 684w, https:\/\/www.tunisienumerique.com\/wp-content\/uploads\/2019\/11\/lettre-saied-600x842.jpg 600w\" sizes=\"auto, (max-width: 684px) 100vw, 684px\"\/><\/p>\n<p><strong>Que se passe-t-il en Tunisie?<\/strong><br \/>Nous expliquons sur notre <a href=\"https:\/\/www.youtube.com\/channel\/UCRzypVq0B_yBad5eGrwBx0Q?sub_confirmation=1\" target=\"_blank\" rel=\"noopener noreferrer\">cha\u00eene YouTube<\/a> . <a href=\"https:\/\/www.youtube.com\/channel\/UCRzypVq0B_yBad5eGrwBx0Q?sub_confirmation=1\" target=\"_blank\" rel=\"noopener noreferrer\">Abonnez-vous!<\/a><\/p>\n<div class=\"mvp-org-wrap mvp-org-logo\" itemprop=\"publisher\" itemscope=\"\" itemtype=\"https:\/\/schema.org\/Organization\"><img decoding=\"async\" src=\"https:\/\/www.tunisienumerique.com\/wp-content\/uploads\/2017\/02\/logo_tunisie_numerique.png\"\/><\/div>\n<div class=\"swp_social_panel swp_horizontal_panel swp_flat_fresh swp_default_full_color swp_individual_full_color swp_other_full_color scale-100 scale-\" data-min-width=\"1100\" data-float-color=\"#ffffff\" data-float=\"none\" data-float-mobile=\"none\" data-transition=\"slide\">\n<div class=\"nc_tweetContainer swp_share_button total_shares total_sharesalt\"><span class=\"swp_count\">25 <span class=\"swp_label\">Partages<\/span><\/span><\/div>\n<\/div>\n<div class=\"mvp-related-posts left relative\">\n<h4 class=\"post-header\"><span class=\"post-header\">Lire aussi<\/span><\/h4>\n<\/div>\n<\/div>\n<p>Auteur: LM<br \/>\n<a href=\"https:\/\/www.tunisienumerique.com\/tunisie-image-kais-saied-tient-a-faire-prevaloir-ses-droits-et-ses-prerogatives\/\">Cliquez ici pour lire l&rsquo;article depuis sa source.<\/a><\/p>\n","protected":false},"excerpt":{"rendered":"<p>25 Partages Dans la lettre remise par Ka\u00efs Sa\u00efed au chef du gouvernement charg\u00e9 par Ennahdha de former le prochain gouvernement, le pr\u00e9sident de a R\u00e9publique a tenu \u00e0 bien faire comprendre qu\u2019il entendait faire pr\u00e9valoir ses droits et ses pr\u00e9rogatives conform\u00e9ment aux dispositions de la Constitution. En effet, dans une lettre manuscrite, Sa\u00efed a [&hellip;]<\/p>\n","protected":false},"author":1789,"featured_media":67782,"comment_status":"closed","ping_status":"closed","sticky":false,"template":"","format":"standard","meta":{"fifu_image_url":"","fifu_image_alt":"","footnotes":""},"categories":[73,55],"tags":[],"class_list":["post-67781","post","type-post","status-publish","format-standard","has-post-thumbnail","hentry","category-actualite","category-tunisie"],"_links":{"self":[{"href":"https:\/\/linitiative.ca\/International\/wp-json\/wp\/v2\/posts\/67781","targetHints":{"allow":["GET"]}}],"collection":[{"href":"https:\/\/linitiative.ca\/International\/wp-json\/wp\/v2\/posts"}],"about":[{"href":"https:\/\/linitiative.ca\/International\/wp-json\/wp\/v2\/types\/post"}],"author":[{"embeddable":true,"href":"https:\/\/linitiative.ca\/International\/wp-json\/wp\/v2\/users\/1789"}],"replies":[{"embeddable":true,"href":"https:\/\/linitiative.ca\/International\/wp-json\/wp\/v2\/comments?post=67781"}],"version-history":[{"count":0,"href":"https:\/\/linitiative.ca\/International\/wp-json\/wp\/v2\/posts\/67781\/revisions"}],"wp:featuredmedia":[{"embeddable":true,"href":"https:\/\/linitiative.ca\/International\/wp-json\/"}],"wp:attachment":[{"href":"https:\/\/linitiative.ca\/International\/wp-json\/wp\/v2\/media?parent=67781"}],"wp:term":[{"taxonomy":"category","embeddable":true,"href":"https:\/\/linitiative.ca\/International\/wp-json\/wp\/v2\/categories?post=67781"},{"taxonomy":"post_tag","embeddable":true,"href":"https:\/\/linitiative.ca\/International\/wp-json\/wp\/v2\/tags?post=67781"}],"curies":[{"name":"wp","href":"https:\/\/api.w.org\/{rel}","templated":true}]}}