{"id":67785,"date":"2019-11-17T15:34:23","date_gmt":"2019-11-17T20:34:23","guid":{"rendered":"https:\/\/linitiative.ca\/International\/tunisie-images-symbiose-exemplaire-entre-les-deux-tetes-de-lexecutif-quen-sera-t-il-avec-le-gouvernement-dennahdha\/"},"modified":"2019-11-17T15:34:23","modified_gmt":"2019-11-17T20:34:23","slug":"tunisie-images-symbiose-exemplaire-entre-les-deux-tetes-de-lexecutif-quen-sera-t-il-avec-le-gouvernement-dennahdha","status":"publish","type":"post","link":"https:\/\/linitiative.ca\/International\/tunisie-images-symbiose-exemplaire-entre-les-deux-tetes-de-lexecutif-quen-sera-t-il-avec-le-gouvernement-dennahdha\/","title":{"rendered":"Tunisie \u2013 IMAGES\u00a0: Symbiose exemplaire entre les deux t\u00eates de l\u2019ex\u00e9cutif. Qu\u2019en sera-t-il avec le gouvernement d\u2019Ennahdha\u00a0?"},"content":{"rendered":"<div class=\"post-cont-in left relative\">\n<div class=\"swp_social_panel swp_horizontal_panel swp_flat_fresh swp_default_full_color swp_individual_full_color swp_other_full_color scale-100 scale-\" data-min-width=\"1100\" data-float-color=\"#ffffff\" data-float=\"none\" data-float-mobile=\"none\" data-transition=\"slide\">\n<div class=\"nc_tweetContainer swp_share_button total_shares total_sharesalt\"><span class=\"swp_count\">17 <span class=\"swp_label\">Partages<\/span><\/span><\/div>\n<\/div>\n<p>Jamais les deux t\u00eates de l\u2019ex\u00e9cutif, en Tunisie n\u2019ont fonctionn\u00e9 avec une telle symbiose et une telle coordination. M\u00eame s\u2019il ne s\u2019agit d\u2019une p\u00e9riode transitoire, la collaboration entre le pr\u00e9sident \u00e9lu, Ka\u00efs Sa\u00efed et le chef du gouvernement sortant, Youssef Chahed, frise, selon de nombreux observateurs, la perfection.<\/p>\n<div class=\"code-block code-block-1 c3\"><ins class=\"adsbygoogle c2\" data-ad-layout=\"in-article\" data-ad-format=\"fluid\" data-ad-client=\"ca-pub-2102118777505746\" data-ad-slot=\"7301775417\"\/> <\/div>\n<p>En effet, les deux t\u00eates de l\u2019ex\u00e9cutif travaillent \u00e0 l\u2019unisson,\u00a0dans\u00a0une entente parfaite et une coordination exemplaire. L\u2019essentiel, dans cette relation c\u2019est que les affaires remarchent et les int\u00e9r\u00eats des citoyens respect\u00e9s et leurs besoins examin\u00e9s.<\/p>\n<div class=\"code-block code-block-2 c3\"><ins class=\"adsbygoogle c2\" data-ad-layout=\"in-article\" data-ad-format=\"fluid\" data-ad-client=\"ca-pub-2102118777505746\" data-ad-slot=\"7301775417\"\/> <\/div>\n<p>L\u2019exemple de cette coordination s\u2019est manifest\u00e9 \u00e0 travers l\u2019\u00e9pisode du groupe de repr\u00e9sentants de la soci\u00e9t\u00e9 civile de Gafsa, venu rencontrer le pr\u00e9sident Ka\u00efs Sa\u00efed, qui, apr\u00e8s les avoir \u00e9cout\u00e9 et compris leurs dol\u00e9ances, les envoya au chef du gouvernement qui s\u2019est mobilis\u00e9 pour satisfaire les demandes de ces personnes, conform\u00e9ment aux directives du pr\u00e9sident de la R\u00e9publique.<\/p>\n<p>L\u2019affaire ne s\u2019arr\u00eata pas l\u00e0, puisqu\u2019apr\u00e8s avoir rencontr\u00e9 Youssef Chahed, les jeunes de Gafsa sont revenus au palais de Carthage, accompagn\u00e9s par le chef du gouvernement qui r\u00e9f\u00e9ra au pr\u00e9sident des d\u00e9cisions prises en faveur de ces jeunes et de la r\u00e9gion en entier. Et ce retour de l\u2019information a \u00e9t\u00e9 immortalis\u00e9 par des photos de groupe r\u00e9unissant les jeunes de la r\u00e9gion et les deux t\u00eates de l\u2019ex\u00e9cutif.<\/p>\n<p>Pourvu qu\u2019on puisse retrouver cette m\u00eame symbiose entre Ka\u00efs sa\u00efed et le nouveau chef du gouvernement, choisi par Ennahdha, qui avait b\u00e2ti sa campagne \u00e9lectorale pour les l\u00e9gislatives sur la n\u00e9cessit\u00e9 de voter pour elle, afin de soutenir Ka\u00efs Sa\u00efed avec une ARP et un gouvernement qui lui seront favorables\u00a0!<\/p>\n<p><img loading=\"lazy\" decoding=\"async\" class=\"aligncenter size-full wp-image-475587\" src=\"https:\/\/www.tunisienumerique.com\/wp-content\/uploads\/2019\/11\/gaf2.jpg\" alt=\"\" width=\"480\" height=\"311\"\/><\/p>\n<p><img loading=\"lazy\" decoding=\"async\" class=\"aligncenter size-full wp-image-475588\" src=\"https:\/\/www.tunisienumerique.com\/wp-content\/uploads\/2019\/11\/gaf3.jpg\" alt=\"\" width=\"480\" height=\"357\"\/><\/p>\n<p><strong>Que se passe-t-il en Tunisie?<\/strong><br \/>Nous expliquons sur notre <a href=\"https:\/\/www.youtube.com\/channel\/UCRzypVq0B_yBad5eGrwBx0Q?sub_confirmation=1\" target=\"_blank\" rel=\"noopener noreferrer\">cha\u00eene YouTube<\/a> . <a href=\"https:\/\/www.youtube.com\/channel\/UCRzypVq0B_yBad5eGrwBx0Q?sub_confirmation=1\" target=\"_blank\" rel=\"noopener noreferrer\">Abonnez-vous!<\/a><\/p>\n<div class=\"mvp-org-wrap mvp-org-logo\" itemprop=\"publisher\" itemscope=\"\" itemtype=\"https:\/\/schema.org\/Organization\"><img decoding=\"async\" src=\"https:\/\/www.tunisienumerique.com\/wp-content\/uploads\/2017\/02\/logo_tunisie_numerique.png\"\/><\/div>\n<div class=\"swp_social_panel swp_horizontal_panel swp_flat_fresh swp_default_full_color swp_individual_full_color swp_other_full_color scale-100 scale-\" data-min-width=\"1100\" data-float-color=\"#ffffff\" data-float=\"none\" data-float-mobile=\"none\" data-transition=\"slide\">\n<div class=\"nc_tweetContainer swp_share_button total_shares total_sharesalt\"><span class=\"swp_count\">17 <span class=\"swp_label\">Partages<\/span><\/span><\/div>\n<\/div>\n<div class=\"mvp-related-posts left relative\">\n<h4 class=\"post-header\"><span class=\"post-header\">Lire aussi<\/span><\/h4>\n<\/div>\n<\/div>\n<p>Auteur: LM<br \/>\n<a href=\"https:\/\/www.tunisienumerique.com\/tunisie-images-symbiose-exemplaire-entre-les-deux-tetes-de-lexecutif-quen-sera-t-il-avec-le-gouvernement-dennahdha\/\">Cliquez ici pour lire l&rsquo;article depuis sa source.<\/a><\/p>\n","protected":false},"excerpt":{"rendered":"<p>17 Partages Jamais les deux t\u00eates de l\u2019ex\u00e9cutif, en Tunisie n\u2019ont fonctionn\u00e9 avec une telle symbiose et une telle coordination. M\u00eame s\u2019il ne s\u2019agit d\u2019une p\u00e9riode transitoire, la collaboration entre le pr\u00e9sident \u00e9lu, Ka\u00efs Sa\u00efed et le chef du gouvernement sortant, Youssef Chahed, frise, selon de nombreux observateurs, la perfection. En effet, les deux t\u00eates [&hellip;]<\/p>\n","protected":false},"author":1789,"featured_media":67786,"comment_status":"closed","ping_status":"closed","sticky":false,"template":"","format":"standard","meta":{"fifu_image_url":"","fifu_image_alt":"","footnotes":""},"categories":[73,55],"tags":[],"class_list":["post-67785","post","type-post","status-publish","format-standard","has-post-thumbnail","hentry","category-actualite","category-tunisie"],"_links":{"self":[{"href":"https:\/\/linitiative.ca\/International\/wp-json\/wp\/v2\/posts\/67785","targetHints":{"allow":["GET"]}}],"collection":[{"href":"https:\/\/linitiative.ca\/International\/wp-json\/wp\/v2\/posts"}],"about":[{"href":"https:\/\/linitiative.ca\/International\/wp-json\/wp\/v2\/types\/post"}],"author":[{"embeddable":true,"href":"https:\/\/linitiative.ca\/International\/wp-json\/wp\/v2\/users\/1789"}],"replies":[{"embeddable":true,"href":"https:\/\/linitiative.ca\/International\/wp-json\/wp\/v2\/comments?post=67785"}],"version-history":[{"count":0,"href":"https:\/\/linitiative.ca\/International\/wp-json\/wp\/v2\/posts\/67785\/revisions"}],"wp:featuredmedia":[{"embeddable":true,"href":"https:\/\/linitiative.ca\/International\/wp-json\/"}],"wp:attachment":[{"href":"https:\/\/linitiative.ca\/International\/wp-json\/wp\/v2\/media?parent=67785"}],"wp:term":[{"taxonomy":"category","embeddable":true,"href":"https:\/\/linitiative.ca\/International\/wp-json\/wp\/v2\/categories?post=67785"},{"taxonomy":"post_tag","embeddable":true,"href":"https:\/\/linitiative.ca\/International\/wp-json\/wp\/v2\/tags?post=67785"}],"curies":[{"name":"wp","href":"https:\/\/api.w.org\/{rel}","templated":true}]}}