{"id":67789,"date":"2019-11-17T15:35:18","date_gmt":"2019-11-17T20:35:18","guid":{"rendered":"https:\/\/linitiative.ca\/International\/reconciliation-nationale-les-chefs-coutumiers-souhaitent-etre-impliques\/"},"modified":"2019-11-17T15:35:18","modified_gmt":"2019-11-17T20:35:18","slug":"reconciliation-nationale-les-chefs-coutumiers-souhaitent-etre-impliques","status":"publish","type":"post","link":"https:\/\/linitiative.ca\/International\/reconciliation-nationale-les-chefs-coutumiers-souhaitent-etre-impliques\/","title":{"rendered":"R\u00e9conciliation nationale: les chefs coutumiers souhaitent \u00eatre impliqu\u00e9s"},"content":{"rendered":"<div class=\"td-post-featured-image\"><a href=\"https:\/\/i0.wp.com\/www.sidwaya.info\/wp-content\/uploads\/2019\/11\/chefcoutum.gif?fit=787%2C443&#038;ssl=1\" data-caption=\"\"><img loading=\"lazy\" decoding=\"async\" width=\"696\" height=\"392\" class=\"entry-thumb td-modal-image\" src=\"https:\/\/i0.wp.com\/www.sidwaya.info\/wp-content\/uploads\/2019\/11\/chefcoutum.gif?resize=696%2C392&#038;ssl=1\" alt=\"\" title=\"chefcoutum\"\/><\/a><\/div>\n<p><strong>Une d\u00e9l\u00e9gation de 11 chefs coutumiers de la r\u00e9gion du Centre-Sud, conduite par le Naaba Kiiba II de Manga et le chef de P\u00f4, le Pop\u00ea, a rendu une visite de courtoisie au Naaba Koom du Sanmatenga, le samedi 16 novembre 2019, \u00e0 Kaya.<\/strong><\/p>\n<p>Les autorit\u00e9s coutumi\u00e8res et religieuses des r\u00e9gions du Centre-Nord et Centre-Sud entendent s\u2019engager dans la recherche de solutions \u00e0 l\u2019ins\u00e9curit\u00e9. Pour ce faire, une d\u00e9l\u00e9gation de 11 chefs de canton et de village, conduite par le Naaba Kiiba II de Manga et le chef de P\u00f4, le Pop\u00ea, a effectu\u00e9 une visite de courtoisie au Naaba Koom du Sanmatenga, le samedi 16 novembre 2019, \u00e0 Kaya. Dans cette d\u00e9l\u00e9gation figure l\u2019\u00e9v\u00eaque de Manga, Gabriel Sayogo. \u00abNous sommes venus sur invitation du Naaba Koom pour qu\u2019ensemble nous puissions parler d\u2019une m\u00eame voix sur la situation difficile que conna\u00eet le pays\u00bb, a indiqu\u00e9 Naaba Kiiba II de Manga. Il a souhait\u00e9 que le gouvernement les associe \u00e0 toutes les initiatives de lutte contre les actes terroristes. \u00abDe par notre organisation et nos assises, nous avons un maillage complet du territoire national. Si on nous fait appel, je pense qu\u2019il y aura de bonnes initiatives\u00bb, a rassur\u00e9 le chef de la \u00abcit\u00e9 de l\u2019\u00e9pervier\u00bb. Quant au chef de canton de P\u00f4, il a invit\u00e9 les Burkinab\u00e8 \u00e0 la solidarit\u00e9. De son avis, il ne s\u2019agit pas d\u2019un probl\u00e8me de r\u00e9conciliation mais plut\u00f4t de paix. C\u2019est pourquoi, le Pop\u00ea a exhort\u00e9 les populations au renforcement de leur foi, afin que le pays retrouve sa paix d\u2019antan. Tout comme le Naaba Koom, le gouverneur du Centre-Nord, Casimir S\u00e9gu\u00e9da, a exprim\u00e9 sa joie. \u00abLa r\u00e9conciliation et l\u2019union des chefs coutumiers donneront un bon exemple \u00e0 la jeunesse pour le d\u00e9veloppement de notre pays et la lutte contre le terrorisme\u00bb, s\u2019est-il r\u00e9joui. Pour le ministre de l\u2019Energie, Bachir Isma\u00ebl Ou\u00e9draogo, cette visite prouve que c\u2019est dans l\u2019union et la coh\u00e9sion qu\u2019on arrivera \u00e0 construire le Burkina Faso. \u00abIl s\u2019agit \u00e9galement d\u2019un message fort \u00e0 l\u2019endroit de la jeunesse, afin que l\u2019on se donne la main pour un d\u00e9veloppement harmonieux\u00bb, a-t-il poursuivi. Le ministre Ou\u00e9draogo a mis l\u2019occasion \u00e0 profit pour inviter les autres r\u00e9gions qui ont connu de difficult\u00e9s \u00e0 embo\u00eeter le pas. \u00abNous devrons nous engager dans l\u2019apaisement des c\u0153urs pour une r\u00e9conciliation\u00bb, a fait savoir Bachir Isma\u00ebl Ou\u00e9draogo.<br \/>Pour joindre l\u2019acte \u00e0 la parole et enterrer la hache de guerre entre les deux chefs-lieux de r\u00e9gion \u00e0 la suite des violences cons\u00e9cutives \u00e0 un match entre les \u00e9quipes des deux chefs-lieux de r\u00e9gion en 1988 \u00e0 Manga, les deux parties pr\u00e9parent un match de r\u00e9conciliation dans la m\u00eame ville et \u00e9ventuellement avec les m\u00eames joueurs. La visite a \u00e9t\u00e9 aussi marqu\u00e9e par une remise de tee-shirts sign\u00e9s \u00abZoodo : Manga-Kaya\u00bb. \u00abZoodo symbolise l\u2019amiti\u00e9. Nous souhaitons renforcer le lien de fraternit\u00e9 qui existe entre les deux r\u00e9gions, afin de donner une voie \u00e0 suivre \u00e0 la g\u00e9n\u00e9ration future \u00bb, a expliqu\u00e9 le Naaba Kiiba II.<\/p>\n<p>Emil SEGDA<br \/>Segda9emil@gmail.com<\/p>\n<div class=\"td-a-rec td-a-rec-id-content_bottom tdi_30_d5d td_block_template_1\"><img loading=\"lazy\" decoding=\"async\" class=\"aligncenter size-full wp-image-9623\" src=\"https:\/\/www.sidwaya.info\/wp-content\/uploads\/2019\/06\/Projet-bannie%CC%80re-Orange-mobile.jpg\" alt=\"\" width=\"728\" height=\"81\"\/><\/div>\n<p>Auteur: BM. Sidwaya<br \/>\n<a href=\"https:\/\/www.sidwaya.info\/blog\/2019\/11\/17\/reconciliation-nationale-les-chefs-coutumiers-souhaitent-etre-impliques\/\">Cliquez ici pour lire l&rsquo;article depuis sa source.<\/a><\/p>\n","protected":false},"excerpt":{"rendered":"<p>Une d\u00e9l\u00e9gation de 11 chefs coutumiers de la r\u00e9gion du Centre-Sud, conduite par le Naaba Kiiba II de Manga et le chef de P\u00f4, le Pop\u00ea, a rendu une visite de courtoisie au Naaba Koom du Sanmatenga, le samedi 16 novembre 2019, \u00e0 Kaya. Les autorit\u00e9s coutumi\u00e8res et religieuses des r\u00e9gions du Centre-Nord et Centre-Sud [&hellip;]<\/p>\n","protected":false},"author":1816,"featured_media":0,"comment_status":"closed","ping_status":"closed","sticky":false,"template":"","format":"standard","meta":{"fifu_image_url":"","fifu_image_alt":"","footnotes":""},"categories":[73,81],"tags":[],"class_list":["post-67789","post","type-post","status-publish","format-standard","hentry","category-actualite","category-burkina-faso"],"_links":{"self":[{"href":"https:\/\/linitiative.ca\/International\/wp-json\/wp\/v2\/posts\/67789","targetHints":{"allow":["GET"]}}],"collection":[{"href":"https:\/\/linitiative.ca\/International\/wp-json\/wp\/v2\/posts"}],"about":[{"href":"https:\/\/linitiative.ca\/International\/wp-json\/wp\/v2\/types\/post"}],"author":[{"embeddable":true,"href":"https:\/\/linitiative.ca\/International\/wp-json\/wp\/v2\/users\/1816"}],"replies":[{"embeddable":true,"href":"https:\/\/linitiative.ca\/International\/wp-json\/wp\/v2\/comments?post=67789"}],"version-history":[{"count":0,"href":"https:\/\/linitiative.ca\/International\/wp-json\/wp\/v2\/posts\/67789\/revisions"}],"wp:attachment":[{"href":"https:\/\/linitiative.ca\/International\/wp-json\/wp\/v2\/media?parent=67789"}],"wp:term":[{"taxonomy":"category","embeddable":true,"href":"https:\/\/linitiative.ca\/International\/wp-json\/wp\/v2\/categories?post=67789"},{"taxonomy":"post_tag","embeddable":true,"href":"https:\/\/linitiative.ca\/International\/wp-json\/wp\/v2\/tags?post=67789"}],"curies":[{"name":"wp","href":"https:\/\/api.w.org\/{rel}","templated":true}]}}