{"id":67790,"date":"2019-11-17T15:36:05","date_gmt":"2019-11-17T20:36:05","guid":{"rendered":"https:\/\/linitiative.ca\/International\/quand-ca-pourrit-la-puanteur-se-repand\/"},"modified":"2019-11-17T15:36:05","modified_gmt":"2019-11-17T20:36:05","slug":"quand-ca-pourrit-la-puanteur-se-repand","status":"publish","type":"post","link":"https:\/\/linitiative.ca\/International\/quand-ca-pourrit-la-puanteur-se-repand\/","title":{"rendered":"\u00abQuand \u00e7a pourrit, la puanteur se r\u00e9pand\u00bb"},"content":{"rendered":"<p>\u00abQuand \u00e7a pourrit, la puanteur se r\u00e9pand\u00bb<\/p>\n<p>En Afrique, on caract\u00e9rise ainsi une situation de secret volontairement entretenu. L\u2019actualit\u00e9 nationale, r\u00e9gionale ou mondiale nous met dans la position du citoyen perplexe qui n\u2019a pas \u2026 le nez creux, qui n\u2019a pas d\u2019odorat pour sentir et voir venir!<br \/>Sommes-nous en Charybde?! Touchons du bois et que jamais n\u2019arrive Scylla !\u2026 Amen!<br \/>Les autorit\u00e9s nous rappellent le temps des R\u00e9volutionnaires qui ont cri\u00e9: \u00abIl n\u2019y a rien ! c\u2019est l\u2019homme qui a peur !..\u00bb. Il faut vivre d\u2019espoir et l\u2019espoir fait vivre! Pour ne pas c\u00e9der \u00e0 la morosit\u00e9 et \u00e0 la d\u00e9prime, ne pas \u2026 broyer du noir. Bien souvent, les \u00abhommes int\u00e8gres\u00bb vont puiser dans leur capital culturel de la plaisanterie aux vertus am\u00e8res et toniques.<br \/>A propos de parent\u00e9 \u00e0 plaisanterie, un \u00e9leveur peulh r\u00e9pliqua \u00e0 un Bobo qui m\u00e9prisait l\u2019alimentation du Foula qu\u2019\u00e0 sa connaissance, le ver marque la d\u00e9composition d\u2019un aliment rendu ipso facto impropre \u00e0 la consommation, fut-il chenille !\u2026<\/p>\n<p>Mounir<\/p>\n<div class=\"td-a-rec td-a-rec-id-content_bottom tdi_30_5c1 td_block_template_1\"><img loading=\"lazy\" decoding=\"async\" class=\"aligncenter size-full wp-image-9623\" src=\"https:\/\/www.sidwaya.info\/wp-content\/uploads\/2019\/06\/Projet-bannie%CC%80re-Orange-mobile.jpg\" alt=\"\" width=\"728\" height=\"81\"\/><\/div>\n<p>Auteur: BM. Sidwaya<br \/>\n<a href=\"https:\/\/www.sidwaya.info\/blog\/2019\/11\/17\/quand-ca-pourrit-la-puanteur-se-repand\/\">Cliquez ici pour lire l&rsquo;article depuis sa source.<\/a><\/p>\n","protected":false},"excerpt":{"rendered":"<p>\u00abQuand \u00e7a pourrit, la puanteur se r\u00e9pand\u00bb En Afrique, on caract\u00e9rise ainsi une situation de secret volontairement entretenu. L\u2019actualit\u00e9 nationale, r\u00e9gionale ou mondiale nous met dans la position du citoyen perplexe qui n\u2019a pas \u2026 le nez creux, qui n\u2019a pas d\u2019odorat pour sentir et voir venir!Sommes-nous en Charybde?! Touchons du bois et que jamais [&hellip;]<\/p>\n","protected":false},"author":1816,"featured_media":67791,"comment_status":"closed","ping_status":"closed","sticky":false,"template":"","format":"standard","meta":{"fifu_image_url":"","fifu_image_alt":"","footnotes":""},"categories":[73,81],"tags":[],"class_list":["post-67790","post","type-post","status-publish","format-standard","has-post-thumbnail","hentry","category-actualite","category-burkina-faso"],"_links":{"self":[{"href":"https:\/\/linitiative.ca\/International\/wp-json\/wp\/v2\/posts\/67790","targetHints":{"allow":["GET"]}}],"collection":[{"href":"https:\/\/linitiative.ca\/International\/wp-json\/wp\/v2\/posts"}],"about":[{"href":"https:\/\/linitiative.ca\/International\/wp-json\/wp\/v2\/types\/post"}],"author":[{"embeddable":true,"href":"https:\/\/linitiative.ca\/International\/wp-json\/wp\/v2\/users\/1816"}],"replies":[{"embeddable":true,"href":"https:\/\/linitiative.ca\/International\/wp-json\/wp\/v2\/comments?post=67790"}],"version-history":[{"count":0,"href":"https:\/\/linitiative.ca\/International\/wp-json\/wp\/v2\/posts\/67790\/revisions"}],"wp:featuredmedia":[{"embeddable":true,"href":"https:\/\/linitiative.ca\/International\/wp-json\/"}],"wp:attachment":[{"href":"https:\/\/linitiative.ca\/International\/wp-json\/wp\/v2\/media?parent=67790"}],"wp:term":[{"taxonomy":"category","embeddable":true,"href":"https:\/\/linitiative.ca\/International\/wp-json\/wp\/v2\/categories?post=67790"},{"taxonomy":"post_tag","embeddable":true,"href":"https:\/\/linitiative.ca\/International\/wp-json\/wp\/v2\/tags?post=67790"}],"curies":[{"name":"wp","href":"https:\/\/api.w.org\/{rel}","templated":true}]}}