{"id":67792,"date":"2019-11-17T15:46:55","date_gmt":"2019-11-17T20:46:55","guid":{"rendered":"https:\/\/linitiative.ca\/International\/lutte-contre-linsecurite-la-troika-des-partenaires-sengage\/"},"modified":"2019-11-17T15:46:55","modified_gmt":"2019-11-17T20:46:55","slug":"lutte-contre-linsecurite-la-troika-des-partenaires-sengage","status":"publish","type":"post","link":"https:\/\/linitiative.ca\/International\/lutte-contre-linsecurite-la-troika-des-partenaires-sengage\/","title":{"rendered":"Lutte contre l\u2019ins\u00e9curit\u00e9: la Tro\u00efka des partenaires s\u2019engage"},"content":{"rendered":"<div class=\"td-post-featured-image\"><a href=\"https:\/\/i1.wp.com\/www.sidwaya.info\/wp-content\/uploads\/2019\/11\/pmpreset18.gif?fit=787%2C393&#038;ssl=1\" data-caption=\"\"><img loading=\"lazy\" decoding=\"async\" width=\"696\" height=\"348\" class=\"entry-thumb td-modal-image\" src=\"https:\/\/i1.wp.com\/www.sidwaya.info\/wp-content\/uploads\/2019\/11\/pmpreset18.gif?resize=696%2C348&#038;ssl=1\" alt=\"\" title=\"pmpreset18\"\/><\/a><\/div>\n<p><strong>Le Premier ministre, Christophe Joseph Marie Dabir\u00e9, a re\u00e7u en audience, une d\u00e9l\u00e9gation de la tro\u00efka des partenaires techniques et financiers et de l\u2019Union europ\u00e9enne, le vendredi 15 novembre 2019 \u00e0 Ouagadougou. Les \u00e9changes ont port\u00e9 sur le renforcement de la d\u00e9mocratie et l\u2019aide humanitaire.<\/strong><\/p>\n<p>Face \u00e0 l\u2019ins\u00e9curit\u00e9, les membres de la Tro\u00efka des Partenaires techniques et financiers (PTF) et une d\u00e9l\u00e9gation de l\u2019Union europ\u00e9enne se sont engag\u00e9s \u00e0 accompagner le Burkina Faso. Ils ont \u00e9t\u00e9 re\u00e7us par le Premier ministre, Christophe Joseph Marie Dabir\u00e9, le vendredi 15 novembre 2019 \u00e0 Ouagadougou. Selon la pr\u00e9sidente des partenaires au d\u00e9veloppement au Burkina Faso, Metsi Makhetha, sa d\u00e9l\u00e9gation a adress\u00e9 au chef du gouvernement un message d\u2019encouragement au peuple burkinab\u00e8 et de consolidation de la d\u00e9mocratie en vue de renforcer l\u2019\u00e9tat de droit. Pour elle, cette d\u00e9mocratie doit se fonder sur la protection des droits des citoyens et la pr\u00e9servation de la libert\u00e9 d\u2019expression. \u00abNous sommes venus pr\u00e9senter au Premier ministre, l\u2019aide-m\u00e9moire de la Tro\u00efka du cycle 2018-2019. Et notre souhait est la tenue des \u00e9lections de 2020 dans des bonnes conditions\u00bb, a-t-elle argu\u00e9. Quant \u00e0 la directrice g\u00e9n\u00e9rale de l\u2019aide humanitaire de la Commission europ\u00e9enne, Monique Pariat, elle a rassur\u00e9 les autorit\u00e9s que des dispositions seront prises pour apporter une r\u00e9ponse \u00e0 la crise humanitaire. Elle a ajout\u00e9 que les pays membres de l\u2019UE ont d\u00e9j\u00e0 mobilis\u00e9 plus de 23 millions d\u2019euros pour soutenir les partenaires humanitaires dans la gestion des probl\u00e8mes li\u00e9s aux d\u00e9plac\u00e9s des zones victimes d\u2019ins\u00e9curit\u00e9. \u00abA Kaya, nous avons rencontr\u00e9 les autorit\u00e9s r\u00e9gionales, les d\u00e9plac\u00e9s, les populations d\u2019accueil et les autres acteurs pour \u00e9changer sur la prise en charge de leurs inqui\u00e9tudes\u00bb, a-t-elle pr\u00e9cis\u00e9. A ce niveau, elle a indiqu\u00e9 que l\u2019UE s\u2019est engag\u00e9e \u00e0 r\u00e9pondre \u00e0 leurs besoins li\u00e9s aux questions d\u2019\u00e9ducation et de sant\u00e9.<\/p>\n<p>Oumarou RABO<br \/>(Stagiaire)<\/p>\n<div class=\"td-a-rec td-a-rec-id-content_bottom tdi_30_11d td_block_template_1\"><img loading=\"lazy\" decoding=\"async\" class=\"aligncenter size-full wp-image-9623\" src=\"https:\/\/www.sidwaya.info\/wp-content\/uploads\/2019\/06\/Projet-bannie%CC%80re-Orange-mobile.jpg\" alt=\"\" width=\"728\" height=\"81\"\/><\/div>\n<p>Auteur: BM. Sidwaya<br \/>\n<a href=\"https:\/\/www.sidwaya.info\/blog\/2019\/11\/17\/lutte-contre-linsecurite-la-troika-des-partenaires-sengage\/\">Cliquez ici pour lire l&rsquo;article depuis sa source.<\/a><\/p>\n","protected":false},"excerpt":{"rendered":"<p>Le Premier ministre, Christophe Joseph Marie Dabir\u00e9, a re\u00e7u en audience, une d\u00e9l\u00e9gation de la tro\u00efka des partenaires techniques et financiers et de l\u2019Union europ\u00e9enne, le vendredi 15 novembre 2019 \u00e0 Ouagadougou. Les \u00e9changes ont port\u00e9 sur le renforcement de la d\u00e9mocratie et l\u2019aide humanitaire. Face \u00e0 l\u2019ins\u00e9curit\u00e9, les membres de la Tro\u00efka des Partenaires [&hellip;]<\/p>\n","protected":false},"author":1816,"featured_media":0,"comment_status":"closed","ping_status":"closed","sticky":false,"template":"","format":"standard","meta":{"fifu_image_url":"","fifu_image_alt":"","footnotes":""},"categories":[73,81],"tags":[],"class_list":["post-67792","post","type-post","status-publish","format-standard","hentry","category-actualite","category-burkina-faso"],"_links":{"self":[{"href":"https:\/\/linitiative.ca\/International\/wp-json\/wp\/v2\/posts\/67792","targetHints":{"allow":["GET"]}}],"collection":[{"href":"https:\/\/linitiative.ca\/International\/wp-json\/wp\/v2\/posts"}],"about":[{"href":"https:\/\/linitiative.ca\/International\/wp-json\/wp\/v2\/types\/post"}],"author":[{"embeddable":true,"href":"https:\/\/linitiative.ca\/International\/wp-json\/wp\/v2\/users\/1816"}],"replies":[{"embeddable":true,"href":"https:\/\/linitiative.ca\/International\/wp-json\/wp\/v2\/comments?post=67792"}],"version-history":[{"count":0,"href":"https:\/\/linitiative.ca\/International\/wp-json\/wp\/v2\/posts\/67792\/revisions"}],"wp:attachment":[{"href":"https:\/\/linitiative.ca\/International\/wp-json\/wp\/v2\/media?parent=67792"}],"wp:term":[{"taxonomy":"category","embeddable":true,"href":"https:\/\/linitiative.ca\/International\/wp-json\/wp\/v2\/categories?post=67792"},{"taxonomy":"post_tag","embeddable":true,"href":"https:\/\/linitiative.ca\/International\/wp-json\/wp\/v2\/tags?post=67792"}],"curies":[{"name":"wp","href":"https:\/\/api.w.org\/{rel}","templated":true}]}}