{"id":67793,"date":"2019-11-17T15:49:52","date_gmt":"2019-11-17T20:49:52","guid":{"rendered":"https:\/\/linitiative.ca\/International\/la-politique-exterieure-de-thomas-sankara-vue-par-un-diplomate\/"},"modified":"2019-11-17T15:49:52","modified_gmt":"2019-11-17T20:49:52","slug":"la-politique-exterieure-de-thomas-sankara-vue-par-un-diplomate","status":"publish","type":"post","link":"https:\/\/linitiative.ca\/International\/la-politique-exterieure-de-thomas-sankara-vue-par-un-diplomate\/","title":{"rendered":"La politique ext\u00e9rieure de Thomas Sankara vue par un diplomate"},"content":{"rendered":"<div class=\"td-post-featured-image\"><a href=\"https:\/\/i0.wp.com\/www.sidwaya.info\/wp-content\/uploads\/2019\/11\/sankara.gif?fit=787%2C590&#038;ssl=1\" data-caption=\"\"><img loading=\"lazy\" decoding=\"async\" width=\"696\" height=\"522\" class=\"entry-thumb td-modal-image\" src=\"https:\/\/i0.wp.com\/www.sidwaya.info\/wp-content\/uploads\/2019\/11\/sankara.gif?resize=696%2C522&#038;ssl=1\" alt=\"\" title=\"sankara\"\/><\/a><\/div>\n<p><strong>L\u2019ouvrage posthume : \u201cIntroduction \u00e0 la politique \u00e9trang\u00e8re du Burkina Faso. Tome 2: La politique \u00e9trang\u00e8re de Thomas Sankara: 1983 \u2013 1987\u201d, de Feu l\u2019ambassadeur Doulaye Corentin Ki a \u00e9t\u00e9 officiellement pr\u00e9sent\u00e9, le lundi 11 novembre 2019, \u00e0 Ouagadougou.<\/strong><\/p>\n<p>Haut fonctionnaire \u00e0 l\u2019Union africaine, d\u00e9l\u00e9gu\u00e9 du Burkina Faso \u00e0 l\u2019Assembl\u00e9e g\u00e9n\u00e9rale de l\u2019ONU, et directeur g\u00e9n\u00e9ral des Affaires politiques et juridiques au minist\u00e8re des Affaires \u00e9trang\u00e8res, entre autres, Feu l\u2019ambassadeur Doulaye Corentin Ki l\u00e8gue \u00e0 la post\u00e9rit\u00e9, et aux diplomates burkinab\u00e8, en particulier, un pan important de l\u2019histoire de la politique \u00e9trang\u00e8re du pays des Hommes int\u00e8gres. Apr\u00e8s \u201cIntroduction \u00e0 la politique \u00e9trang\u00e8re du Burkina Faso. Tome 1: La p\u00e9riode volta\u00efque, de l\u2019ind\u00e9pendance \u00e0 la r\u00e9volution d\u2019ao\u00fbt 1983\u201d, son second ouvrage consacr\u00e9 au m\u00eame sujet est disponible sur le march\u00e9 du livre. Intitul\u00e9e \u201cIntroduction \u00e0 la politique \u00e9trang\u00e8re du Burkina Faso. Tome 2: La politique \u00e9trang\u00e8re de Thomas Sankara: 1983 \u2013 1987\u201d, l\u2019\u0153uvre posthume a \u00e9t\u00e9 d\u00e9dicac\u00e9e, le lundi 11 novembre 2019 \u00e0 Ouagadougou, en pr\u00e9sence des membres de la famille, des amis et anciens collaborateurs du d\u00e9funt diplomate. Pr\u00e9fac\u00e9 par Pr Basile Guissou, le document, selon son pr\u00e9sentateur, M\u00e9l\u00e9gu\u00e9 Traor\u00e9, comprend 351 pages, et est subdivis\u00e9 en trois grandes parties: Le cadre de la politique \u00e9trang\u00e8re du Conseil national de la R\u00e9volution \u2013 CNR (l\u2019arriv\u00e9e au pouvoir du CNR, l\u2019organisation institutionnelle de la diplomatie); La mise en \u0153uvre de la politique \u00e9trang\u00e8re du CNR (les fondements de la politique r\u00e9volutionnaire, les relations bilat\u00e9rales en Afrique, la politique du CNR hors d\u2019Afrique, etc.); La politique multilat\u00e9rale du Burkina Faso r\u00e9volutionnaire (le Burkina Faso et le Mouvement des non-align\u00e9s, le CNR et les conf\u00e9rences France-Afrique, le Burkina Faso et la CEAO, etc.). A son avis, il s\u2019agit d\u2019un chef-d\u2019\u0153uvre de haute tenue scientifique. \u201cLa politique \u00e9trang\u00e8re est situ\u00e9e dans son contexte et d\u00e9cortiqu\u00e9e sur tous les plans. Son cheminement chronologique, ses structures organiques, ses interventions, ses performances et ses acquis. Toute personne qui veut comprendre les m\u00e9canismes de la politique ext\u00e9rieure de Thomas Sankara exploitera avec int\u00e9r\u00eat cet ouvrage du th\u00e9oricien et de l\u2019acteur de la diplomatie\u201d, a-t-il soulign\u00e9. Tout au long de l\u2019ouvrage est pr\u00e9sent, page par page, a ajout\u00e9 l\u2019ancien pr\u00e9sident de l\u2019Assembl\u00e9e nationale, le souffle de l\u2019intellectuel qui analyse, et du praticien \u00e0 l\u2019exp\u00e9rience confirm\u00e9e. \u201cC\u2019est un devoir de m\u00e9moire. Nous avons le devoir de promouvoir son h\u00e9ritage litt\u00e9raire. Corentin \u00e9tait un homme franc, courageux, et un patriote sinc\u00e8re. Il a toujours privil\u00e9gi\u00e9 l\u2019int\u00e9r\u00eat g\u00e9n\u00e9ral. Nous avons travaill\u00e9 avec lui pendant de nombreuses ann\u00e9es en bonne intelligence\u201d, a confi\u00e9 l\u2019un des membres du pr\u00e9sidium, le pr\u00e9sident du Haut conseil pour le dialogue social, Pr Domba Jean-Marc Palm. Au cours de la c\u00e9r\u00e9monie de d\u00e9dicace, de nombreux anciens ambassadeurs, et hommes politiques (M\u00e9l\u00e9gu\u00e9 Traor\u00e9, L\u00e9andre Bassol\u00e9, Bruno Zidwemba, Domba Jean-Marc Palm, etc.), ont \u00e9galement relat\u00e9 les temps forts de ces diff\u00e9rentes p\u00e9riodes et des anecdotes sur le p\u00e8re de la R\u00e9volution d\u2019ao\u00fbt 1983. \u201cCe fut des ann\u00e9es inoubliables. Cette p\u00e9riode de notre diplomatie a \u00e9t\u00e9 \u00e0 la fois riche et difficile. En d\u00e9pit de tout ce qui a \u00e9t\u00e9 dit sur son aust\u00e9rit\u00e9, et son intransigeance, le pr\u00e9sident Thomas Sankara faisait preuve souvent d\u2019un esprit d\u2019ouverture, et avait un grand sens de l\u2019\u00e9coute sur certaines questions\u201d, a t\u00e9moign\u00e9 l\u2019ambassadeur Bruno Zidwemba. Vendu au prix de 15 000 F CFA, \u201cIntroduction \u00e0 la politique \u00e9trang\u00e8re du Burkina Faso. Tome 2: La politique \u00e9trang\u00e8re de Thomas Sankara: 1983 \u2013 1987\u201d est disponible dans plusieurs librairies de la place (Jeunesse d\u2019Afrique, Diacfa, Mercury) et au centre parlementaire panafricain.<\/p>\n<p>W. Aubin NANA<\/p>\n<div class=\"td-a-rec td-a-rec-id-content_bottom tdi_30_cbb td_block_template_1\"><img loading=\"lazy\" decoding=\"async\" class=\"aligncenter size-full wp-image-9623\" src=\"https:\/\/www.sidwaya.info\/wp-content\/uploads\/2019\/06\/Projet-bannie%CC%80re-Orange-mobile.jpg\" alt=\"\" width=\"728\" height=\"81\"\/><\/div>\n<p>Auteur: BM. Sidwaya<br \/>\n<a href=\"https:\/\/www.sidwaya.info\/blog\/2019\/11\/17\/la-politique-exterieure-de-thomas-sankara-vue-par-un-diplomate\/\">Cliquez ici pour lire l&rsquo;article depuis sa source.<\/a><\/p>\n","protected":false},"excerpt":{"rendered":"<p>L\u2019ouvrage posthume : \u201cIntroduction \u00e0 la politique \u00e9trang\u00e8re du Burkina Faso. Tome 2: La politique \u00e9trang\u00e8re de Thomas Sankara: 1983 \u2013 1987\u201d, de Feu l\u2019ambassadeur Doulaye Corentin Ki a \u00e9t\u00e9 officiellement pr\u00e9sent\u00e9, le lundi 11 novembre 2019, \u00e0 Ouagadougou. Haut fonctionnaire \u00e0 l\u2019Union africaine, d\u00e9l\u00e9gu\u00e9 du Burkina Faso \u00e0 l\u2019Assembl\u00e9e g\u00e9n\u00e9rale de l\u2019ONU, et directeur [&hellip;]<\/p>\n","protected":false},"author":1816,"featured_media":0,"comment_status":"closed","ping_status":"closed","sticky":false,"template":"","format":"standard","meta":{"fifu_image_url":"","fifu_image_alt":"","footnotes":""},"categories":[73,81],"tags":[],"class_list":["post-67793","post","type-post","status-publish","format-standard","hentry","category-actualite","category-burkina-faso"],"_links":{"self":[{"href":"https:\/\/linitiative.ca\/International\/wp-json\/wp\/v2\/posts\/67793","targetHints":{"allow":["GET"]}}],"collection":[{"href":"https:\/\/linitiative.ca\/International\/wp-json\/wp\/v2\/posts"}],"about":[{"href":"https:\/\/linitiative.ca\/International\/wp-json\/wp\/v2\/types\/post"}],"author":[{"embeddable":true,"href":"https:\/\/linitiative.ca\/International\/wp-json\/wp\/v2\/users\/1816"}],"replies":[{"embeddable":true,"href":"https:\/\/linitiative.ca\/International\/wp-json\/wp\/v2\/comments?post=67793"}],"version-history":[{"count":0,"href":"https:\/\/linitiative.ca\/International\/wp-json\/wp\/v2\/posts\/67793\/revisions"}],"wp:attachment":[{"href":"https:\/\/linitiative.ca\/International\/wp-json\/wp\/v2\/media?parent=67793"}],"wp:term":[{"taxonomy":"category","embeddable":true,"href":"https:\/\/linitiative.ca\/International\/wp-json\/wp\/v2\/categories?post=67793"},{"taxonomy":"post_tag","embeddable":true,"href":"https:\/\/linitiative.ca\/International\/wp-json\/wp\/v2\/tags?post=67793"}],"curies":[{"name":"wp","href":"https:\/\/api.w.org\/{rel}","templated":true}]}}