{"id":67794,"date":"2019-11-17T15:52:35","date_gmt":"2019-11-17T20:52:35","guid":{"rendered":"https:\/\/linitiative.ca\/International\/eliminatoires-can-2021-soudan-du-sud-burkina-1-2\/"},"modified":"2019-11-17T15:52:35","modified_gmt":"2019-11-17T20:52:35","slug":"eliminatoires-can-2021-soudan-du-sud-burkina-1-2","status":"publish","type":"post","link":"https:\/\/linitiative.ca\/International\/eliminatoires-can-2021-soudan-du-sud-burkina-1-2\/","title":{"rendered":"Eliminatoires CAN 2021, Soudan  du Sud-Burkina (1-2)"},"content":{"rendered":"<div class=\"td-post-featured-image\"><a href=\"https:\/\/i0.wp.com\/www.sidwaya.info\/wp-content\/uploads\/2019\/11\/sportsid18.gif?fit=787%2C393&#038;ssl=1\" data-caption=\"\"><img loading=\"lazy\" decoding=\"async\" width=\"696\" height=\"348\" class=\"entry-thumb td-modal-image\" src=\"https:\/\/i0.wp.com\/www.sidwaya.info\/wp-content\/uploads\/2019\/11\/sportsid18.gif?resize=696%2C348&#038;ssl=1\" alt=\"\" title=\"sportsid18\"\/><\/a><\/div>\n<p><strong>En match comptant pour la 2e journ\u00e9e des \u00e9liminatoires de la CAN 2021, les Etalons, en d\u00e9placement \u00e0 Khartoum, ont battu hier dimanche 17 novembre, le Soudan du Sud sur le score de 2 buts \u00e0 1.<\/strong><\/p>\n<p>Le Burkina Faso se relance dans le groupe B des qualifications pour la phase finale de la CAN, Cameroun 2021, apr\u00e8s son nul mercredi dernier face \u00e0 l\u2019Ouganda. En effet, hier dimanche 17 novembre \u00e0 Khartoum, les poulains du coach Kamou Malo, ont d\u00e9fait (2-1) le Soudan du Sud en match comptant pour la 2e journ\u00e9e des \u00e9liminatoires. Les Etalons sont bien entr\u00e9s dans la partie en ouvrant le score d\u00e8s la 15e mn par son exp\u00e9riment\u00e9 buteur, Aristide Banc\u00e9. Le joueur du Horoya va signer son doubl\u00e9 dans le match \u00e0 la 32e mn. Les Etalons vont regagner les vestiaires avec une avance de deux buts au compteur. En seconde p\u00e9riode, les Sud Soudanais vont r\u00e9duire le score (67e) sur un lob qui a battu le portier burkinab\u00e8, Babayour\u00e9 Sawadogo.<br \/>Kamou Malo peut pousser un ouf de soulagement \u00e0 l\u2019issue de la partie. Il avait besoin de ces trois points pour se relancer dans son groupe. Pour ce match face \u00e0 la jeune nation du Soudan du Sud, le technicien burkinab\u00e8 avait op\u00e9r\u00e9 quelques changements dans son onze entrant, par rapport \u00e0 son match de mercredi dernier \u00e0 domicile. Bryan Dabo, Eric Traor\u00e9 et Franck Lassina Traor\u00e9 qui avaient \u00e9t\u00e9 titularis\u00e9s \u00e0 Ouagadougou face \u00e0 l\u2019Ouganda ont \u00e9t\u00e9 remplac\u00e9s par Alain Traor\u00e9, Zakaria Sanogo et Aristide Banc\u00e9 install\u00e9s en pointe.<br \/>Dans l\u2019autre match du groupe, les Cranes de l\u2019Ouganda, \u00e0 domicile, ont battu les Flammes du Malawi sur le score de 2 buts \u00e0 0. L\u2019Ouganda s\u2019empare donc la t\u00eate de la poule B avec 4 points (+2), le Burkina est 2e, avec 4 points (+1). Suivent le Malawi 3e avec 3 points (-1) et le Soudan du Sud, 0 point (-2). La 3e journ\u00e9e se disputera en ao\u00fbt 2020 et les Etalons auront une double confrontation (le 31 ao\u00fbt et le 4 septembre) face aux Flammes du Malawi.<\/p>\n<p>Si\u00e9 Simplice HIEN<\/p>\n<div class=\"td-a-rec td-a-rec-id-content_bottom tdi_30_d9d td_block_template_1\"><img loading=\"lazy\" decoding=\"async\" class=\"aligncenter size-full wp-image-9623\" src=\"https:\/\/www.sidwaya.info\/wp-content\/uploads\/2019\/06\/Projet-bannie%CC%80re-Orange-mobile.jpg\" alt=\"\" width=\"728\" height=\"81\"\/><\/div>\n<p>Auteur: BM. Sidwaya<br \/>\n<a href=\"https:\/\/www.sidwaya.info\/blog\/2019\/11\/17\/eliminatoires-can-2021-soudan-du-sud-burkina-1-2\/\">Cliquez ici pour lire l&rsquo;article depuis sa source.<\/a><\/p>\n","protected":false},"excerpt":{"rendered":"<p>En match comptant pour la 2e journ\u00e9e des \u00e9liminatoires de la CAN 2021, les Etalons, en d\u00e9placement \u00e0 Khartoum, ont battu hier dimanche 17 novembre, le Soudan du Sud sur le score de 2 buts \u00e0 1. Le Burkina Faso se relance dans le groupe B des qualifications pour la phase finale de la CAN, [&hellip;]<\/p>\n","protected":false},"author":1816,"featured_media":0,"comment_status":"closed","ping_status":"closed","sticky":false,"template":"","format":"standard","meta":{"fifu_image_url":"","fifu_image_alt":"","footnotes":""},"categories":[73,81],"tags":[],"class_list":["post-67794","post","type-post","status-publish","format-standard","hentry","category-actualite","category-burkina-faso"],"_links":{"self":[{"href":"https:\/\/linitiative.ca\/International\/wp-json\/wp\/v2\/posts\/67794","targetHints":{"allow":["GET"]}}],"collection":[{"href":"https:\/\/linitiative.ca\/International\/wp-json\/wp\/v2\/posts"}],"about":[{"href":"https:\/\/linitiative.ca\/International\/wp-json\/wp\/v2\/types\/post"}],"author":[{"embeddable":true,"href":"https:\/\/linitiative.ca\/International\/wp-json\/wp\/v2\/users\/1816"}],"replies":[{"embeddable":true,"href":"https:\/\/linitiative.ca\/International\/wp-json\/wp\/v2\/comments?post=67794"}],"version-history":[{"count":0,"href":"https:\/\/linitiative.ca\/International\/wp-json\/wp\/v2\/posts\/67794\/revisions"}],"wp:attachment":[{"href":"https:\/\/linitiative.ca\/International\/wp-json\/wp\/v2\/media?parent=67794"}],"wp:term":[{"taxonomy":"category","embeddable":true,"href":"https:\/\/linitiative.ca\/International\/wp-json\/wp\/v2\/categories?post=67794"},{"taxonomy":"post_tag","embeddable":true,"href":"https:\/\/linitiative.ca\/International\/wp-json\/wp\/v2\/tags?post=67794"}],"curies":[{"name":"wp","href":"https:\/\/api.w.org\/{rel}","templated":true}]}}