{"id":67795,"date":"2019-11-17T14:18:03","date_gmt":"2019-11-17T19:18:03","guid":{"rendered":"https:\/\/linitiative.ca\/International\/la-prime-dassurance-des-medias-prives-de-cote-divoire-reajustee-a-20-500-fcfa\/"},"modified":"2019-11-17T14:18:03","modified_gmt":"2019-11-17T19:18:03","slug":"la-prime-dassurance-des-medias-prives-de-cote-divoire-reajustee-a-20-500-fcfa","status":"publish","type":"post","link":"https:\/\/linitiative.ca\/International\/la-prime-dassurance-des-medias-prives-de-cote-divoire-reajustee-a-20-500-fcfa\/","title":{"rendered":"La prime d\u2019assurance des m\u00e9dias priv\u00e9s de C\u00f4te d\u2019Ivoire r\u00e9ajust\u00e9e \u00e0 20 500 Fcfa"},"content":{"rendered":"<div readability=\"32\">\n<p>Publi\u00e9 le 17.11.2019 \u00e0 20h18 par APA News<\/p>\n<\/div>\n<div readability=\"93\">\n<p>La Mutuelle g\u00e9n\u00e9rale des agents des m\u00e9dias priv\u00e9s de C\u00f4te d\u2019Ivoire (MS-M\u00e9dias) a \u00e9t\u00e9 r\u00e9ajust\u00e9e passant de 15 000 \u00e0 20 500 Fcfa par mois pour tenir compte de l\u2019augmentation des prestations m\u00e9dicales entr\u00e9e en vigueur depuis d\u00e9but 2019.Cette d\u00e9cision a \u00e9t\u00e9 arr\u00eat\u00e9e au terme d\u2019une Assembl\u00e9e g\u00e9n\u00e9rale ordinaire de la MS-M\u00e9dias tenue les 15, 16 et 17 novembre 2019 \u00e0 Grand-Bassam, une cit\u00e9 baln\u00e9aire situ\u00e9e \u00e0 40 Km au Sud-Est d\u2019Abidjan.<\/p>\n<p>\u00ab Apr\u00e8s deux ann\u00e9es de d\u00e9l\u00e9gation de gestion de son principal produit, \u00e0 savoir l\u2019Assurance maladie, la Mutuelle g\u00e9n\u00e9rale des agents des m\u00e9dias priv\u00e9s de C\u00f4te d\u2019Ivoire, a d\u00e9cid\u00e9 de passer \u00e0 une autonomie de gestion en 2020 \u00bb, explique le pr\u00e9sident de la MS-M\u00e9dias, Sindou Ciss\u00e9, ajoutant que \u00ab les outils de cette gestion \u00bb ont \u00e9t\u00e9 adopt\u00e9s par les d\u00e9l\u00e9gu\u00e9s de la mutuelle.<\/p>\n<p>La prime de 20 500 Fcfa demeure toutefois la meilleure offre sur le march\u00e9 \u00e0 l\u2019heure actuelle, fait observer la MS-M\u00e9dias dont une \u00e9tude de faisabilit\u00e9 avant son lancement en 2018 avait d\u00e9j\u00e0 pr\u00e9vue une prime de 20 175 Fcfa par mois avant m\u00eame l\u2019augmentation g\u00e9n\u00e9ralis\u00e9e des co\u00fbts des prestations. \u00a0\u00a0<\/p>\n<p>\u00abCet ajustement tient compte \u00e9galement des consommations des adh\u00e9rents qui d\u00e9passent largement leurs cotisations annuelles \u00bb, soulignent les conclusions de l\u2019Assembl\u00e9e g\u00e9n\u00e9rale de la mutuelle.<\/p>\n<p>Pour mieux contr\u00f4ler son budget, la MS-M\u00e9dias a d\u00e9cid\u00e9 de la mise en place d\u2019un Comit\u00e9 qui travaillera pour la mise en place d\u2019un Centre de r\u00e9f\u00e9rence. A l\u2019avenir, avec son op\u00e9rationnalisation, les malades devront d\u2019abord s\u2019adresser \u00e0 ce centre dirig\u00e9 par un m\u00e9decin-conseil qui les orientera vers un \u00e9tablissement conventionn\u00e9 selon la n\u00e9cessit\u00e9 de la maladie.\u00a0<\/p>\n<p>La MS-M\u00e9dias, \u00a0au cours de sa premi\u00e8re ann\u00e9e d\u2019exercice, a b\u00e9n\u00e9fici\u00e9 d\u2019appuis des pouvoirs publics \u00e0 travers le Fonds de soutien et de d\u00e9veloppement de la presse (FSDP), une entit\u00e9 mise en place par l\u2019Etat ivoirien pour accompagner le secteur des m\u00e9dias.<\/p>\n<p>En vue de la p\u00e9rennit\u00e9 de cet instrument qui rassure les travailleurs du secteur et leurs familles dans un contexte \u00e9conomique difficile pour les entreprises de presse, les d\u00e9l\u00e9gu\u00e9s ont demand\u00e9 aux pouvoirs publics de revoir \u00e0 la hausse la subvention accord\u00e9e \u00e0 la MS-m\u00e9dias pour passer de 100 millions \u00e0 200 millions Fcfa par an. \u00a0<\/p>\n<p>L\u2019Assembl\u00e9e g\u00e9n\u00e9rale a adopt\u00e9 le budget pour l\u2019exercice 2020 qui s\u2019\u00e9quilibre en recettes et charges \u00e0 261 000 000 de Fcfa. La prime d\u2019assurance de 20 500 Fcfa entre en vigueur d\u00e8s janvier 2020. \u00a0<\/p>\n<p>En juin dernier, statuant sur le bilan de l\u2019exercice 2018, une Assembl\u00e9e g\u00e9n\u00e9rale a relev\u00e9 d\u2019importants acquis pour l\u2019instrument social que se veut la Ms-M\u00e9dias pour les travailleurs du secteur priv\u00e9 de la presse et leurs familles, mais elle a aussi constat\u00e9 l\u2019urgence pour cette jeune mutuelle de prendre des mesures pour parvenir \u00e0 un \u00e9quilibre entre ses ressources propres et ses charges, et mieux pour constituer des r\u00e9serves indispensables \u00e0 sa p\u00e9rennit\u00e9.<\/p>\n<\/div>\n<p>Auteur: APA News<br \/>\n<a href=\"https:\/\/www.journalducameroun.com\/la-prime-dassurance-des-medias-prives-de-cote-divoire-reajustee-a-20-500-fcfa\/\">Cliquez ici pour lire l&rsquo;article depuis sa source.<\/a><\/p>\n","protected":false},"excerpt":{"rendered":"<p>Publi\u00e9 le 17.11.2019 \u00e0 20h18 par APA News La Mutuelle g\u00e9n\u00e9rale des agents des m\u00e9dias priv\u00e9s de C\u00f4te d\u2019Ivoire (MS-M\u00e9dias) a \u00e9t\u00e9 r\u00e9ajust\u00e9e passant de 15 000 \u00e0 20 500 Fcfa par mois pour tenir compte de l\u2019augmentation des prestations m\u00e9dicales entr\u00e9e en vigueur depuis d\u00e9but 2019.Cette d\u00e9cision a \u00e9t\u00e9 arr\u00eat\u00e9e au terme d\u2019une Assembl\u00e9e [&hellip;]<\/p>\n","protected":false},"author":1965,"featured_media":0,"comment_status":"closed","ping_status":"closed","sticky":false,"template":"","format":"standard","meta":{"fifu_image_url":"","fifu_image_alt":"","footnotes":""},"categories":[73,82],"tags":[],"class_list":["post-67795","post","type-post","status-publish","format-standard","hentry","category-actualite","category-cameroun"],"_links":{"self":[{"href":"https:\/\/linitiative.ca\/International\/wp-json\/wp\/v2\/posts\/67795","targetHints":{"allow":["GET"]}}],"collection":[{"href":"https:\/\/linitiative.ca\/International\/wp-json\/wp\/v2\/posts"}],"about":[{"href":"https:\/\/linitiative.ca\/International\/wp-json\/wp\/v2\/types\/post"}],"author":[{"embeddable":true,"href":"https:\/\/linitiative.ca\/International\/wp-json\/wp\/v2\/users\/1965"}],"replies":[{"embeddable":true,"href":"https:\/\/linitiative.ca\/International\/wp-json\/wp\/v2\/comments?post=67795"}],"version-history":[{"count":0,"href":"https:\/\/linitiative.ca\/International\/wp-json\/wp\/v2\/posts\/67795\/revisions"}],"wp:attachment":[{"href":"https:\/\/linitiative.ca\/International\/wp-json\/wp\/v2\/media?parent=67795"}],"wp:term":[{"taxonomy":"category","embeddable":true,"href":"https:\/\/linitiative.ca\/International\/wp-json\/wp\/v2\/categories?post=67795"},{"taxonomy":"post_tag","embeddable":true,"href":"https:\/\/linitiative.ca\/International\/wp-json\/wp\/v2\/tags?post=67795"}],"curies":[{"name":"wp","href":"https:\/\/api.w.org\/{rel}","templated":true}]}}